{"id":1092,"date":"2020-06-16T10:04:56","date_gmt":"2020-06-16T09:04:56","guid":{"rendered":"https:\/\/johannes-sieber.ch\/move\/?p=1092"},"modified":"2020-06-22T14:39:39","modified_gmt":"2020-06-22T13:39:39","slug":"nationalrat-laesst-clubs-im-stich","status":"publish","type":"post","link":"https:\/\/www.johannes-sieber.ch\/move\/nationalrat-laesst-clubs-im-stich\/","title":{"rendered":"Nationalrat l\u00e4sst Clubs h\u00e4ngen"},"content":{"rendered":"\n<p>Nach dem Bundesrat l\u00e4sst auch die Mehrheit im Nationalrat Live-Venues, Clubs, Restaurants und Bars im Stich: Heute kippte der Nationalrat die Motion, die diesen Missstand h\u00e4tte korrigieren k\u00f6nnen.<\/p>\n\n\n\n<p>Der Bundesrat hat im Mai 2020 die Kurzarbeitsentsch\u00e4digung f\u00fcr Teilhaber und die EO f\u00fcr Selbstst\u00e4ndigerwerbende auf 1. Juni 2020 gestrichen. Auch f\u00fcr direkt und indirekt Betroffene seiner Covid19-Massnahmen.<\/p>\n\n\n\n<p>Trotz Aufschrei der Branche und engagierten Politiker_innen im Nationalrat will der Bundesrat diesen Sachverhalt erst in der Herbst-Session pr\u00fcfen. Dann ist es f\u00fcr viele zu sp\u00e4t. Eine nationalr\u00e4tliche Motion, die das Gesch\u00e4ft noch in der laufenden Sommer-Session bearbeitet haben wollte, wurde gestern erfolgreich \u00fcberwiesen. Heute jedoch kippten die Technokraten der grossen Kammer den Entscheid wieder: Sie sehen darin eine Verletzung von geltendem Gesetz.<\/p>\n\n\n\n<p>Dass der Bundesrat genannten Betrieben, Kulturschaffenden und K\u00fcnstlern das kostendeckende Arbeiten \u00fcber die Covid19-Verordnung verbietet, ihnen gleichzeitig jedoch die Unterst\u00fctzung vorenth\u00e4lt, ist ein Skandal. Es ist das Gegenteil von dem, was Bundesr\u00e4tin Simonetta Somaruga anl\u00e4sslich der Pressekonferenz vom 13. M\u00e4rz 2020 versprach: \u00abDer Bundesrat will die Gesundheit der Bev\u00f6lkerung sch\u00fctzen und die Betriebe, die Angestellten und die Selbstst\u00e4ndigerwerbenden unterst\u00fctzen.\u00bb<\/p>\n\n\n\n<p>Die Ignoranz der Regierung und der Mehrheit des Nationalrats darf gut und gern als Geringsch\u00e4tzung der Arbeit der Kreativ-Branche verstanden werden.<\/p>\n\n\n\n<p><strong>Mitmachen<\/strong>: <a href=\"https:\/\/johannes-sieber.ch\/move\/mitmachen\">Was h\u00e4ltst Du davon<\/a>?<\/p>\n\n\n\n<p class=\"hinweisbox\">Nationalrat: Ordnungsantrag 20640, 16.06.2020<br>Ordnungsantrag zur Traktandierung der Motionen 20.3466 und 20.3467 <br><a rel=\"noreferrer noopener\" href=\"https:\/\/www.parlament.ch\/de\/ratsbetrieb\/amtliches-bulletin\/amtliches-bulletin-die-verhandlungen?SubjectId=49370\" target=\"_blank\">www.parlament.ch<\/a><\/p>\n\n\n\n<p class=\"hinweisbox\">TV: 10vor10, 16.06.2020<br>Hickhack um Corona-Hilfe f\u00fcr Selbstst\u00e4ndigerwerbende <br><a href=\"https:\/\/www.srf.ch\/play\/tv\/sendung\/10vor10?id=c38cc259-b5cd-4ac1-b901-e3fddd901a3d\" target=\"_blank\" rel=\"noreferrer noopener\">www.srf.ch<\/a><\/p>\n\n\n\n<p class=\"hinweisbox\">Youtube: Pressekonferenz Bundesrat, 13.03.2020<br>BR Sommaruga, Berset, Parmelin, Keller-Sutter zu: Coronavirus (COVID-19)<br><a rel=\"noreferrer noopener\" href=\"https:\/\/www.youtube.com\/watch?v=LFI7vQU-YnY\" target=\"_blank\">www.youtube.com<\/a><\/p>\n\n\n\n<p>Nachtrag am 21.06.2020: Das k\u00fcrzlich im Parlament gescheiterte Anliegen ist noch nicht vom Tisch. Die Nationalr\u00e4te und Nationalr\u00e4tinnen, die sich f\u00fcr die Weiterf\u00fchrung der Kurzarbeit f\u00fcr Teilhaber und den Erwerbsersatz f\u00fcr Selbstst\u00e4ndigerwerbende einsetzen, fordern eine Sondersession:<\/p>\n\n\n\n<p class=\"hinweisbox\">Online: Watson, 21.06.2020<br>Kurzarbeit-Streit eskaliert: Linke will Bundesrat mit Extra-Session Beine machen<br><a rel=\"noreferrer noopener\" href=\"https:\/\/www.watson.ch\/schweiz\/bundesrat\/378248930-kurzarbeit-streit-eskaliert-parlament-will-extra-session?fbclid=IwAR3JGIf05Sq0qJtXOgNIqx4jA0PMQhJ-i-K19AAfb05zYtvXLBlU_qSrMoo\" target=\"_blank\">www.watson.ch<\/a><\/p>\n\n\n\n<p class=\"fotoquelle\">Foto zur Notiz: Kaschemme, www.musik.bs<\/p>\n","protected":false},"excerpt":{"rendered":"<p>Nach dem Bundesrat l\u00e4sst auch die Mehrheit im Nationalrat Live-Venues, Clubs, Restaurants und Bars im Stich: Heute kippte der Nationalrat die Motion, die diesen Missstand h\u00e4tte korrigieren k\u00f6nnen. Der Bundesrat hat im Mai 2020 die&#8230;<\/p>\n","protected":false},"author":1,"featured_media":1264,"comment_status":"closed","ping_status":"open","sticky":false,"template":"","format":"standard","meta":{"_jetpack_memberships_contains_paid_content":false,"footnotes":""},"categories":[33,36],"tags":[43,15],"class_list":["post-1092","post","type-post","status-publish","format-standard","has-post-thumbnail","hentry","category-kultur","category-position","tag-covid19","tag-kultur"],"yoast_head":"<!-- This site is optimized with the Yoast SEO plugin v27.5 - https:\/\/yoast.com\/product\/yoast-seo-wordpress\/ -->\n<title>Nationalrat l\u00e4sst Clubs h\u00e4ngen - Johannes Sieber<\/title>\n<meta name=\"robots\" content=\"index, follow, max-snippet:-1, max-image-preview:large, max-video-preview:-1\" \/>\n<link rel=\"canonical\" href=\"https:\/\/www.johannes-sieber.ch\/move\/nationalrat-laesst-clubs-im-stich\/\" \/>\n<meta property=\"og:locale\" content=\"de_DE\" \/>\n<meta property=\"og:type\" content=\"article\" \/>\n<meta property=\"og:title\" content=\"Nationalrat l\u00e4sst Clubs h\u00e4ngen - Johannes Sieber\" \/>\n<meta property=\"og:description\" content=\"Nach dem Bundesrat l\u00e4sst auch die Mehrheit im Nationalrat Live-Venues, Clubs, Restaurants und Bars im Stich: Heute kippte der Nationalrat die Motion, die diesen Missstand h\u00e4tte korrigieren k\u00f6nnen. Der Bundesrat hat im Mai 2020 die...\" \/>\n<meta property=\"og:url\" content=\"https:\/\/www.johannes-sieber.ch\/move\/nationalrat-laesst-clubs-im-stich\/\" \/>\n<meta property=\"og:site_name\" content=\"Johannes Sieber\" \/>\n<meta property=\"article:published_time\" content=\"2020-06-16T09:04:56+00:00\" \/>\n<meta property=\"article:modified_time\" content=\"2020-06-22T13:39:39+00:00\" \/>\n<meta property=\"og:image\" content=\"https:\/\/www.johannes-sieber.ch\/move\/wp-content\/uploads\/2020\/06\/Kaschemme_29.6.2018_musik_bs.jpg\" \/>\n\t<meta property=\"og:image:width\" content=\"1000\" \/>\n\t<meta property=\"og:image:height\" content=\"667\" \/>\n\t<meta property=\"og:image:type\" content=\"image\/jpeg\" \/>\n<meta name=\"author\" content=\"Johannes Sieber\" \/>\n<meta name=\"twitter:card\" content=\"summary_large_image\" \/>\n<meta name=\"twitter:creator\" content=\"@https:\/\/twitter.com\/JohannesSieber\" \/>\n<meta name=\"twitter:site\" content=\"@JohannesSieber\" \/>\n<meta name=\"twitter:label1\" content=\"Verfasst von\" \/>\n\t<meta name=\"twitter:data1\" content=\"Johannes Sieber\" \/>\n\t<meta name=\"twitter:label2\" content=\"Gesch\u00e4tzte Lesezeit\" \/>\n\t<meta name=\"twitter:data2\" content=\"2\u00a0Minuten\" \/>\n<script type=\"application\/ld+json\" class=\"yoast-schema-graph\">{\"@context\":\"https:\\\/\\\/schema.org\",\"@graph\":[{\"@type\":\"Article\",\"@id\":\"https:\\\/\\\/www.johannes-sieber.ch\\\/move\\\/nationalrat-laesst-clubs-im-stich\\\/#article\",\"isPartOf\":{\"@id\":\"https:\\\/\\\/www.johannes-sieber.ch\\\/move\\\/nationalrat-laesst-clubs-im-stich\\\/\"},\"author\":{\"name\":\"Johannes Sieber\",\"@id\":\"https:\\\/\\\/www.johannes-sieber.ch\\\/move\\\/#\\\/schema\\\/person\\\/d92682c5f067a49d1c1f925bd5422e14\"},\"headline\":\"Nationalrat l\u00e4sst Clubs h\u00e4ngen\",\"datePublished\":\"2020-06-16T09:04:56+00:00\",\"dateModified\":\"2020-06-22T13:39:39+00:00\",\"mainEntityOfPage\":{\"@id\":\"https:\\\/\\\/www.johannes-sieber.ch\\\/move\\\/nationalrat-laesst-clubs-im-stich\\\/\"},\"wordCount\":334,\"publisher\":{\"@id\":\"https:\\\/\\\/www.johannes-sieber.ch\\\/move\\\/#\\\/schema\\\/person\\\/d92682c5f067a49d1c1f925bd5422e14\"},\"image\":{\"@id\":\"https:\\\/\\\/www.johannes-sieber.ch\\\/move\\\/nationalrat-laesst-clubs-im-stich\\\/#primaryimage\"},\"thumbnailUrl\":\"https:\\\/\\\/www.johannes-sieber.ch\\\/move\\\/wp-content\\\/uploads\\\/2020\\\/06\\\/Kaschemme_29.6.2018_musik_bs.jpg\",\"keywords\":[\"COVID19\",\"Kultur\"],\"articleSection\":[\"Kultur\",\"Position\"],\"inLanguage\":\"de\"},{\"@type\":\"WebPage\",\"@id\":\"https:\\\/\\\/www.johannes-sieber.ch\\\/move\\\/nationalrat-laesst-clubs-im-stich\\\/\",\"url\":\"https:\\\/\\\/www.johannes-sieber.ch\\\/move\\\/nationalrat-laesst-clubs-im-stich\\\/\",\"name\":\"Nationalrat l\u00e4sst Clubs h\u00e4ngen - Johannes Sieber\",\"isPartOf\":{\"@id\":\"https:\\\/\\\/www.johannes-sieber.ch\\\/move\\\/#website\"},\"primaryImageOfPage\":{\"@id\":\"https:\\\/\\\/www.johannes-sieber.ch\\\/move\\\/nationalrat-laesst-clubs-im-stich\\\/#primaryimage\"},\"image\":{\"@id\":\"https:\\\/\\\/www.johannes-sieber.ch\\\/move\\\/nationalrat-laesst-clubs-im-stich\\\/#primaryimage\"},\"thumbnailUrl\":\"https:\\\/\\\/www.johannes-sieber.ch\\\/move\\\/wp-content\\\/uploads\\\/2020\\\/06\\\/Kaschemme_29.6.2018_musik_bs.jpg\",\"datePublished\":\"2020-06-16T09:04:56+00:00\",\"dateModified\":\"2020-06-22T13:39:39+00:00\",\"breadcrumb\":{\"@id\":\"https:\\\/\\\/www.johannes-sieber.ch\\\/move\\\/nationalrat-laesst-clubs-im-stich\\\/#breadcrumb\"},\"inLanguage\":\"de\",\"potentialAction\":[{\"@type\":\"ReadAction\",\"target\":[\"https:\\\/\\\/www.johannes-sieber.ch\\\/move\\\/nationalrat-laesst-clubs-im-stich\\\/\"]}]},{\"@type\":\"ImageObject\",\"inLanguage\":\"de\",\"@id\":\"https:\\\/\\\/www.johannes-sieber.ch\\\/move\\\/nationalrat-laesst-clubs-im-stich\\\/#primaryimage\",\"url\":\"https:\\\/\\\/www.johannes-sieber.ch\\\/move\\\/wp-content\\\/uploads\\\/2020\\\/06\\\/Kaschemme_29.6.2018_musik_bs.jpg\",\"contentUrl\":\"https:\\\/\\\/www.johannes-sieber.ch\\\/move\\\/wp-content\\\/uploads\\\/2020\\\/06\\\/Kaschemme_29.6.2018_musik_bs.jpg\",\"width\":1000,\"height\":667,\"caption\":\"www.musik.bs\"},{\"@type\":\"BreadcrumbList\",\"@id\":\"https:\\\/\\\/www.johannes-sieber.ch\\\/move\\\/nationalrat-laesst-clubs-im-stich\\\/#breadcrumb\",\"itemListElement\":[{\"@type\":\"ListItem\",\"position\":1,\"name\":\"Startseite\",\"item\":\"https:\\\/\\\/www.johannes-sieber.ch\\\/move\\\/\"},{\"@type\":\"ListItem\",\"position\":2,\"name\":\"Nationalrat l\u00e4sst Clubs h\u00e4ngen\"}]},{\"@type\":\"WebSite\",\"@id\":\"https:\\\/\\\/www.johannes-sieber.ch\\\/move\\\/#website\",\"url\":\"https:\\\/\\\/www.johannes-sieber.ch\\\/move\\\/\",\"name\":\"Johannes Sieber\",\"description\":\"Notizen zu Kultur, Klima, Stadt &amp; Menschen\",\"publisher\":{\"@id\":\"https:\\\/\\\/www.johannes-sieber.ch\\\/move\\\/#\\\/schema\\\/person\\\/d92682c5f067a49d1c1f925bd5422e14\"},\"potentialAction\":[{\"@type\":\"SearchAction\",\"target\":{\"@type\":\"EntryPoint\",\"urlTemplate\":\"https:\\\/\\\/www.johannes-sieber.ch\\\/move\\\/?s={search_term_string}\"},\"query-input\":{\"@type\":\"PropertyValueSpecification\",\"valueRequired\":true,\"valueName\":\"search_term_string\"}}],\"inLanguage\":\"de\"},{\"@type\":[\"Person\",\"Organization\"],\"@id\":\"https:\\\/\\\/www.johannes-sieber.ch\\\/move\\\/#\\\/schema\\\/person\\\/d92682c5f067a49d1c1f925bd5422e14\",\"name\":\"Johannes Sieber\",\"image\":{\"@type\":\"ImageObject\",\"inLanguage\":\"de\",\"@id\":\"https:\\\/\\\/secure.gravatar.com\\\/avatar\\\/31f81941f5205fb74a8b0f15334401b3be15721e177e88208533a81bf8dae247?s=96&d=mm&r=g\",\"url\":\"https:\\\/\\\/secure.gravatar.com\\\/avatar\\\/31f81941f5205fb74a8b0f15334401b3be15721e177e88208533a81bf8dae247?s=96&d=mm&r=g\",\"contentUrl\":\"https:\\\/\\\/secure.gravatar.com\\\/avatar\\\/31f81941f5205fb74a8b0f15334401b3be15721e177e88208533a81bf8dae247?s=96&d=mm&r=g\",\"caption\":\"Johannes Sieber\"},\"logo\":{\"@id\":\"https:\\\/\\\/secure.gravatar.com\\\/avatar\\\/31f81941f5205fb74a8b0f15334401b3be15721e177e88208533a81bf8dae247?s=96&d=mm&r=g\"},\"sameAs\":[\"https:\\\/\\\/www.johannes-sieber.ch\\\/\",\"https:\\\/\\\/www.instagram.com\\\/johannes__sieber\",\"https:\\\/\\\/x.com\\\/https:\\\/\\\/twitter.com\\\/JohannesSieber\"],\"url\":\"https:\\\/\\\/www.johannes-sieber.ch\\\/move\\\/author\\\/admin\\\/\"}]}<\/script>\n<!-- \/ Yoast SEO plugin. -->","yoast_head_json":{"title":"Nationalrat l\u00e4sst Clubs h\u00e4ngen - Johannes Sieber","robots":{"index":"index","follow":"follow","max-snippet":"max-snippet:-1","max-image-preview":"max-image-preview:large","max-video-preview":"max-video-preview:-1"},"canonical":"https:\/\/www.johannes-sieber.ch\/move\/nationalrat-laesst-clubs-im-stich\/","og_locale":"de_DE","og_type":"article","og_title":"Nationalrat l\u00e4sst Clubs h\u00e4ngen - Johannes Sieber","og_description":"Nach dem Bundesrat l\u00e4sst auch die Mehrheit im Nationalrat Live-Venues, Clubs, Restaurants und Bars im Stich: Heute kippte der Nationalrat die Motion, die diesen Missstand h\u00e4tte korrigieren k\u00f6nnen. Der Bundesrat hat im Mai 2020 die...","og_url":"https:\/\/www.johannes-sieber.ch\/move\/nationalrat-laesst-clubs-im-stich\/","og_site_name":"Johannes Sieber","article_published_time":"2020-06-16T09:04:56+00:00","article_modified_time":"2020-06-22T13:39:39+00:00","og_image":[{"width":1000,"height":667,"url":"https:\/\/www.johannes-sieber.ch\/move\/wp-content\/uploads\/2020\/06\/Kaschemme_29.6.2018_musik_bs.jpg","type":"image\/jpeg"}],"author":"Johannes Sieber","twitter_card":"summary_large_image","twitter_creator":"@https:\/\/twitter.com\/JohannesSieber","twitter_site":"@JohannesSieber","twitter_misc":{"Verfasst von":"Johannes Sieber","Gesch\u00e4tzte Lesezeit":"2\u00a0Minuten"},"schema":{"@context":"https:\/\/schema.org","@graph":[{"@type":"Article","@id":"https:\/\/www.johannes-sieber.ch\/move\/nationalrat-laesst-clubs-im-stich\/#article","isPartOf":{"@id":"https:\/\/www.johannes-sieber.ch\/move\/nationalrat-laesst-clubs-im-stich\/"},"author":{"name":"Johannes Sieber","@id":"https:\/\/www.johannes-sieber.ch\/move\/#\/schema\/person\/d92682c5f067a49d1c1f925bd5422e14"},"headline":"Nationalrat l\u00e4sst Clubs h\u00e4ngen","datePublished":"2020-06-16T09:04:56+00:00","dateModified":"2020-06-22T13:39:39+00:00","mainEntityOfPage":{"@id":"https:\/\/www.johannes-sieber.ch\/move\/nationalrat-laesst-clubs-im-stich\/"},"wordCount":334,"publisher":{"@id":"https:\/\/www.johannes-sieber.ch\/move\/#\/schema\/person\/d92682c5f067a49d1c1f925bd5422e14"},"image":{"@id":"https:\/\/www.johannes-sieber.ch\/move\/nationalrat-laesst-clubs-im-stich\/#primaryimage"},"thumbnailUrl":"https:\/\/www.johannes-sieber.ch\/move\/wp-content\/uploads\/2020\/06\/Kaschemme_29.6.2018_musik_bs.jpg","keywords":["COVID19","Kultur"],"articleSection":["Kultur","Position"],"inLanguage":"de"},{"@type":"WebPage","@id":"https:\/\/www.johannes-sieber.ch\/move\/nationalrat-laesst-clubs-im-stich\/","url":"https:\/\/www.johannes-sieber.ch\/move\/nationalrat-laesst-clubs-im-stich\/","name":"Nationalrat l\u00e4sst Clubs h\u00e4ngen - Johannes Sieber","isPartOf":{"@id":"https:\/\/www.johannes-sieber.ch\/move\/#website"},"primaryImageOfPage":{"@id":"https:\/\/www.johannes-sieber.ch\/move\/nationalrat-laesst-clubs-im-stich\/#primaryimage"},"image":{"@id":"https:\/\/www.johannes-sieber.ch\/move\/nationalrat-laesst-clubs-im-stich\/#primaryimage"},"thumbnailUrl":"https:\/\/www.johannes-sieber.ch\/move\/wp-content\/uploads\/2020\/06\/Kaschemme_29.6.2018_musik_bs.jpg","datePublished":"2020-06-16T09:04:56+00:00","dateModified":"2020-06-22T13:39:39+00:00","breadcrumb":{"@id":"https:\/\/www.johannes-sieber.ch\/move\/nationalrat-laesst-clubs-im-stich\/#breadcrumb"},"inLanguage":"de","potentialAction":[{"@type":"ReadAction","target":["https:\/\/www.johannes-sieber.ch\/move\/nationalrat-laesst-clubs-im-stich\/"]}]},{"@type":"ImageObject","inLanguage":"de","@id":"https:\/\/www.johannes-sieber.ch\/move\/nationalrat-laesst-clubs-im-stich\/#primaryimage","url":"https:\/\/www.johannes-sieber.ch\/move\/wp-content\/uploads\/2020\/06\/Kaschemme_29.6.2018_musik_bs.jpg","contentUrl":"https:\/\/www.johannes-sieber.ch\/move\/wp-content\/uploads\/2020\/06\/Kaschemme_29.6.2018_musik_bs.jpg","width":1000,"height":667,"caption":"www.musik.bs"},{"@type":"BreadcrumbList","@id":"https:\/\/www.johannes-sieber.ch\/move\/nationalrat-laesst-clubs-im-stich\/#breadcrumb","itemListElement":[{"@type":"ListItem","position":1,"name":"Startseite","item":"https:\/\/www.johannes-sieber.ch\/move\/"},{"@type":"ListItem","position":2,"name":"Nationalrat l\u00e4sst Clubs h\u00e4ngen"}]},{"@type":"WebSite","@id":"https:\/\/www.johannes-sieber.ch\/move\/#website","url":"https:\/\/www.johannes-sieber.ch\/move\/","name":"Johannes Sieber","description":"Notizen zu Kultur, Klima, Stadt &amp; Menschen","publisher":{"@id":"https:\/\/www.johannes-sieber.ch\/move\/#\/schema\/person\/d92682c5f067a49d1c1f925bd5422e14"},"potentialAction":[{"@type":"SearchAction","target":{"@type":"EntryPoint","urlTemplate":"https:\/\/www.johannes-sieber.ch\/move\/?s={search_term_string}"},"query-input":{"@type":"PropertyValueSpecification","valueRequired":true,"valueName":"search_term_string"}}],"inLanguage":"de"},{"@type":["Person","Organization"],"@id":"https:\/\/www.johannes-sieber.ch\/move\/#\/schema\/person\/d92682c5f067a49d1c1f925bd5422e14","name":"Johannes Sieber","image":{"@type":"ImageObject","inLanguage":"de","@id":"https:\/\/secure.gravatar.com\/avatar\/31f81941f5205fb74a8b0f15334401b3be15721e177e88208533a81bf8dae247?s=96&d=mm&r=g","url":"https:\/\/secure.gravatar.com\/avatar\/31f81941f5205fb74a8b0f15334401b3be15721e177e88208533a81bf8dae247?s=96&d=mm&r=g","contentUrl":"https:\/\/secure.gravatar.com\/avatar\/31f81941f5205fb74a8b0f15334401b3be15721e177e88208533a81bf8dae247?s=96&d=mm&r=g","caption":"Johannes Sieber"},"logo":{"@id":"https:\/\/secure.gravatar.com\/avatar\/31f81941f5205fb74a8b0f15334401b3be15721e177e88208533a81bf8dae247?s=96&d=mm&r=g"},"sameAs":["https:\/\/www.johannes-sieber.ch\/","https:\/\/www.instagram.com\/johannes__sieber","https:\/\/x.com\/https:\/\/twitter.com\/JohannesSieber"],"url":"https:\/\/www.johannes-sieber.ch\/move\/author\/admin\/"}]}},"jetpack_featured_media_url":"https:\/\/www.johannes-sieber.ch\/move\/wp-content\/uploads\/2020\/06\/Kaschemme_29.6.2018_musik_bs.jpg","jetpack_sharing_enabled":true,"_links":{"self":[{"href":"https:\/\/www.johannes-sieber.ch\/move\/wp-json\/wp\/v2\/posts\/1092","targetHints":{"allow":["GET"]}}],"collection":[{"href":"https:\/\/www.johannes-sieber.ch\/move\/wp-json\/wp\/v2\/posts"}],"about":[{"href":"https:\/\/www.johannes-sieber.ch\/move\/wp-json\/wp\/v2\/types\/post"}],"author":[{"embeddable":true,"href":"https:\/\/www.johannes-sieber.ch\/move\/wp-json\/wp\/v2\/users\/1"}],"replies":[{"embeddable":true,"href":"https:\/\/www.johannes-sieber.ch\/move\/wp-json\/wp\/v2\/comments?post=1092"}],"version-history":[{"count":26,"href":"https:\/\/www.johannes-sieber.ch\/move\/wp-json\/wp\/v2\/posts\/1092\/revisions"}],"predecessor-version":[{"id":1744,"href":"https:\/\/www.johannes-sieber.ch\/move\/wp-json\/wp\/v2\/posts\/1092\/revisions\/1744"}],"wp:featuredmedia":[{"embeddable":true,"href":"https:\/\/www.johannes-sieber.ch\/move\/wp-json\/wp\/v2\/media\/1264"}],"wp:attachment":[{"href":"https:\/\/www.johannes-sieber.ch\/move\/wp-json\/wp\/v2\/media?parent=1092"}],"wp:term":[{"taxonomy":"category","embeddable":true,"href":"https:\/\/www.johannes-sieber.ch\/move\/wp-json\/wp\/v2\/categories?post=1092"},{"taxonomy":"post_tag","embeddable":true,"href":"https:\/\/www.johannes-sieber.ch\/move\/wp-json\/wp\/v2\/tags?post=1092"}],"curies":[{"name":"wp","href":"https:\/\/api.w.org\/{rel}","templated":true}]}}