{"id":1782,"date":"2020-06-23T10:05:00","date_gmt":"2020-06-23T09:05:00","guid":{"rendered":"https:\/\/www.johannes-sieber.ch\/move\/?p=1782"},"modified":"2020-06-24T09:50:45","modified_gmt":"2020-06-24T08:50:45","slug":"theater-arbeit-an-der-oeffnung","status":"publish","type":"post","link":"https:\/\/www.johannes-sieber.ch\/move\/theater-arbeit-an-der-oeffnung\/","title":{"rendered":"Theater: Arbeit an \u00d6ffnung"},"content":{"rendered":"\n<p>Wechsel am Theater Basel: Nach f\u00fcnf Jahren mit erfolgreicher Intendanz von Andreas Beck legt das neuen Leitungsteam um Benedikt von Peter nicht nur einen \u00abvielversprechenden Spielplan\u00bb vor (<a rel=\"noreferrer noopener\" href=\"https:\/\/www.bzbasel.ch\/kultur\/buch-buehne-kunst\/das-kollektiv-entert-das-theater-basel-dieser-spielplan-verspricht-einiges-trotz-corona-138236271\" target=\"_blank\">Balzer, bzBasel<\/a>), es verspricht auch an der \u00d6ffnung zu arbeiten, von der alle sprechen. Das hochgelobte Konzept vom <a rel=\"noreferrer noopener\" href=\"https:\/\/en.wikipedia.org\/wiki\/Third_place\" target=\"_blank\">dritten Ort<\/a> soll im Theater-Foyer zur Umsetzung kommen: Im November wird dieses zum \u00abFoyer Public\u00bb, einem \u00f6ffentlichen Raum mit Tanzb\u00fchnen, Bibliothek, Kinderecke und Theater-Caf\u00e9.<\/p>\n\n\n\n\n\n<p>Der bedeutendere Schritt in Richtung \u00d6ffnung vollzieht Peter allerdings in den Strukturen des Hauses. Dieses wird zuk\u00fcnftig von einem gleichberechtigten Kollektiv gef\u00fchrt. Anja Dirks, Ant\u00fa Romero Nunes, J\u00f6rg Pohl und Inga Schonlau leiten das Schauspiel. Richard Wherlock bleibt uns im Ballett erhalten. Mit flachen Hierarchien wird dem Geniekult eine Absage erteilt: Schluss ist mit Star-Gagen f\u00fcr Gastaufritte und auch die Dirigenten im Orchestergraben werden sich abwechseln.<\/p>\n\n\n\n<p>Zu zaghafte Schritte? M\u00f6glich, aber begr\u00fcssenswerte! Etablierte Kultur-Institutionen m\u00fcssen sich bewegen und sollen in ihrem Bestreben nach Wandel unterst\u00fctzt werden. Auch und besonders dann, wenn das ein Risiko birgt zu scheitern. Man darf gespannt sein, wie das Leitungsteam mit den Anspr\u00fcchen bez\u00fcglich dieser \u00d6ffnung umgehen wird. Beispielsweise mit den <a href=\"https:\/\/www.johannes-sieber.ch\/move\/gegen-rassismus-im-kulturbetrieb\/\">Forderungen im offenen Brief<\/a> der \u00abBlack Artists and Cultural Workers in Switzerland\u00bb.  Es gibt f\u00fcr alle viel zu gewinnen!<\/p>\n\n\n\n<p><strong>Mitmachen<\/strong>: Hast Du Ideen? <a href=\"https:\/\/www.johannes-sieber.ch\/move\/mitmachen\/\">Wie soll sich das Theater Basel \u00f6ffnen<\/a>?<\/p>\n\n\n\n<p>Aber apropos Genie: T\u00e4uscht mich mein Gef\u00fchl oder wurde selten so wenig \u00fcber das Schauspiel am Theater Basel gel\u00e4stert wie w\u00e4hrend der Spielzeit mit Andreas Beck? Und gleichzeitig sind da die Lorbeeren der Kritiker_innen, die Theaterpreise und die Einladungen nach M\u00fclheim und zum Berliner Theatertreffen. Dazu macht die hohe Auslastung deutlich: Wir gingen ins Theater und fanden es gut. Bravo, Andreas Beck! Das Schweizer Radio und Fernsehen widmete dem (zu) <a rel=\"noreferrer noopener\" href=\"https:\/\/www.bzbasel.ch\/kultur\/buch-buehne-kunst\/das-kollektiv-entert-das-theater-basel-dieser-spielplan-verspricht-einiges-trotz-corona-138236271\" target=\"_blank\">stillen Abgang von Andreas Beck<\/a> eine Stunde Kontext.<\/p>\n\n\n\n<p class=\"hinweisbox\">Zeitung, bzBasel, 23.06.2020<br>Das Kollektiv entert das Theater Basel<br><a href=\"https:\/\/www.bzbasel.ch\/kultur\/buch-buehne-kunst\/das-kollektiv-entert-das-theater-basel-dieser-spielplan-verspricht-einiges-trotz-corona-138236271\" target=\"_blank\" rel=\"noreferrer noopener\">bz &#8211; Zeitung f\u00fcr die Region Basel<\/a><\/p>\n\n\n\n<p class=\"hinweisbox\">Radio: SRF, Kontext, 18.06.2020<br>Theater Basel: Bilanz einer \u00c4ra (Andreas Beck)<br><a href=\"https:\/\/www.srf.ch\/kultur\/buehne\/abschied-am-theater-basel-intendant-andreas-beck-haette-einen-ueppigeren-abgang-verdient\" target=\"_blank\" rel=\"noreferrer noopener\">Schweizer Radio und Fernsehen<\/a><\/p>\n\n\n\n<p class=\"hinweisbox\">Website<br>Theater Basel<br><a href=\"http:\/\/www.theaterbasel.ch\" target=\"_blank\" rel=\"noreferrer noopener\">www.theaterbasel.ch<\/a><a rel=\"noreferrer noopener\" href=\"https:\/\/www.bzbasel.ch\/kultur\/buch-buehne-kunst\/das-kollektiv-entert-das-theater-basel-dieser-spielplan-verspricht-einiges-trotz-corona-138236271\" target=\"_blank\"><\/a><\/p>\n","protected":false},"excerpt":{"rendered":"<p>Wechsel am Theater Basel: Nach f\u00fcnf Jahren mit erfolgreicher Intendanz von Andreas Beck legt das neuen Leitungsteam um Benedikt von Peter nicht nur einen \u00abvielversprechenden Spielplan\u00bb vor (Balzer, bzBasel), es verspricht auch an der \u00d6ffnung&#8230;<\/p>\n","protected":false},"author":1,"featured_media":1784,"comment_status":"closed","ping_status":"open","sticky":false,"template":"","format":"standard","meta":{"_jetpack_memberships_contains_paid_content":false,"footnotes":""},"categories":[33],"tags":[28,15,54],"class_list":["post-1782","post","type-post","status-publish","format-standard","has-post-thumbnail","hentry","category-kultur","tag-innovation","tag-kultur","tag-theater"],"yoast_head":"<!-- This site is optimized with the Yoast SEO plugin v27.5 - https:\/\/yoast.com\/product\/yoast-seo-wordpress\/ -->\n<title>Theater: Arbeit an \u00d6ffnung - Johannes Sieber<\/title>\n<meta name=\"robots\" content=\"index, follow, max-snippet:-1, max-image-preview:large, max-video-preview:-1\" \/>\n<link rel=\"canonical\" href=\"https:\/\/www.johannes-sieber.ch\/move\/theater-arbeit-an-der-oeffnung\/\" \/>\n<meta property=\"og:locale\" content=\"de_DE\" \/>\n<meta property=\"og:type\" content=\"article\" \/>\n<meta property=\"og:title\" content=\"Theater: Arbeit an \u00d6ffnung - Johannes Sieber\" \/>\n<meta property=\"og:description\" content=\"Wechsel am Theater Basel: Nach f\u00fcnf Jahren mit erfolgreicher Intendanz von Andreas Beck legt das neuen Leitungsteam um Benedikt von Peter nicht nur einen \u00abvielversprechenden Spielplan\u00bb vor (Balzer, bzBasel), es verspricht auch an der \u00d6ffnung...\" \/>\n<meta property=\"og:url\" content=\"https:\/\/www.johannes-sieber.ch\/move\/theater-arbeit-an-der-oeffnung\/\" \/>\n<meta property=\"og:site_name\" content=\"Johannes Sieber\" \/>\n<meta property=\"article:published_time\" content=\"2020-06-23T09:05:00+00:00\" \/>\n<meta property=\"article:modified_time\" content=\"2020-06-24T08:50:45+00:00\" \/>\n<meta property=\"og:image\" content=\"https:\/\/www.johannes-sieber.ch\/move\/wp-content\/uploads\/2020\/06\/leitung_theater_basel_ab_2020.jpg\" \/>\n\t<meta property=\"og:image:width\" content=\"1800\" \/>\n\t<meta property=\"og:image:height\" content=\"1013\" \/>\n\t<meta property=\"og:image:type\" content=\"image\/jpeg\" \/>\n<meta name=\"author\" content=\"Johannes Sieber\" \/>\n<meta name=\"twitter:card\" content=\"summary_large_image\" \/>\n<meta name=\"twitter:creator\" content=\"@https:\/\/twitter.com\/JohannesSieber\" \/>\n<meta name=\"twitter:site\" content=\"@JohannesSieber\" \/>\n<meta name=\"twitter:label1\" content=\"Verfasst von\" \/>\n\t<meta name=\"twitter:data1\" content=\"Johannes Sieber\" \/>\n\t<meta name=\"twitter:label2\" content=\"Gesch\u00e4tzte Lesezeit\" \/>\n\t<meta name=\"twitter:data2\" content=\"2\u00a0Minuten\" \/>\n<script type=\"application\/ld+json\" class=\"yoast-schema-graph\">{\"@context\":\"https:\\\/\\\/schema.org\",\"@graph\":[{\"@type\":\"Article\",\"@id\":\"https:\\\/\\\/www.johannes-sieber.ch\\\/move\\\/theater-arbeit-an-der-oeffnung\\\/#article\",\"isPartOf\":{\"@id\":\"https:\\\/\\\/www.johannes-sieber.ch\\\/move\\\/theater-arbeit-an-der-oeffnung\\\/\"},\"author\":{\"name\":\"Johannes Sieber\",\"@id\":\"https:\\\/\\\/www.johannes-sieber.ch\\\/move\\\/#\\\/schema\\\/person\\\/d92682c5f067a49d1c1f925bd5422e14\"},\"headline\":\"Theater: Arbeit an \u00d6ffnung\",\"datePublished\":\"2020-06-23T09:05:00+00:00\",\"dateModified\":\"2020-06-24T08:50:45+00:00\",\"mainEntityOfPage\":{\"@id\":\"https:\\\/\\\/www.johannes-sieber.ch\\\/move\\\/theater-arbeit-an-der-oeffnung\\\/\"},\"wordCount\":350,\"publisher\":{\"@id\":\"https:\\\/\\\/www.johannes-sieber.ch\\\/move\\\/#\\\/schema\\\/person\\\/d92682c5f067a49d1c1f925bd5422e14\"},\"image\":{\"@id\":\"https:\\\/\\\/www.johannes-sieber.ch\\\/move\\\/theater-arbeit-an-der-oeffnung\\\/#primaryimage\"},\"thumbnailUrl\":\"https:\\\/\\\/www.johannes-sieber.ch\\\/move\\\/wp-content\\\/uploads\\\/2020\\\/06\\\/leitung_theater_basel_ab_2020.jpg\",\"keywords\":[\"Innovation\",\"Kultur\",\"Theater\"],\"articleSection\":[\"Kultur\"],\"inLanguage\":\"de\"},{\"@type\":\"WebPage\",\"@id\":\"https:\\\/\\\/www.johannes-sieber.ch\\\/move\\\/theater-arbeit-an-der-oeffnung\\\/\",\"url\":\"https:\\\/\\\/www.johannes-sieber.ch\\\/move\\\/theater-arbeit-an-der-oeffnung\\\/\",\"name\":\"Theater: Arbeit an \u00d6ffnung - Johannes Sieber\",\"isPartOf\":{\"@id\":\"https:\\\/\\\/www.johannes-sieber.ch\\\/move\\\/#website\"},\"primaryImageOfPage\":{\"@id\":\"https:\\\/\\\/www.johannes-sieber.ch\\\/move\\\/theater-arbeit-an-der-oeffnung\\\/#primaryimage\"},\"image\":{\"@id\":\"https:\\\/\\\/www.johannes-sieber.ch\\\/move\\\/theater-arbeit-an-der-oeffnung\\\/#primaryimage\"},\"thumbnailUrl\":\"https:\\\/\\\/www.johannes-sieber.ch\\\/move\\\/wp-content\\\/uploads\\\/2020\\\/06\\\/leitung_theater_basel_ab_2020.jpg\",\"datePublished\":\"2020-06-23T09:05:00+00:00\",\"dateModified\":\"2020-06-24T08:50:45+00:00\",\"breadcrumb\":{\"@id\":\"https:\\\/\\\/www.johannes-sieber.ch\\\/move\\\/theater-arbeit-an-der-oeffnung\\\/#breadcrumb\"},\"inLanguage\":\"de\",\"potentialAction\":[{\"@type\":\"ReadAction\",\"target\":[\"https:\\\/\\\/www.johannes-sieber.ch\\\/move\\\/theater-arbeit-an-der-oeffnung\\\/\"]}]},{\"@type\":\"ImageObject\",\"inLanguage\":\"de\",\"@id\":\"https:\\\/\\\/www.johannes-sieber.ch\\\/move\\\/theater-arbeit-an-der-oeffnung\\\/#primaryimage\",\"url\":\"https:\\\/\\\/www.johannes-sieber.ch\\\/move\\\/wp-content\\\/uploads\\\/2020\\\/06\\\/leitung_theater_basel_ab_2020.jpg\",\"contentUrl\":\"https:\\\/\\\/www.johannes-sieber.ch\\\/move\\\/wp-content\\\/uploads\\\/2020\\\/06\\\/leitung_theater_basel_ab_2020.jpg\",\"width\":1800,\"height\":1013,\"caption\":\"Richard Wherlock, Benedikt von Peter, Anja Dirks, Ant\u00fa Romero Nunes, Inga Schonlau und J\u00f6rg Pohl stellen das Programm des Theaters Basel vor. Bild Nicole Nars-Zimmer\"},{\"@type\":\"BreadcrumbList\",\"@id\":\"https:\\\/\\\/www.johannes-sieber.ch\\\/move\\\/theater-arbeit-an-der-oeffnung\\\/#breadcrumb\",\"itemListElement\":[{\"@type\":\"ListItem\",\"position\":1,\"name\":\"Startseite\",\"item\":\"https:\\\/\\\/www.johannes-sieber.ch\\\/move\\\/\"},{\"@type\":\"ListItem\",\"position\":2,\"name\":\"Theater: Arbeit an \u00d6ffnung\"}]},{\"@type\":\"WebSite\",\"@id\":\"https:\\\/\\\/www.johannes-sieber.ch\\\/move\\\/#website\",\"url\":\"https:\\\/\\\/www.johannes-sieber.ch\\\/move\\\/\",\"name\":\"Johannes Sieber\",\"description\":\"Notizen zu Kultur, Klima, Stadt &amp; Menschen\",\"publisher\":{\"@id\":\"https:\\\/\\\/www.johannes-sieber.ch\\\/move\\\/#\\\/schema\\\/person\\\/d92682c5f067a49d1c1f925bd5422e14\"},\"potentialAction\":[{\"@type\":\"SearchAction\",\"target\":{\"@type\":\"EntryPoint\",\"urlTemplate\":\"https:\\\/\\\/www.johannes-sieber.ch\\\/move\\\/?s={search_term_string}\"},\"query-input\":{\"@type\":\"PropertyValueSpecification\",\"valueRequired\":true,\"valueName\":\"search_term_string\"}}],\"inLanguage\":\"de\"},{\"@type\":[\"Person\",\"Organization\"],\"@id\":\"https:\\\/\\\/www.johannes-sieber.ch\\\/move\\\/#\\\/schema\\\/person\\\/d92682c5f067a49d1c1f925bd5422e14\",\"name\":\"Johannes Sieber\",\"image\":{\"@type\":\"ImageObject\",\"inLanguage\":\"de\",\"@id\":\"https:\\\/\\\/secure.gravatar.com\\\/avatar\\\/31f81941f5205fb74a8b0f15334401b3be15721e177e88208533a81bf8dae247?s=96&d=mm&r=g\",\"url\":\"https:\\\/\\\/secure.gravatar.com\\\/avatar\\\/31f81941f5205fb74a8b0f15334401b3be15721e177e88208533a81bf8dae247?s=96&d=mm&r=g\",\"contentUrl\":\"https:\\\/\\\/secure.gravatar.com\\\/avatar\\\/31f81941f5205fb74a8b0f15334401b3be15721e177e88208533a81bf8dae247?s=96&d=mm&r=g\",\"caption\":\"Johannes Sieber\"},\"logo\":{\"@id\":\"https:\\\/\\\/secure.gravatar.com\\\/avatar\\\/31f81941f5205fb74a8b0f15334401b3be15721e177e88208533a81bf8dae247?s=96&d=mm&r=g\"},\"sameAs\":[\"https:\\\/\\\/www.johannes-sieber.ch\\\/\",\"https:\\\/\\\/www.instagram.com\\\/johannes__sieber\",\"https:\\\/\\\/x.com\\\/https:\\\/\\\/twitter.com\\\/JohannesSieber\"],\"url\":\"https:\\\/\\\/www.johannes-sieber.ch\\\/move\\\/author\\\/admin\\\/\"}]}<\/script>\n<!-- \/ Yoast SEO plugin. -->","yoast_head_json":{"title":"Theater: Arbeit an \u00d6ffnung - Johannes Sieber","robots":{"index":"index","follow":"follow","max-snippet":"max-snippet:-1","max-image-preview":"max-image-preview:large","max-video-preview":"max-video-preview:-1"},"canonical":"https:\/\/www.johannes-sieber.ch\/move\/theater-arbeit-an-der-oeffnung\/","og_locale":"de_DE","og_type":"article","og_title":"Theater: Arbeit an \u00d6ffnung - Johannes Sieber","og_description":"Wechsel am Theater Basel: Nach f\u00fcnf Jahren mit erfolgreicher Intendanz von Andreas Beck legt das neuen Leitungsteam um Benedikt von Peter nicht nur einen \u00abvielversprechenden Spielplan\u00bb vor (Balzer, bzBasel), es verspricht auch an der \u00d6ffnung...","og_url":"https:\/\/www.johannes-sieber.ch\/move\/theater-arbeit-an-der-oeffnung\/","og_site_name":"Johannes Sieber","article_published_time":"2020-06-23T09:05:00+00:00","article_modified_time":"2020-06-24T08:50:45+00:00","og_image":[{"width":1800,"height":1013,"url":"https:\/\/www.johannes-sieber.ch\/move\/wp-content\/uploads\/2020\/06\/leitung_theater_basel_ab_2020.jpg","type":"image\/jpeg"}],"author":"Johannes Sieber","twitter_card":"summary_large_image","twitter_creator":"@https:\/\/twitter.com\/JohannesSieber","twitter_site":"@JohannesSieber","twitter_misc":{"Verfasst von":"Johannes Sieber","Gesch\u00e4tzte Lesezeit":"2\u00a0Minuten"},"schema":{"@context":"https:\/\/schema.org","@graph":[{"@type":"Article","@id":"https:\/\/www.johannes-sieber.ch\/move\/theater-arbeit-an-der-oeffnung\/#article","isPartOf":{"@id":"https:\/\/www.johannes-sieber.ch\/move\/theater-arbeit-an-der-oeffnung\/"},"author":{"name":"Johannes Sieber","@id":"https:\/\/www.johannes-sieber.ch\/move\/#\/schema\/person\/d92682c5f067a49d1c1f925bd5422e14"},"headline":"Theater: Arbeit an \u00d6ffnung","datePublished":"2020-06-23T09:05:00+00:00","dateModified":"2020-06-24T08:50:45+00:00","mainEntityOfPage":{"@id":"https:\/\/www.johannes-sieber.ch\/move\/theater-arbeit-an-der-oeffnung\/"},"wordCount":350,"publisher":{"@id":"https:\/\/www.johannes-sieber.ch\/move\/#\/schema\/person\/d92682c5f067a49d1c1f925bd5422e14"},"image":{"@id":"https:\/\/www.johannes-sieber.ch\/move\/theater-arbeit-an-der-oeffnung\/#primaryimage"},"thumbnailUrl":"https:\/\/www.johannes-sieber.ch\/move\/wp-content\/uploads\/2020\/06\/leitung_theater_basel_ab_2020.jpg","keywords":["Innovation","Kultur","Theater"],"articleSection":["Kultur"],"inLanguage":"de"},{"@type":"WebPage","@id":"https:\/\/www.johannes-sieber.ch\/move\/theater-arbeit-an-der-oeffnung\/","url":"https:\/\/www.johannes-sieber.ch\/move\/theater-arbeit-an-der-oeffnung\/","name":"Theater: Arbeit an \u00d6ffnung - Johannes Sieber","isPartOf":{"@id":"https:\/\/www.johannes-sieber.ch\/move\/#website"},"primaryImageOfPage":{"@id":"https:\/\/www.johannes-sieber.ch\/move\/theater-arbeit-an-der-oeffnung\/#primaryimage"},"image":{"@id":"https:\/\/www.johannes-sieber.ch\/move\/theater-arbeit-an-der-oeffnung\/#primaryimage"},"thumbnailUrl":"https:\/\/www.johannes-sieber.ch\/move\/wp-content\/uploads\/2020\/06\/leitung_theater_basel_ab_2020.jpg","datePublished":"2020-06-23T09:05:00+00:00","dateModified":"2020-06-24T08:50:45+00:00","breadcrumb":{"@id":"https:\/\/www.johannes-sieber.ch\/move\/theater-arbeit-an-der-oeffnung\/#breadcrumb"},"inLanguage":"de","potentialAction":[{"@type":"ReadAction","target":["https:\/\/www.johannes-sieber.ch\/move\/theater-arbeit-an-der-oeffnung\/"]}]},{"@type":"ImageObject","inLanguage":"de","@id":"https:\/\/www.johannes-sieber.ch\/move\/theater-arbeit-an-der-oeffnung\/#primaryimage","url":"https:\/\/www.johannes-sieber.ch\/move\/wp-content\/uploads\/2020\/06\/leitung_theater_basel_ab_2020.jpg","contentUrl":"https:\/\/www.johannes-sieber.ch\/move\/wp-content\/uploads\/2020\/06\/leitung_theater_basel_ab_2020.jpg","width":1800,"height":1013,"caption":"Richard Wherlock, Benedikt von Peter, Anja Dirks, Ant\u00fa Romero Nunes, Inga Schonlau und J\u00f6rg Pohl stellen das Programm des Theaters Basel vor. Bild Nicole Nars-Zimmer"},{"@type":"BreadcrumbList","@id":"https:\/\/www.johannes-sieber.ch\/move\/theater-arbeit-an-der-oeffnung\/#breadcrumb","itemListElement":[{"@type":"ListItem","position":1,"name":"Startseite","item":"https:\/\/www.johannes-sieber.ch\/move\/"},{"@type":"ListItem","position":2,"name":"Theater: Arbeit an \u00d6ffnung"}]},{"@type":"WebSite","@id":"https:\/\/www.johannes-sieber.ch\/move\/#website","url":"https:\/\/www.johannes-sieber.ch\/move\/","name":"Johannes Sieber","description":"Notizen zu Kultur, Klima, Stadt &amp; Menschen","publisher":{"@id":"https:\/\/www.johannes-sieber.ch\/move\/#\/schema\/person\/d92682c5f067a49d1c1f925bd5422e14"},"potentialAction":[{"@type":"SearchAction","target":{"@type":"EntryPoint","urlTemplate":"https:\/\/www.johannes-sieber.ch\/move\/?s={search_term_string}"},"query-input":{"@type":"PropertyValueSpecification","valueRequired":true,"valueName":"search_term_string"}}],"inLanguage":"de"},{"@type":["Person","Organization"],"@id":"https:\/\/www.johannes-sieber.ch\/move\/#\/schema\/person\/d92682c5f067a49d1c1f925bd5422e14","name":"Johannes Sieber","image":{"@type":"ImageObject","inLanguage":"de","@id":"https:\/\/secure.gravatar.com\/avatar\/31f81941f5205fb74a8b0f15334401b3be15721e177e88208533a81bf8dae247?s=96&d=mm&r=g","url":"https:\/\/secure.gravatar.com\/avatar\/31f81941f5205fb74a8b0f15334401b3be15721e177e88208533a81bf8dae247?s=96&d=mm&r=g","contentUrl":"https:\/\/secure.gravatar.com\/avatar\/31f81941f5205fb74a8b0f15334401b3be15721e177e88208533a81bf8dae247?s=96&d=mm&r=g","caption":"Johannes Sieber"},"logo":{"@id":"https:\/\/secure.gravatar.com\/avatar\/31f81941f5205fb74a8b0f15334401b3be15721e177e88208533a81bf8dae247?s=96&d=mm&r=g"},"sameAs":["https:\/\/www.johannes-sieber.ch\/","https:\/\/www.instagram.com\/johannes__sieber","https:\/\/x.com\/https:\/\/twitter.com\/JohannesSieber"],"url":"https:\/\/www.johannes-sieber.ch\/move\/author\/admin\/"}]}},"jetpack_featured_media_url":"https:\/\/www.johannes-sieber.ch\/move\/wp-content\/uploads\/2020\/06\/leitung_theater_basel_ab_2020.jpg","jetpack_sharing_enabled":true,"_links":{"self":[{"href":"https:\/\/www.johannes-sieber.ch\/move\/wp-json\/wp\/v2\/posts\/1782","targetHints":{"allow":["GET"]}}],"collection":[{"href":"https:\/\/www.johannes-sieber.ch\/move\/wp-json\/wp\/v2\/posts"}],"about":[{"href":"https:\/\/www.johannes-sieber.ch\/move\/wp-json\/wp\/v2\/types\/post"}],"author":[{"embeddable":true,"href":"https:\/\/www.johannes-sieber.ch\/move\/wp-json\/wp\/v2\/users\/1"}],"replies":[{"embeddable":true,"href":"https:\/\/www.johannes-sieber.ch\/move\/wp-json\/wp\/v2\/comments?post=1782"}],"version-history":[{"count":29,"href":"https:\/\/www.johannes-sieber.ch\/move\/wp-json\/wp\/v2\/posts\/1782\/revisions"}],"predecessor-version":[{"id":1819,"href":"https:\/\/www.johannes-sieber.ch\/move\/wp-json\/wp\/v2\/posts\/1782\/revisions\/1819"}],"wp:featuredmedia":[{"embeddable":true,"href":"https:\/\/www.johannes-sieber.ch\/move\/wp-json\/wp\/v2\/media\/1784"}],"wp:attachment":[{"href":"https:\/\/www.johannes-sieber.ch\/move\/wp-json\/wp\/v2\/media?parent=1782"}],"wp:term":[{"taxonomy":"category","embeddable":true,"href":"https:\/\/www.johannes-sieber.ch\/move\/wp-json\/wp\/v2\/categories?post=1782"},{"taxonomy":"post_tag","embeddable":true,"href":"https:\/\/www.johannes-sieber.ch\/move\/wp-json\/wp\/v2\/tags?post=1782"}],"curies":[{"name":"wp","href":"https:\/\/api.w.org\/{rel}","templated":true}]}}