{"id":1912,"date":"2020-06-27T13:04:13","date_gmt":"2020-06-27T12:04:13","guid":{"rendered":"https:\/\/www.johannes-sieber.ch\/move\/?p=1912"},"modified":"2020-06-27T19:00:44","modified_gmt":"2020-06-27T18:00:44","slug":"menschen-gegen-abschottung","status":"publish","type":"post","link":"https:\/\/www.johannes-sieber.ch\/move\/menschen-gegen-abschottung\/","title":{"rendered":"Menschen gegen Abschottung"},"content":{"rendered":"\n<p>Die Begrenzungsinitiative \u2013 die neue Wahlkampf-Initiative der SVP \u2013 hat gem\u00e4ss der ersten Umfrage der Gsf-Bern keine guten Chancen. Nur gerade 29% der Befragten w\u00fcrden der Initiative zustimmen. 69% lehnen sie ab. Allerdings hat der Abstimmungskampf noch nicht begonnen und: die Initiative ist brandgef\u00e4hrlich.<\/p>\n\n\n\n<p>Hintergrund: Nach der knappen Annahme der eidgen\u00f6ssische Volksinitiative \u00abGegen Masseneinwanderung\u00bb (2014) sieht die SVP ihr Anliegen nicht ausreichend umgesetzt. Nach wie vor sieht sie die Schweiz durch \u00abmassive Zuwanderung\u00bb bedroht, die es zu stoppen gilt. Darum legt sie jetzt mit der Volksinitiative \u00abF\u00fcr eine massvolle Zuwanderung (Begrenzungsinitiative)\u00bb nach. Die Abstimmung findet am 27. September statt.<\/p>\n\n\n\n<p>Die Initiative gef\u00e4hrdet nicht nur die Personenfreiz\u00fcgigkeit, nicht nur die bilateralen Vertr\u00e4ge, nicht nur unsere Wirtschaft und nicht nur unsere freiheitlichen Errungenschaften \u2013 sondern ganz grunds\u00e4tzlich unsere Beziehungen in und mit Europa: Es geht folglich um das zuk\u00fcnftige Zusammenleben von allen Menschen mitten in Europa.<\/p>\n\n\n\n<p>Bei der Operation Libero, die 2014 als Reaktion auf die Annahme der ersten Abschottungsinitiative der SVP entstanden ist, ist man berechtigterweise in Alarmbereitschaft und gut vorbereitet: Bis zum Abstimmungsdatum <a rel=\"noreferrer noopener\" href=\"https:\/\/beta.operation-libero.ch\/de\" target=\"_blank\">erz\u00e4hlen reale Menschen wahre Geschichten von europ\u00e4ischer Freiheit als Lebensrealit\u00e4t<\/a>. \u00dcber 40 Personen haben sich vom Fotografen Maurice Haas ablichten lassen \u2013 f\u00fcr den Kampf gegen die Begrenzungsinitiative.<\/p>\n\n\n\n<p><\/p>\n\n\n\n<p>\u00dcbrigens: Alle Parteien \u2013 ausser die SVP \u2013 empfehlen die Initiative zur Ablehnung. Das war allerdings auch 2014 der Fall.<\/p>\n\n\n\n<p><\/p>\n\n\n\n<p class=\"hinweisbox\">Website<br>Operation Libero &#8211; 40 Portraits vom Fotografen Maurice Haas<br><a rel=\"noreferrer noopener\" href=\"https:\/\/beta.operation-libero.ch\/de\" target=\"_blank\">Operation Libero<\/a><\/p>\n\n\n\n<p class=\"hinweisbox\">Zeitung: bzBasel, Kommentar Patrik M\u00fcller, 27.06.2020<br>F\u00fcnf Gr\u00fcnde, warum die neue SVP-Initiative weniger gute Chancen hat<br><a rel=\"noreferrer noopener\" href=\"https:\/\/www.bzbasel.ch\/kommentare-aaz\/zuwanderung-fuenf-gruende-warum-die-neue-svp-initiative-weniger-gute-chancen-hat-als-das-erfolgreiche-original-138281983\" target=\"_blank\">bz Zeitung f\u00fcr die Region Basel<\/a><\/p>\n\n\n\n<p><\/p>\n\n\n\n<p class=\"hinweisbox\">TV: SRF, Tagesschau, 26.06.2020<br>Fehlstart f\u00fcr die Initiative gegen Personenfreiz\u00fcgigkeit<br><a href=\"https:\/\/www.srf.ch\/news\/schweiz\/erste-grosse-umfrage-fehlstart-fuer-die-initiative-gegen-personenfreizuegigkeit\" target=\"_blank\" rel=\"noreferrer noopener\">Schweizer Radio und Fernsehen<\/a><\/p>\n\n\n\n<p><\/p>\n\n\n\n<p class=\"hinweisbox\">TV: SRF, 10vor10, 26.06.2020<br>Fokus: Interview mit Kampagnenleiterin Esther Friedli<a href=\"Fokus: Interview mit Kampagnenleiterin Esther Friedli\"><\/a><br><a href=\"https:\/\/www.srf.ch\/play\/tv\/sendung\/10vor10?id=c38cc259-b5cd-4ac1-b901-e3fddd901a3d\" target=\"_blank\" rel=\"noreferrer noopener\">Schweizer Radio und Fernsehen<\/a><\/p>\n\n\n\n<p class=\"fotoquelle\">Foto zur Notiz: Maurice Haas, Kampagne Operation Libero<\/p>\n","protected":false},"excerpt":{"rendered":"<p>Die Begrenzungsinitiative \u2013 die neue Wahlkampf-Initiative der SVP \u2013 hat gem\u00e4ss der ersten Umfrage der Gsf-Bern keine guten Chancen. Nur gerade 29% der Befragten w\u00fcrden der Initiative zustimmen. 69% lehnen sie ab. Allerdings hat der&#8230;<\/p>\n","protected":false},"author":1,"featured_media":1932,"comment_status":"closed","ping_status":"open","sticky":false,"template":"","format":"standard","meta":{"_jetpack_memberships_contains_paid_content":false,"footnotes":""},"categories":[33,36],"tags":[],"class_list":["post-1912","post","type-post","status-publish","format-standard","has-post-thumbnail","hentry","category-kultur","category-position"],"yoast_head":"<!-- This site is optimized with the Yoast SEO plugin v27.4 - https:\/\/yoast.com\/product\/yoast-seo-wordpress\/ -->\n<title>Menschen gegen Abschottung - Johannes Sieber<\/title>\n<meta name=\"robots\" content=\"index, follow, max-snippet:-1, max-image-preview:large, max-video-preview:-1\" \/>\n<link rel=\"canonical\" href=\"https:\/\/www.johannes-sieber.ch\/move\/menschen-gegen-abschottung\/\" \/>\n<meta property=\"og:locale\" content=\"de_DE\" \/>\n<meta property=\"og:type\" content=\"article\" \/>\n<meta property=\"og:title\" content=\"Menschen gegen Abschottung - Johannes Sieber\" \/>\n<meta property=\"og:description\" content=\"Die Begrenzungsinitiative \u2013 die neue Wahlkampf-Initiative der SVP \u2013 hat gem\u00e4ss der ersten Umfrage der Gsf-Bern keine guten Chancen. Nur gerade 29% der Befragten w\u00fcrden der Initiative zustimmen. 69% lehnen sie ab. Allerdings hat der...\" \/>\n<meta property=\"og:url\" content=\"https:\/\/www.johannes-sieber.ch\/move\/menschen-gegen-abschottung\/\" \/>\n<meta property=\"og:site_name\" content=\"Johannes Sieber\" \/>\n<meta property=\"article:published_time\" content=\"2020-06-27T12:04:13+00:00\" \/>\n<meta property=\"article:modified_time\" content=\"2020-06-27T18:00:44+00:00\" \/>\n<meta property=\"og:image\" content=\"https:\/\/www.johannes-sieber.ch\/move\/wp-content\/uploads\/2020\/06\/portraits.jpg\" \/>\n\t<meta property=\"og:image:width\" content=\"1882\" \/>\n\t<meta property=\"og:image:height\" content=\"1335\" \/>\n\t<meta property=\"og:image:type\" content=\"image\/jpeg\" \/>\n<meta name=\"author\" content=\"Johannes Sieber\" \/>\n<meta name=\"twitter:card\" content=\"summary_large_image\" \/>\n<meta name=\"twitter:creator\" content=\"@https:\/\/twitter.com\/JohannesSieber\" \/>\n<meta name=\"twitter:site\" content=\"@JohannesSieber\" \/>\n<meta name=\"twitter:label1\" content=\"Verfasst von\" \/>\n\t<meta name=\"twitter:data1\" content=\"Johannes Sieber\" \/>\n\t<meta name=\"twitter:label2\" content=\"Gesch\u00e4tzte Lesezeit\" \/>\n\t<meta name=\"twitter:data2\" content=\"1\u00a0Minute\" \/>\n<script type=\"application\/ld+json\" class=\"yoast-schema-graph\">{\"@context\":\"https:\\\/\\\/schema.org\",\"@graph\":[{\"@type\":\"Article\",\"@id\":\"https:\\\/\\\/www.johannes-sieber.ch\\\/move\\\/menschen-gegen-abschottung\\\/#article\",\"isPartOf\":{\"@id\":\"https:\\\/\\\/www.johannes-sieber.ch\\\/move\\\/menschen-gegen-abschottung\\\/\"},\"author\":{\"name\":\"Johannes Sieber\",\"@id\":\"https:\\\/\\\/www.johannes-sieber.ch\\\/move\\\/#\\\/schema\\\/person\\\/d92682c5f067a49d1c1f925bd5422e14\"},\"headline\":\"Menschen gegen Abschottung\",\"datePublished\":\"2020-06-27T12:04:13+00:00\",\"dateModified\":\"2020-06-27T18:00:44+00:00\",\"mainEntityOfPage\":{\"@id\":\"https:\\\/\\\/www.johannes-sieber.ch\\\/move\\\/menschen-gegen-abschottung\\\/\"},\"wordCount\":296,\"publisher\":{\"@id\":\"https:\\\/\\\/www.johannes-sieber.ch\\\/move\\\/#\\\/schema\\\/person\\\/d92682c5f067a49d1c1f925bd5422e14\"},\"image\":{\"@id\":\"https:\\\/\\\/www.johannes-sieber.ch\\\/move\\\/menschen-gegen-abschottung\\\/#primaryimage\"},\"thumbnailUrl\":\"https:\\\/\\\/www.johannes-sieber.ch\\\/move\\\/wp-content\\\/uploads\\\/2020\\\/06\\\/portraits.jpg\",\"articleSection\":[\"Kultur\",\"Position\"],\"inLanguage\":\"de\"},{\"@type\":\"WebPage\",\"@id\":\"https:\\\/\\\/www.johannes-sieber.ch\\\/move\\\/menschen-gegen-abschottung\\\/\",\"url\":\"https:\\\/\\\/www.johannes-sieber.ch\\\/move\\\/menschen-gegen-abschottung\\\/\",\"name\":\"Menschen gegen Abschottung - Johannes Sieber\",\"isPartOf\":{\"@id\":\"https:\\\/\\\/www.johannes-sieber.ch\\\/move\\\/#website\"},\"primaryImageOfPage\":{\"@id\":\"https:\\\/\\\/www.johannes-sieber.ch\\\/move\\\/menschen-gegen-abschottung\\\/#primaryimage\"},\"image\":{\"@id\":\"https:\\\/\\\/www.johannes-sieber.ch\\\/move\\\/menschen-gegen-abschottung\\\/#primaryimage\"},\"thumbnailUrl\":\"https:\\\/\\\/www.johannes-sieber.ch\\\/move\\\/wp-content\\\/uploads\\\/2020\\\/06\\\/portraits.jpg\",\"datePublished\":\"2020-06-27T12:04:13+00:00\",\"dateModified\":\"2020-06-27T18:00:44+00:00\",\"breadcrumb\":{\"@id\":\"https:\\\/\\\/www.johannes-sieber.ch\\\/move\\\/menschen-gegen-abschottung\\\/#breadcrumb\"},\"inLanguage\":\"de\",\"potentialAction\":[{\"@type\":\"ReadAction\",\"target\":[\"https:\\\/\\\/www.johannes-sieber.ch\\\/move\\\/menschen-gegen-abschottung\\\/\"]}]},{\"@type\":\"ImageObject\",\"inLanguage\":\"de\",\"@id\":\"https:\\\/\\\/www.johannes-sieber.ch\\\/move\\\/menschen-gegen-abschottung\\\/#primaryimage\",\"url\":\"https:\\\/\\\/www.johannes-sieber.ch\\\/move\\\/wp-content\\\/uploads\\\/2020\\\/06\\\/portraits.jpg\",\"contentUrl\":\"https:\\\/\\\/www.johannes-sieber.ch\\\/move\\\/wp-content\\\/uploads\\\/2020\\\/06\\\/portraits.jpg\",\"width\":1882,\"height\":1335,\"caption\":\"Portraits by Maurice Haas, Kampagne Operation Libero\"},{\"@type\":\"BreadcrumbList\",\"@id\":\"https:\\\/\\\/www.johannes-sieber.ch\\\/move\\\/menschen-gegen-abschottung\\\/#breadcrumb\",\"itemListElement\":[{\"@type\":\"ListItem\",\"position\":1,\"name\":\"Startseite\",\"item\":\"https:\\\/\\\/www.johannes-sieber.ch\\\/move\\\/\"},{\"@type\":\"ListItem\",\"position\":2,\"name\":\"Menschen gegen Abschottung\"}]},{\"@type\":\"WebSite\",\"@id\":\"https:\\\/\\\/www.johannes-sieber.ch\\\/move\\\/#website\",\"url\":\"https:\\\/\\\/www.johannes-sieber.ch\\\/move\\\/\",\"name\":\"Johannes Sieber\",\"description\":\"Notizen zu Kultur, Klima, Stadt &amp; Menschen\",\"publisher\":{\"@id\":\"https:\\\/\\\/www.johannes-sieber.ch\\\/move\\\/#\\\/schema\\\/person\\\/d92682c5f067a49d1c1f925bd5422e14\"},\"potentialAction\":[{\"@type\":\"SearchAction\",\"target\":{\"@type\":\"EntryPoint\",\"urlTemplate\":\"https:\\\/\\\/www.johannes-sieber.ch\\\/move\\\/?s={search_term_string}\"},\"query-input\":{\"@type\":\"PropertyValueSpecification\",\"valueRequired\":true,\"valueName\":\"search_term_string\"}}],\"inLanguage\":\"de\"},{\"@type\":[\"Person\",\"Organization\"],\"@id\":\"https:\\\/\\\/www.johannes-sieber.ch\\\/move\\\/#\\\/schema\\\/person\\\/d92682c5f067a49d1c1f925bd5422e14\",\"name\":\"Johannes Sieber\",\"image\":{\"@type\":\"ImageObject\",\"inLanguage\":\"de\",\"@id\":\"https:\\\/\\\/secure.gravatar.com\\\/avatar\\\/31f81941f5205fb74a8b0f15334401b3be15721e177e88208533a81bf8dae247?s=96&d=mm&r=g\",\"url\":\"https:\\\/\\\/secure.gravatar.com\\\/avatar\\\/31f81941f5205fb74a8b0f15334401b3be15721e177e88208533a81bf8dae247?s=96&d=mm&r=g\",\"contentUrl\":\"https:\\\/\\\/secure.gravatar.com\\\/avatar\\\/31f81941f5205fb74a8b0f15334401b3be15721e177e88208533a81bf8dae247?s=96&d=mm&r=g\",\"caption\":\"Johannes Sieber\"},\"logo\":{\"@id\":\"https:\\\/\\\/secure.gravatar.com\\\/avatar\\\/31f81941f5205fb74a8b0f15334401b3be15721e177e88208533a81bf8dae247?s=96&d=mm&r=g\"},\"sameAs\":[\"https:\\\/\\\/www.johannes-sieber.ch\\\/\",\"https:\\\/\\\/www.instagram.com\\\/johannes__sieber\",\"https:\\\/\\\/x.com\\\/https:\\\/\\\/twitter.com\\\/JohannesSieber\"],\"url\":\"https:\\\/\\\/www.johannes-sieber.ch\\\/move\\\/author\\\/admin\\\/\"}]}<\/script>\n<!-- \/ Yoast SEO plugin. -->","yoast_head_json":{"title":"Menschen gegen Abschottung - Johannes Sieber","robots":{"index":"index","follow":"follow","max-snippet":"max-snippet:-1","max-image-preview":"max-image-preview:large","max-video-preview":"max-video-preview:-1"},"canonical":"https:\/\/www.johannes-sieber.ch\/move\/menschen-gegen-abschottung\/","og_locale":"de_DE","og_type":"article","og_title":"Menschen gegen Abschottung - Johannes Sieber","og_description":"Die Begrenzungsinitiative \u2013 die neue Wahlkampf-Initiative der SVP \u2013 hat gem\u00e4ss der ersten Umfrage der Gsf-Bern keine guten Chancen. Nur gerade 29% der Befragten w\u00fcrden der Initiative zustimmen. 69% lehnen sie ab. Allerdings hat der...","og_url":"https:\/\/www.johannes-sieber.ch\/move\/menschen-gegen-abschottung\/","og_site_name":"Johannes Sieber","article_published_time":"2020-06-27T12:04:13+00:00","article_modified_time":"2020-06-27T18:00:44+00:00","og_image":[{"width":1882,"height":1335,"url":"https:\/\/www.johannes-sieber.ch\/move\/wp-content\/uploads\/2020\/06\/portraits.jpg","type":"image\/jpeg"}],"author":"Johannes Sieber","twitter_card":"summary_large_image","twitter_creator":"@https:\/\/twitter.com\/JohannesSieber","twitter_site":"@JohannesSieber","twitter_misc":{"Verfasst von":"Johannes Sieber","Gesch\u00e4tzte Lesezeit":"1\u00a0Minute"},"schema":{"@context":"https:\/\/schema.org","@graph":[{"@type":"Article","@id":"https:\/\/www.johannes-sieber.ch\/move\/menschen-gegen-abschottung\/#article","isPartOf":{"@id":"https:\/\/www.johannes-sieber.ch\/move\/menschen-gegen-abschottung\/"},"author":{"name":"Johannes Sieber","@id":"https:\/\/www.johannes-sieber.ch\/move\/#\/schema\/person\/d92682c5f067a49d1c1f925bd5422e14"},"headline":"Menschen gegen Abschottung","datePublished":"2020-06-27T12:04:13+00:00","dateModified":"2020-06-27T18:00:44+00:00","mainEntityOfPage":{"@id":"https:\/\/www.johannes-sieber.ch\/move\/menschen-gegen-abschottung\/"},"wordCount":296,"publisher":{"@id":"https:\/\/www.johannes-sieber.ch\/move\/#\/schema\/person\/d92682c5f067a49d1c1f925bd5422e14"},"image":{"@id":"https:\/\/www.johannes-sieber.ch\/move\/menschen-gegen-abschottung\/#primaryimage"},"thumbnailUrl":"https:\/\/www.johannes-sieber.ch\/move\/wp-content\/uploads\/2020\/06\/portraits.jpg","articleSection":["Kultur","Position"],"inLanguage":"de"},{"@type":"WebPage","@id":"https:\/\/www.johannes-sieber.ch\/move\/menschen-gegen-abschottung\/","url":"https:\/\/www.johannes-sieber.ch\/move\/menschen-gegen-abschottung\/","name":"Menschen gegen Abschottung - Johannes Sieber","isPartOf":{"@id":"https:\/\/www.johannes-sieber.ch\/move\/#website"},"primaryImageOfPage":{"@id":"https:\/\/www.johannes-sieber.ch\/move\/menschen-gegen-abschottung\/#primaryimage"},"image":{"@id":"https:\/\/www.johannes-sieber.ch\/move\/menschen-gegen-abschottung\/#primaryimage"},"thumbnailUrl":"https:\/\/www.johannes-sieber.ch\/move\/wp-content\/uploads\/2020\/06\/portraits.jpg","datePublished":"2020-06-27T12:04:13+00:00","dateModified":"2020-06-27T18:00:44+00:00","breadcrumb":{"@id":"https:\/\/www.johannes-sieber.ch\/move\/menschen-gegen-abschottung\/#breadcrumb"},"inLanguage":"de","potentialAction":[{"@type":"ReadAction","target":["https:\/\/www.johannes-sieber.ch\/move\/menschen-gegen-abschottung\/"]}]},{"@type":"ImageObject","inLanguage":"de","@id":"https:\/\/www.johannes-sieber.ch\/move\/menschen-gegen-abschottung\/#primaryimage","url":"https:\/\/www.johannes-sieber.ch\/move\/wp-content\/uploads\/2020\/06\/portraits.jpg","contentUrl":"https:\/\/www.johannes-sieber.ch\/move\/wp-content\/uploads\/2020\/06\/portraits.jpg","width":1882,"height":1335,"caption":"Portraits by Maurice Haas, Kampagne Operation Libero"},{"@type":"BreadcrumbList","@id":"https:\/\/www.johannes-sieber.ch\/move\/menschen-gegen-abschottung\/#breadcrumb","itemListElement":[{"@type":"ListItem","position":1,"name":"Startseite","item":"https:\/\/www.johannes-sieber.ch\/move\/"},{"@type":"ListItem","position":2,"name":"Menschen gegen Abschottung"}]},{"@type":"WebSite","@id":"https:\/\/www.johannes-sieber.ch\/move\/#website","url":"https:\/\/www.johannes-sieber.ch\/move\/","name":"Johannes Sieber","description":"Notizen zu Kultur, Klima, Stadt &amp; Menschen","publisher":{"@id":"https:\/\/www.johannes-sieber.ch\/move\/#\/schema\/person\/d92682c5f067a49d1c1f925bd5422e14"},"potentialAction":[{"@type":"SearchAction","target":{"@type":"EntryPoint","urlTemplate":"https:\/\/www.johannes-sieber.ch\/move\/?s={search_term_string}"},"query-input":{"@type":"PropertyValueSpecification","valueRequired":true,"valueName":"search_term_string"}}],"inLanguage":"de"},{"@type":["Person","Organization"],"@id":"https:\/\/www.johannes-sieber.ch\/move\/#\/schema\/person\/d92682c5f067a49d1c1f925bd5422e14","name":"Johannes Sieber","image":{"@type":"ImageObject","inLanguage":"de","@id":"https:\/\/secure.gravatar.com\/avatar\/31f81941f5205fb74a8b0f15334401b3be15721e177e88208533a81bf8dae247?s=96&d=mm&r=g","url":"https:\/\/secure.gravatar.com\/avatar\/31f81941f5205fb74a8b0f15334401b3be15721e177e88208533a81bf8dae247?s=96&d=mm&r=g","contentUrl":"https:\/\/secure.gravatar.com\/avatar\/31f81941f5205fb74a8b0f15334401b3be15721e177e88208533a81bf8dae247?s=96&d=mm&r=g","caption":"Johannes Sieber"},"logo":{"@id":"https:\/\/secure.gravatar.com\/avatar\/31f81941f5205fb74a8b0f15334401b3be15721e177e88208533a81bf8dae247?s=96&d=mm&r=g"},"sameAs":["https:\/\/www.johannes-sieber.ch\/","https:\/\/www.instagram.com\/johannes__sieber","https:\/\/x.com\/https:\/\/twitter.com\/JohannesSieber"],"url":"https:\/\/www.johannes-sieber.ch\/move\/author\/admin\/"}]}},"jetpack_featured_media_url":"https:\/\/www.johannes-sieber.ch\/move\/wp-content\/uploads\/2020\/06\/portraits.jpg","jetpack_sharing_enabled":true,"_links":{"self":[{"href":"https:\/\/www.johannes-sieber.ch\/move\/wp-json\/wp\/v2\/posts\/1912","targetHints":{"allow":["GET"]}}],"collection":[{"href":"https:\/\/www.johannes-sieber.ch\/move\/wp-json\/wp\/v2\/posts"}],"about":[{"href":"https:\/\/www.johannes-sieber.ch\/move\/wp-json\/wp\/v2\/types\/post"}],"author":[{"embeddable":true,"href":"https:\/\/www.johannes-sieber.ch\/move\/wp-json\/wp\/v2\/users\/1"}],"replies":[{"embeddable":true,"href":"https:\/\/www.johannes-sieber.ch\/move\/wp-json\/wp\/v2\/comments?post=1912"}],"version-history":[{"count":21,"href":"https:\/\/www.johannes-sieber.ch\/move\/wp-json\/wp\/v2\/posts\/1912\/revisions"}],"predecessor-version":[{"id":1937,"href":"https:\/\/www.johannes-sieber.ch\/move\/wp-json\/wp\/v2\/posts\/1912\/revisions\/1937"}],"wp:featuredmedia":[{"embeddable":true,"href":"https:\/\/www.johannes-sieber.ch\/move\/wp-json\/wp\/v2\/media\/1932"}],"wp:attachment":[{"href":"https:\/\/www.johannes-sieber.ch\/move\/wp-json\/wp\/v2\/media?parent=1912"}],"wp:term":[{"taxonomy":"category","embeddable":true,"href":"https:\/\/www.johannes-sieber.ch\/move\/wp-json\/wp\/v2\/categories?post=1912"},{"taxonomy":"post_tag","embeddable":true,"href":"https:\/\/www.johannes-sieber.ch\/move\/wp-json\/wp\/v2\/tags?post=1912"}],"curies":[{"name":"wp","href":"https:\/\/api.w.org\/{rel}","templated":true}]}}