{"id":2036,"date":"2020-07-14T06:17:17","date_gmt":"2020-07-14T05:17:17","guid":{"rendered":"https:\/\/www.johannes-sieber.ch\/move\/?p=2036"},"modified":"2020-07-14T06:21:14","modified_gmt":"2020-07-14T05:21:14","slug":"masken-gratis-abgeben","status":"publish","type":"post","link":"https:\/\/www.johannes-sieber.ch\/move\/masken-gratis-abgeben\/","title":{"rendered":"Sozialhilfe: Masken abgeben!"},"content":{"rendered":"\n<p>In Baselland sollen Personen, die Sozialhilfe beziehen, in einer Einzelfallpr\u00fcfung nachweisen, warum der Erwerb von Schutzmasken f\u00fcr sie unter Extrabedarf f\u00e4llt. Nur dann werden diese finanziert.<\/p>\n\n\n\n<p>Die Pr\u00fcfung der sogenannten \u00abweiteren notwendigen Aufwendung\u00bb sei darum notwendig, weil der Bedarf unterschiedlich hoch sei, meint der Leiter des kantonalen Sozialamtes. Er delegiert das Problem an die Gemeinden.<\/p>\n\n\n\n<p>Dar\u00fcber lohnt es sich mal drei Minuten nachzudenken.<\/p>\n\n\n\n<p>W\u00e4hrend Baselland die Einzelfall-Pr\u00fcfung auf Gemeindeebene noch in die Wege leitet, erhalten im Jura Personen, die Pr\u00e4mienverbilligung beziehen, bereits eine Packung pro Monat gratis. Basel-Stadt will eine \u00e4hnliche L\u00f6sung pr\u00fcfen. Immerhin!<\/p>\n\n\n\n<p class=\"hinweisbox\">Zeitung: bzBasel 14.07.2020<br>Baselland will seinen Sozialhilfebez\u00fcgern keine Gesichtsmasken sponsern<br><a rel=\"noreferrer noopener\" href=\"https:\/\/www.bzbasel.ch\/basel\/basel-stadt\/teure-maskenpflicht-doch-baselland-will-seinen-sozialhilfebezuegern-keine-gesichtsmasken-sponsern-138446882\" target=\"_blank\">bz &#8211; Zeitung f\u00fcr die Region Basel<\/a><\/p>\n\n\n\n<p class=\"fotoquelle\">Foto zur Notiz: Urs Jaudas, Thuner Tagblatt<\/p>\n\n\n\n<p><\/p>\n","protected":false},"excerpt":{"rendered":"<p>In Baselland sollen Personen, die Sozialhilfe beziehen, in einer Einzelfallpr\u00fcfung nachweisen, warum der Erwerb von Schutzmasken f\u00fcr sie unter Extrabedarf f\u00e4llt. Nur dann werden diese finanziert. Die Pr\u00fcfung der sogenannten \u00abweiteren notwendigen Aufwendung\u00bb sei darum&#8230;<\/p>\n","protected":false},"author":1,"featured_media":2038,"comment_status":"closed","ping_status":"open","sticky":false,"template":"","format":"standard","meta":{"_jetpack_memberships_contains_paid_content":false,"footnotes":""},"categories":[38,36],"tags":[21,59],"class_list":["post-2036","post","type-post","status-publish","format-standard","has-post-thumbnail","hentry","category-gleichstellung","category-position","tag-gleichstellung","tag-sozialhilfe"],"yoast_head":"<!-- This site is optimized with the Yoast SEO plugin v27.4 - https:\/\/yoast.com\/product\/yoast-seo-wordpress\/ -->\n<title>Sozialhilfe: Masken abgeben! - Johannes Sieber<\/title>\n<meta name=\"robots\" content=\"index, follow, max-snippet:-1, max-image-preview:large, max-video-preview:-1\" \/>\n<link rel=\"canonical\" href=\"https:\/\/www.johannes-sieber.ch\/move\/masken-gratis-abgeben\/\" \/>\n<meta property=\"og:locale\" content=\"de_DE\" \/>\n<meta property=\"og:type\" content=\"article\" \/>\n<meta property=\"og:title\" content=\"Sozialhilfe: Masken abgeben! - Johannes Sieber\" \/>\n<meta property=\"og:description\" content=\"In Baselland sollen Personen, die Sozialhilfe beziehen, in einer Einzelfallpr\u00fcfung nachweisen, warum der Erwerb von Schutzmasken f\u00fcr sie unter Extrabedarf f\u00e4llt. Nur dann werden diese finanziert. Die Pr\u00fcfung der sogenannten \u00abweiteren notwendigen Aufwendung\u00bb sei darum...\" \/>\n<meta property=\"og:url\" content=\"https:\/\/www.johannes-sieber.ch\/move\/masken-gratis-abgeben\/\" \/>\n<meta property=\"og:site_name\" content=\"Johannes Sieber\" \/>\n<meta property=\"article:published_time\" content=\"2020-07-14T05:17:17+00:00\" \/>\n<meta property=\"article:modified_time\" content=\"2020-07-14T05:21:14+00:00\" \/>\n<meta property=\"og:image\" content=\"https:\/\/www.johannes-sieber.ch\/move\/wp-content\/uploads\/2020\/07\/maske.jpg\" \/>\n\t<meta property=\"og:image:width\" content=\"2001\" \/>\n\t<meta property=\"og:image:height\" content=\"1334\" \/>\n\t<meta property=\"og:image:type\" content=\"image\/jpeg\" \/>\n<meta name=\"author\" content=\"Johannes Sieber\" \/>\n<meta name=\"twitter:card\" content=\"summary_large_image\" \/>\n<meta name=\"twitter:creator\" content=\"@https:\/\/twitter.com\/JohannesSieber\" \/>\n<meta name=\"twitter:site\" content=\"@JohannesSieber\" \/>\n<meta name=\"twitter:label1\" content=\"Verfasst von\" \/>\n\t<meta name=\"twitter:data1\" content=\"Johannes Sieber\" \/>\n\t<meta name=\"twitter:label2\" content=\"Gesch\u00e4tzte Lesezeit\" \/>\n\t<meta name=\"twitter:data2\" content=\"1\u00a0Minute\" \/>\n<script type=\"application\/ld+json\" class=\"yoast-schema-graph\">{\"@context\":\"https:\\\/\\\/schema.org\",\"@graph\":[{\"@type\":\"Article\",\"@id\":\"https:\\\/\\\/www.johannes-sieber.ch\\\/move\\\/masken-gratis-abgeben\\\/#article\",\"isPartOf\":{\"@id\":\"https:\\\/\\\/www.johannes-sieber.ch\\\/move\\\/masken-gratis-abgeben\\\/\"},\"author\":{\"name\":\"Johannes Sieber\",\"@id\":\"https:\\\/\\\/www.johannes-sieber.ch\\\/move\\\/#\\\/schema\\\/person\\\/d92682c5f067a49d1c1f925bd5422e14\"},\"headline\":\"Sozialhilfe: Masken abgeben!\",\"datePublished\":\"2020-07-14T05:17:17+00:00\",\"dateModified\":\"2020-07-14T05:21:14+00:00\",\"mainEntityOfPage\":{\"@id\":\"https:\\\/\\\/www.johannes-sieber.ch\\\/move\\\/masken-gratis-abgeben\\\/\"},\"wordCount\":132,\"publisher\":{\"@id\":\"https:\\\/\\\/www.johannes-sieber.ch\\\/move\\\/#\\\/schema\\\/person\\\/d92682c5f067a49d1c1f925bd5422e14\"},\"image\":{\"@id\":\"https:\\\/\\\/www.johannes-sieber.ch\\\/move\\\/masken-gratis-abgeben\\\/#primaryimage\"},\"thumbnailUrl\":\"https:\\\/\\\/www.johannes-sieber.ch\\\/move\\\/wp-content\\\/uploads\\\/2020\\\/07\\\/maske.jpg\",\"keywords\":[\"Gleichstellung\",\"Sozialhilfe\"],\"articleSection\":[\"Gleichstellung\",\"Position\"],\"inLanguage\":\"de\"},{\"@type\":\"WebPage\",\"@id\":\"https:\\\/\\\/www.johannes-sieber.ch\\\/move\\\/masken-gratis-abgeben\\\/\",\"url\":\"https:\\\/\\\/www.johannes-sieber.ch\\\/move\\\/masken-gratis-abgeben\\\/\",\"name\":\"Sozialhilfe: Masken abgeben! - Johannes Sieber\",\"isPartOf\":{\"@id\":\"https:\\\/\\\/www.johannes-sieber.ch\\\/move\\\/#website\"},\"primaryImageOfPage\":{\"@id\":\"https:\\\/\\\/www.johannes-sieber.ch\\\/move\\\/masken-gratis-abgeben\\\/#primaryimage\"},\"image\":{\"@id\":\"https:\\\/\\\/www.johannes-sieber.ch\\\/move\\\/masken-gratis-abgeben\\\/#primaryimage\"},\"thumbnailUrl\":\"https:\\\/\\\/www.johannes-sieber.ch\\\/move\\\/wp-content\\\/uploads\\\/2020\\\/07\\\/maske.jpg\",\"datePublished\":\"2020-07-14T05:17:17+00:00\",\"dateModified\":\"2020-07-14T05:21:14+00:00\",\"breadcrumb\":{\"@id\":\"https:\\\/\\\/www.johannes-sieber.ch\\\/move\\\/masken-gratis-abgeben\\\/#breadcrumb\"},\"inLanguage\":\"de\",\"potentialAction\":[{\"@type\":\"ReadAction\",\"target\":[\"https:\\\/\\\/www.johannes-sieber.ch\\\/move\\\/masken-gratis-abgeben\\\/\"]}]},{\"@type\":\"ImageObject\",\"inLanguage\":\"de\",\"@id\":\"https:\\\/\\\/www.johannes-sieber.ch\\\/move\\\/masken-gratis-abgeben\\\/#primaryimage\",\"url\":\"https:\\\/\\\/www.johannes-sieber.ch\\\/move\\\/wp-content\\\/uploads\\\/2020\\\/07\\\/maske.jpg\",\"contentUrl\":\"https:\\\/\\\/www.johannes-sieber.ch\\\/move\\\/wp-content\\\/uploads\\\/2020\\\/07\\\/maske.jpg\",\"width\":2001,\"height\":1334,\"caption\":\"@Urs Jaudas, Thuner Tagblatt\"},{\"@type\":\"BreadcrumbList\",\"@id\":\"https:\\\/\\\/www.johannes-sieber.ch\\\/move\\\/masken-gratis-abgeben\\\/#breadcrumb\",\"itemListElement\":[{\"@type\":\"ListItem\",\"position\":1,\"name\":\"Startseite\",\"item\":\"https:\\\/\\\/www.johannes-sieber.ch\\\/move\\\/\"},{\"@type\":\"ListItem\",\"position\":2,\"name\":\"Sozialhilfe: Masken abgeben!\"}]},{\"@type\":\"WebSite\",\"@id\":\"https:\\\/\\\/www.johannes-sieber.ch\\\/move\\\/#website\",\"url\":\"https:\\\/\\\/www.johannes-sieber.ch\\\/move\\\/\",\"name\":\"Johannes Sieber\",\"description\":\"Notizen zu Kultur, Klima, Stadt &amp; Menschen\",\"publisher\":{\"@id\":\"https:\\\/\\\/www.johannes-sieber.ch\\\/move\\\/#\\\/schema\\\/person\\\/d92682c5f067a49d1c1f925bd5422e14\"},\"potentialAction\":[{\"@type\":\"SearchAction\",\"target\":{\"@type\":\"EntryPoint\",\"urlTemplate\":\"https:\\\/\\\/www.johannes-sieber.ch\\\/move\\\/?s={search_term_string}\"},\"query-input\":{\"@type\":\"PropertyValueSpecification\",\"valueRequired\":true,\"valueName\":\"search_term_string\"}}],\"inLanguage\":\"de\"},{\"@type\":[\"Person\",\"Organization\"],\"@id\":\"https:\\\/\\\/www.johannes-sieber.ch\\\/move\\\/#\\\/schema\\\/person\\\/d92682c5f067a49d1c1f925bd5422e14\",\"name\":\"Johannes Sieber\",\"image\":{\"@type\":\"ImageObject\",\"inLanguage\":\"de\",\"@id\":\"https:\\\/\\\/secure.gravatar.com\\\/avatar\\\/31f81941f5205fb74a8b0f15334401b3be15721e177e88208533a81bf8dae247?s=96&d=mm&r=g\",\"url\":\"https:\\\/\\\/secure.gravatar.com\\\/avatar\\\/31f81941f5205fb74a8b0f15334401b3be15721e177e88208533a81bf8dae247?s=96&d=mm&r=g\",\"contentUrl\":\"https:\\\/\\\/secure.gravatar.com\\\/avatar\\\/31f81941f5205fb74a8b0f15334401b3be15721e177e88208533a81bf8dae247?s=96&d=mm&r=g\",\"caption\":\"Johannes Sieber\"},\"logo\":{\"@id\":\"https:\\\/\\\/secure.gravatar.com\\\/avatar\\\/31f81941f5205fb74a8b0f15334401b3be15721e177e88208533a81bf8dae247?s=96&d=mm&r=g\"},\"sameAs\":[\"https:\\\/\\\/www.johannes-sieber.ch\\\/\",\"https:\\\/\\\/www.instagram.com\\\/johannes__sieber\",\"https:\\\/\\\/x.com\\\/https:\\\/\\\/twitter.com\\\/JohannesSieber\"],\"url\":\"https:\\\/\\\/www.johannes-sieber.ch\\\/move\\\/author\\\/admin\\\/\"}]}<\/script>\n<!-- \/ Yoast SEO plugin. -->","yoast_head_json":{"title":"Sozialhilfe: Masken abgeben! - Johannes Sieber","robots":{"index":"index","follow":"follow","max-snippet":"max-snippet:-1","max-image-preview":"max-image-preview:large","max-video-preview":"max-video-preview:-1"},"canonical":"https:\/\/www.johannes-sieber.ch\/move\/masken-gratis-abgeben\/","og_locale":"de_DE","og_type":"article","og_title":"Sozialhilfe: Masken abgeben! - Johannes Sieber","og_description":"In Baselland sollen Personen, die Sozialhilfe beziehen, in einer Einzelfallpr\u00fcfung nachweisen, warum der Erwerb von Schutzmasken f\u00fcr sie unter Extrabedarf f\u00e4llt. Nur dann werden diese finanziert. Die Pr\u00fcfung der sogenannten \u00abweiteren notwendigen Aufwendung\u00bb sei darum...","og_url":"https:\/\/www.johannes-sieber.ch\/move\/masken-gratis-abgeben\/","og_site_name":"Johannes Sieber","article_published_time":"2020-07-14T05:17:17+00:00","article_modified_time":"2020-07-14T05:21:14+00:00","og_image":[{"width":2001,"height":1334,"url":"https:\/\/www.johannes-sieber.ch\/move\/wp-content\/uploads\/2020\/07\/maske.jpg","type":"image\/jpeg"}],"author":"Johannes Sieber","twitter_card":"summary_large_image","twitter_creator":"@https:\/\/twitter.com\/JohannesSieber","twitter_site":"@JohannesSieber","twitter_misc":{"Verfasst von":"Johannes Sieber","Gesch\u00e4tzte Lesezeit":"1\u00a0Minute"},"schema":{"@context":"https:\/\/schema.org","@graph":[{"@type":"Article","@id":"https:\/\/www.johannes-sieber.ch\/move\/masken-gratis-abgeben\/#article","isPartOf":{"@id":"https:\/\/www.johannes-sieber.ch\/move\/masken-gratis-abgeben\/"},"author":{"name":"Johannes Sieber","@id":"https:\/\/www.johannes-sieber.ch\/move\/#\/schema\/person\/d92682c5f067a49d1c1f925bd5422e14"},"headline":"Sozialhilfe: Masken abgeben!","datePublished":"2020-07-14T05:17:17+00:00","dateModified":"2020-07-14T05:21:14+00:00","mainEntityOfPage":{"@id":"https:\/\/www.johannes-sieber.ch\/move\/masken-gratis-abgeben\/"},"wordCount":132,"publisher":{"@id":"https:\/\/www.johannes-sieber.ch\/move\/#\/schema\/person\/d92682c5f067a49d1c1f925bd5422e14"},"image":{"@id":"https:\/\/www.johannes-sieber.ch\/move\/masken-gratis-abgeben\/#primaryimage"},"thumbnailUrl":"https:\/\/www.johannes-sieber.ch\/move\/wp-content\/uploads\/2020\/07\/maske.jpg","keywords":["Gleichstellung","Sozialhilfe"],"articleSection":["Gleichstellung","Position"],"inLanguage":"de"},{"@type":"WebPage","@id":"https:\/\/www.johannes-sieber.ch\/move\/masken-gratis-abgeben\/","url":"https:\/\/www.johannes-sieber.ch\/move\/masken-gratis-abgeben\/","name":"Sozialhilfe: Masken abgeben! - Johannes Sieber","isPartOf":{"@id":"https:\/\/www.johannes-sieber.ch\/move\/#website"},"primaryImageOfPage":{"@id":"https:\/\/www.johannes-sieber.ch\/move\/masken-gratis-abgeben\/#primaryimage"},"image":{"@id":"https:\/\/www.johannes-sieber.ch\/move\/masken-gratis-abgeben\/#primaryimage"},"thumbnailUrl":"https:\/\/www.johannes-sieber.ch\/move\/wp-content\/uploads\/2020\/07\/maske.jpg","datePublished":"2020-07-14T05:17:17+00:00","dateModified":"2020-07-14T05:21:14+00:00","breadcrumb":{"@id":"https:\/\/www.johannes-sieber.ch\/move\/masken-gratis-abgeben\/#breadcrumb"},"inLanguage":"de","potentialAction":[{"@type":"ReadAction","target":["https:\/\/www.johannes-sieber.ch\/move\/masken-gratis-abgeben\/"]}]},{"@type":"ImageObject","inLanguage":"de","@id":"https:\/\/www.johannes-sieber.ch\/move\/masken-gratis-abgeben\/#primaryimage","url":"https:\/\/www.johannes-sieber.ch\/move\/wp-content\/uploads\/2020\/07\/maske.jpg","contentUrl":"https:\/\/www.johannes-sieber.ch\/move\/wp-content\/uploads\/2020\/07\/maske.jpg","width":2001,"height":1334,"caption":"@Urs Jaudas, Thuner Tagblatt"},{"@type":"BreadcrumbList","@id":"https:\/\/www.johannes-sieber.ch\/move\/masken-gratis-abgeben\/#breadcrumb","itemListElement":[{"@type":"ListItem","position":1,"name":"Startseite","item":"https:\/\/www.johannes-sieber.ch\/move\/"},{"@type":"ListItem","position":2,"name":"Sozialhilfe: Masken abgeben!"}]},{"@type":"WebSite","@id":"https:\/\/www.johannes-sieber.ch\/move\/#website","url":"https:\/\/www.johannes-sieber.ch\/move\/","name":"Johannes Sieber","description":"Notizen zu Kultur, Klima, Stadt &amp; Menschen","publisher":{"@id":"https:\/\/www.johannes-sieber.ch\/move\/#\/schema\/person\/d92682c5f067a49d1c1f925bd5422e14"},"potentialAction":[{"@type":"SearchAction","target":{"@type":"EntryPoint","urlTemplate":"https:\/\/www.johannes-sieber.ch\/move\/?s={search_term_string}"},"query-input":{"@type":"PropertyValueSpecification","valueRequired":true,"valueName":"search_term_string"}}],"inLanguage":"de"},{"@type":["Person","Organization"],"@id":"https:\/\/www.johannes-sieber.ch\/move\/#\/schema\/person\/d92682c5f067a49d1c1f925bd5422e14","name":"Johannes Sieber","image":{"@type":"ImageObject","inLanguage":"de","@id":"https:\/\/secure.gravatar.com\/avatar\/31f81941f5205fb74a8b0f15334401b3be15721e177e88208533a81bf8dae247?s=96&d=mm&r=g","url":"https:\/\/secure.gravatar.com\/avatar\/31f81941f5205fb74a8b0f15334401b3be15721e177e88208533a81bf8dae247?s=96&d=mm&r=g","contentUrl":"https:\/\/secure.gravatar.com\/avatar\/31f81941f5205fb74a8b0f15334401b3be15721e177e88208533a81bf8dae247?s=96&d=mm&r=g","caption":"Johannes Sieber"},"logo":{"@id":"https:\/\/secure.gravatar.com\/avatar\/31f81941f5205fb74a8b0f15334401b3be15721e177e88208533a81bf8dae247?s=96&d=mm&r=g"},"sameAs":["https:\/\/www.johannes-sieber.ch\/","https:\/\/www.instagram.com\/johannes__sieber","https:\/\/x.com\/https:\/\/twitter.com\/JohannesSieber"],"url":"https:\/\/www.johannes-sieber.ch\/move\/author\/admin\/"}]}},"jetpack_featured_media_url":"https:\/\/www.johannes-sieber.ch\/move\/wp-content\/uploads\/2020\/07\/maske.jpg","jetpack_sharing_enabled":true,"_links":{"self":[{"href":"https:\/\/www.johannes-sieber.ch\/move\/wp-json\/wp\/v2\/posts\/2036","targetHints":{"allow":["GET"]}}],"collection":[{"href":"https:\/\/www.johannes-sieber.ch\/move\/wp-json\/wp\/v2\/posts"}],"about":[{"href":"https:\/\/www.johannes-sieber.ch\/move\/wp-json\/wp\/v2\/types\/post"}],"author":[{"embeddable":true,"href":"https:\/\/www.johannes-sieber.ch\/move\/wp-json\/wp\/v2\/users\/1"}],"replies":[{"embeddable":true,"href":"https:\/\/www.johannes-sieber.ch\/move\/wp-json\/wp\/v2\/comments?post=2036"}],"version-history":[{"count":9,"href":"https:\/\/www.johannes-sieber.ch\/move\/wp-json\/wp\/v2\/posts\/2036\/revisions"}],"predecessor-version":[{"id":2047,"href":"https:\/\/www.johannes-sieber.ch\/move\/wp-json\/wp\/v2\/posts\/2036\/revisions\/2047"}],"wp:featuredmedia":[{"embeddable":true,"href":"https:\/\/www.johannes-sieber.ch\/move\/wp-json\/wp\/v2\/media\/2038"}],"wp:attachment":[{"href":"https:\/\/www.johannes-sieber.ch\/move\/wp-json\/wp\/v2\/media?parent=2036"}],"wp:term":[{"taxonomy":"category","embeddable":true,"href":"https:\/\/www.johannes-sieber.ch\/move\/wp-json\/wp\/v2\/categories?post=2036"},{"taxonomy":"post_tag","embeddable":true,"href":"https:\/\/www.johannes-sieber.ch\/move\/wp-json\/wp\/v2\/tags?post=2036"}],"curies":[{"name":"wp","href":"https:\/\/api.w.org\/{rel}","templated":true}]}}