{"id":2198,"date":"2020-07-29T07:10:08","date_gmt":"2020-07-29T06:10:08","guid":{"rendered":"https:\/\/www.johannes-sieber.ch\/move\/?p=2198"},"modified":"2020-07-29T07:49:00","modified_gmt":"2020-07-29T06:49:00","slug":"basler-kunsttage","status":"publish","type":"post","link":"https:\/\/www.johannes-sieber.ch\/move\/basler-kunsttage\/","title":{"rendered":"Basler Kunsttage"},"content":{"rendered":"\n<p>Back to the roots? Der Ausfall der diesj\u00e4hrigen Art Basel hinterl\u00e4sst eine L\u00fccke, die rund 40 Ausstellungsr\u00e4ume und Galerien, aber auch grosse Institutionen wie das Kunstmuseum Basel oder die Fondation Beyeler nicht so einfach hinnehmen wollen.<\/p>\n\n\n\n<p>Vom 17. bis 20. September 2020 sollen die Basler Kunsttage stattfinden. Angeboten wird ein Galerien- und Ausstellungs-Hopping mit niederschwelligem Angebot. Kunst soll f\u00fcr ein m\u00f6glichst breites Publikum erlebbar gemachen werden. Das Business stehe f\u00fcr einmal im Hintergrund, so Carlo Knoell, der die Idee f\u00fcr die Kunsttage hatte. Und auch Daniel Kurjakovic vom Kunstmuseum Basel sagte gegen\u00fcber Radio SRF, die Basler Kunsttage seien ein ehrenamtliches Engagement unz\u00e4hliger Freiwilliger f\u00fcr die Stadt, f\u00fcr&#8217;s Publikum und f\u00fcr die Kunst.<\/p>\n\n\n\n<p>Diese institutionen\u00fcbergreifende Zusammenarbeit ist ein sehr gutes Zeichen f\u00fcr die Kulturstadt Basel. Es w\u00e4re erfreulich, wenn dieses Beispiel auch in anderen Sparten Schule machen w\u00fcrde.<\/p>\n\n\n\n<p class=\"hinweisbox\">Radio: SRF, Regionaljournal, 28.07.2020<br>Basler Kunsttage statt Art Basel<br><a rel=\"noreferrer noopener\" href=\"https:\/\/www.bzbasel.ch\/basel\/basel-stadt\/weniger-betongrau-mehr-farbe-basel-bekommt-streetart-meile-138547052\" target=\"_blank\"><\/a><a rel=\"noreferrer noopener\" href=\"https:\/\/www.srf.ch\/sendungen\/regionaljournal-basel-baselland\/basler-kunsttage-statt-art-basel?utm_source=Bajour&amp;utm_campaign=9949b92cc6-2020-07-29+Basel+Briefing&amp;utm_medium=email&amp;utm_term=0_bed6b33c61-9949b92cc6-408225641\" target=\"_blank\">Schweizer Radio und Fernsehen<\/a><\/p>\n\n\n\n<p class=\"fotoquelle\">Foto zur Notiz: Alighiero Boettis &#8222;Mappa&#8220; von 1983-90 2019 auf dem Stand von Tornabuoni Art auf der Art Basel in Basel<\/p>\n","protected":false},"excerpt":{"rendered":"<p>Back to the roots? Der Ausfall der diesj\u00e4hrigen Art Basel hinterl\u00e4sst eine L\u00fccke, die rund 40 Ausstellungsr\u00e4ume und Galerien, aber auch grosse Institutionen wie das Kunstmuseum Basel oder die Fondation Beyeler nicht so einfach hinnehmen&#8230;<\/p>\n","protected":false},"author":1,"featured_media":2214,"comment_status":"closed","ping_status":"open","sticky":false,"template":"","format":"standard","meta":{"_jetpack_memberships_contains_paid_content":false,"footnotes":""},"categories":[33,36],"tags":[15,2],"class_list":["post-2198","post","type-post","status-publish","format-standard","has-post-thumbnail","hentry","category-kultur","category-position","tag-kultur","tag-kunst"],"yoast_head":"<!-- This site is optimized with the Yoast SEO plugin v27.4 - https:\/\/yoast.com\/product\/yoast-seo-wordpress\/ -->\n<title>Basler Kunsttage - Johannes Sieber<\/title>\n<meta name=\"robots\" content=\"index, follow, max-snippet:-1, max-image-preview:large, max-video-preview:-1\" \/>\n<link rel=\"canonical\" href=\"https:\/\/www.johannes-sieber.ch\/move\/basler-kunsttage\/\" \/>\n<meta property=\"og:locale\" content=\"de_DE\" \/>\n<meta property=\"og:type\" content=\"article\" \/>\n<meta property=\"og:title\" content=\"Basler Kunsttage - Johannes Sieber\" \/>\n<meta property=\"og:description\" content=\"Back to the roots? Der Ausfall der diesj\u00e4hrigen Art Basel hinterl\u00e4sst eine L\u00fccke, die rund 40 Ausstellungsr\u00e4ume und Galerien, aber auch grosse Institutionen wie das Kunstmuseum Basel oder die Fondation Beyeler nicht so einfach hinnehmen...\" \/>\n<meta property=\"og:url\" content=\"https:\/\/www.johannes-sieber.ch\/move\/basler-kunsttage\/\" \/>\n<meta property=\"og:site_name\" content=\"Johannes Sieber\" \/>\n<meta property=\"article:published_time\" content=\"2020-07-29T06:10:08+00:00\" \/>\n<meta property=\"article:modified_time\" content=\"2020-07-29T06:49:00+00:00\" \/>\n<meta property=\"og:image\" content=\"https:\/\/www.johannes-sieber.ch\/move\/wp-content\/uploads\/2020\/07\/ABB19__Galleries__Tornabuoni_Art__PR_3807_HiRes.jpg\" \/>\n\t<meta property=\"og:image:width\" content=\"1500\" \/>\n\t<meta property=\"og:image:height\" content=\"1000\" \/>\n\t<meta property=\"og:image:type\" content=\"image\/jpeg\" \/>\n<meta name=\"author\" content=\"Johannes Sieber\" \/>\n<meta name=\"twitter:card\" content=\"summary_large_image\" \/>\n<meta name=\"twitter:creator\" content=\"@https:\/\/twitter.com\/JohannesSieber\" \/>\n<meta name=\"twitter:site\" content=\"@JohannesSieber\" \/>\n<meta name=\"twitter:label1\" content=\"Verfasst von\" \/>\n\t<meta name=\"twitter:data1\" content=\"Johannes Sieber\" \/>\n\t<meta name=\"twitter:label2\" content=\"Gesch\u00e4tzte Lesezeit\" \/>\n\t<meta name=\"twitter:data2\" content=\"1\u00a0Minute\" \/>\n<script type=\"application\/ld+json\" class=\"yoast-schema-graph\">{\"@context\":\"https:\\\/\\\/schema.org\",\"@graph\":[{\"@type\":\"Article\",\"@id\":\"https:\\\/\\\/www.johannes-sieber.ch\\\/move\\\/basler-kunsttage\\\/#article\",\"isPartOf\":{\"@id\":\"https:\\\/\\\/www.johannes-sieber.ch\\\/move\\\/basler-kunsttage\\\/\"},\"author\":{\"name\":\"Johannes Sieber\",\"@id\":\"https:\\\/\\\/www.johannes-sieber.ch\\\/move\\\/#\\\/schema\\\/person\\\/d92682c5f067a49d1c1f925bd5422e14\"},\"headline\":\"Basler Kunsttage\",\"datePublished\":\"2020-07-29T06:10:08+00:00\",\"dateModified\":\"2020-07-29T06:49:00+00:00\",\"mainEntityOfPage\":{\"@id\":\"https:\\\/\\\/www.johannes-sieber.ch\\\/move\\\/basler-kunsttage\\\/\"},\"wordCount\":185,\"publisher\":{\"@id\":\"https:\\\/\\\/www.johannes-sieber.ch\\\/move\\\/#\\\/schema\\\/person\\\/d92682c5f067a49d1c1f925bd5422e14\"},\"image\":{\"@id\":\"https:\\\/\\\/www.johannes-sieber.ch\\\/move\\\/basler-kunsttage\\\/#primaryimage\"},\"thumbnailUrl\":\"https:\\\/\\\/www.johannes-sieber.ch\\\/move\\\/wp-content\\\/uploads\\\/2020\\\/07\\\/ABB19__Galleries__Tornabuoni_Art__PR_3807_HiRes.jpg\",\"keywords\":[\"Kultur\",\"Kunst\"],\"articleSection\":[\"Kultur\",\"Position\"],\"inLanguage\":\"de\"},{\"@type\":\"WebPage\",\"@id\":\"https:\\\/\\\/www.johannes-sieber.ch\\\/move\\\/basler-kunsttage\\\/\",\"url\":\"https:\\\/\\\/www.johannes-sieber.ch\\\/move\\\/basler-kunsttage\\\/\",\"name\":\"Basler Kunsttage - Johannes Sieber\",\"isPartOf\":{\"@id\":\"https:\\\/\\\/www.johannes-sieber.ch\\\/move\\\/#website\"},\"primaryImageOfPage\":{\"@id\":\"https:\\\/\\\/www.johannes-sieber.ch\\\/move\\\/basler-kunsttage\\\/#primaryimage\"},\"image\":{\"@id\":\"https:\\\/\\\/www.johannes-sieber.ch\\\/move\\\/basler-kunsttage\\\/#primaryimage\"},\"thumbnailUrl\":\"https:\\\/\\\/www.johannes-sieber.ch\\\/move\\\/wp-content\\\/uploads\\\/2020\\\/07\\\/ABB19__Galleries__Tornabuoni_Art__PR_3807_HiRes.jpg\",\"datePublished\":\"2020-07-29T06:10:08+00:00\",\"dateModified\":\"2020-07-29T06:49:00+00:00\",\"breadcrumb\":{\"@id\":\"https:\\\/\\\/www.johannes-sieber.ch\\\/move\\\/basler-kunsttage\\\/#breadcrumb\"},\"inLanguage\":\"de\",\"potentialAction\":[{\"@type\":\"ReadAction\",\"target\":[\"https:\\\/\\\/www.johannes-sieber.ch\\\/move\\\/basler-kunsttage\\\/\"]}]},{\"@type\":\"ImageObject\",\"inLanguage\":\"de\",\"@id\":\"https:\\\/\\\/www.johannes-sieber.ch\\\/move\\\/basler-kunsttage\\\/#primaryimage\",\"url\":\"https:\\\/\\\/www.johannes-sieber.ch\\\/move\\\/wp-content\\\/uploads\\\/2020\\\/07\\\/ABB19__Galleries__Tornabuoni_Art__PR_3807_HiRes.jpg\",\"contentUrl\":\"https:\\\/\\\/www.johannes-sieber.ch\\\/move\\\/wp-content\\\/uploads\\\/2020\\\/07\\\/ABB19__Galleries__Tornabuoni_Art__PR_3807_HiRes.jpg\",\"width\":1500,\"height\":1000},{\"@type\":\"BreadcrumbList\",\"@id\":\"https:\\\/\\\/www.johannes-sieber.ch\\\/move\\\/basler-kunsttage\\\/#breadcrumb\",\"itemListElement\":[{\"@type\":\"ListItem\",\"position\":1,\"name\":\"Startseite\",\"item\":\"https:\\\/\\\/www.johannes-sieber.ch\\\/move\\\/\"},{\"@type\":\"ListItem\",\"position\":2,\"name\":\"Basler Kunsttage\"}]},{\"@type\":\"WebSite\",\"@id\":\"https:\\\/\\\/www.johannes-sieber.ch\\\/move\\\/#website\",\"url\":\"https:\\\/\\\/www.johannes-sieber.ch\\\/move\\\/\",\"name\":\"Johannes Sieber\",\"description\":\"Notizen zu Kultur, Klima, Stadt &amp; Menschen\",\"publisher\":{\"@id\":\"https:\\\/\\\/www.johannes-sieber.ch\\\/move\\\/#\\\/schema\\\/person\\\/d92682c5f067a49d1c1f925bd5422e14\"},\"potentialAction\":[{\"@type\":\"SearchAction\",\"target\":{\"@type\":\"EntryPoint\",\"urlTemplate\":\"https:\\\/\\\/www.johannes-sieber.ch\\\/move\\\/?s={search_term_string}\"},\"query-input\":{\"@type\":\"PropertyValueSpecification\",\"valueRequired\":true,\"valueName\":\"search_term_string\"}}],\"inLanguage\":\"de\"},{\"@type\":[\"Person\",\"Organization\"],\"@id\":\"https:\\\/\\\/www.johannes-sieber.ch\\\/move\\\/#\\\/schema\\\/person\\\/d92682c5f067a49d1c1f925bd5422e14\",\"name\":\"Johannes Sieber\",\"image\":{\"@type\":\"ImageObject\",\"inLanguage\":\"de\",\"@id\":\"https:\\\/\\\/secure.gravatar.com\\\/avatar\\\/31f81941f5205fb74a8b0f15334401b3be15721e177e88208533a81bf8dae247?s=96&d=mm&r=g\",\"url\":\"https:\\\/\\\/secure.gravatar.com\\\/avatar\\\/31f81941f5205fb74a8b0f15334401b3be15721e177e88208533a81bf8dae247?s=96&d=mm&r=g\",\"contentUrl\":\"https:\\\/\\\/secure.gravatar.com\\\/avatar\\\/31f81941f5205fb74a8b0f15334401b3be15721e177e88208533a81bf8dae247?s=96&d=mm&r=g\",\"caption\":\"Johannes Sieber\"},\"logo\":{\"@id\":\"https:\\\/\\\/secure.gravatar.com\\\/avatar\\\/31f81941f5205fb74a8b0f15334401b3be15721e177e88208533a81bf8dae247?s=96&d=mm&r=g\"},\"sameAs\":[\"https:\\\/\\\/www.johannes-sieber.ch\\\/\",\"https:\\\/\\\/www.instagram.com\\\/johannes__sieber\",\"https:\\\/\\\/x.com\\\/https:\\\/\\\/twitter.com\\\/JohannesSieber\"],\"url\":\"https:\\\/\\\/www.johannes-sieber.ch\\\/move\\\/author\\\/admin\\\/\"}]}<\/script>\n<!-- \/ Yoast SEO plugin. -->","yoast_head_json":{"title":"Basler Kunsttage - Johannes Sieber","robots":{"index":"index","follow":"follow","max-snippet":"max-snippet:-1","max-image-preview":"max-image-preview:large","max-video-preview":"max-video-preview:-1"},"canonical":"https:\/\/www.johannes-sieber.ch\/move\/basler-kunsttage\/","og_locale":"de_DE","og_type":"article","og_title":"Basler Kunsttage - Johannes Sieber","og_description":"Back to the roots? Der Ausfall der diesj\u00e4hrigen Art Basel hinterl\u00e4sst eine L\u00fccke, die rund 40 Ausstellungsr\u00e4ume und Galerien, aber auch grosse Institutionen wie das Kunstmuseum Basel oder die Fondation Beyeler nicht so einfach hinnehmen...","og_url":"https:\/\/www.johannes-sieber.ch\/move\/basler-kunsttage\/","og_site_name":"Johannes Sieber","article_published_time":"2020-07-29T06:10:08+00:00","article_modified_time":"2020-07-29T06:49:00+00:00","og_image":[{"width":1500,"height":1000,"url":"https:\/\/www.johannes-sieber.ch\/move\/wp-content\/uploads\/2020\/07\/ABB19__Galleries__Tornabuoni_Art__PR_3807_HiRes.jpg","type":"image\/jpeg"}],"author":"Johannes Sieber","twitter_card":"summary_large_image","twitter_creator":"@https:\/\/twitter.com\/JohannesSieber","twitter_site":"@JohannesSieber","twitter_misc":{"Verfasst von":"Johannes Sieber","Gesch\u00e4tzte Lesezeit":"1\u00a0Minute"},"schema":{"@context":"https:\/\/schema.org","@graph":[{"@type":"Article","@id":"https:\/\/www.johannes-sieber.ch\/move\/basler-kunsttage\/#article","isPartOf":{"@id":"https:\/\/www.johannes-sieber.ch\/move\/basler-kunsttage\/"},"author":{"name":"Johannes Sieber","@id":"https:\/\/www.johannes-sieber.ch\/move\/#\/schema\/person\/d92682c5f067a49d1c1f925bd5422e14"},"headline":"Basler Kunsttage","datePublished":"2020-07-29T06:10:08+00:00","dateModified":"2020-07-29T06:49:00+00:00","mainEntityOfPage":{"@id":"https:\/\/www.johannes-sieber.ch\/move\/basler-kunsttage\/"},"wordCount":185,"publisher":{"@id":"https:\/\/www.johannes-sieber.ch\/move\/#\/schema\/person\/d92682c5f067a49d1c1f925bd5422e14"},"image":{"@id":"https:\/\/www.johannes-sieber.ch\/move\/basler-kunsttage\/#primaryimage"},"thumbnailUrl":"https:\/\/www.johannes-sieber.ch\/move\/wp-content\/uploads\/2020\/07\/ABB19__Galleries__Tornabuoni_Art__PR_3807_HiRes.jpg","keywords":["Kultur","Kunst"],"articleSection":["Kultur","Position"],"inLanguage":"de"},{"@type":"WebPage","@id":"https:\/\/www.johannes-sieber.ch\/move\/basler-kunsttage\/","url":"https:\/\/www.johannes-sieber.ch\/move\/basler-kunsttage\/","name":"Basler Kunsttage - Johannes Sieber","isPartOf":{"@id":"https:\/\/www.johannes-sieber.ch\/move\/#website"},"primaryImageOfPage":{"@id":"https:\/\/www.johannes-sieber.ch\/move\/basler-kunsttage\/#primaryimage"},"image":{"@id":"https:\/\/www.johannes-sieber.ch\/move\/basler-kunsttage\/#primaryimage"},"thumbnailUrl":"https:\/\/www.johannes-sieber.ch\/move\/wp-content\/uploads\/2020\/07\/ABB19__Galleries__Tornabuoni_Art__PR_3807_HiRes.jpg","datePublished":"2020-07-29T06:10:08+00:00","dateModified":"2020-07-29T06:49:00+00:00","breadcrumb":{"@id":"https:\/\/www.johannes-sieber.ch\/move\/basler-kunsttage\/#breadcrumb"},"inLanguage":"de","potentialAction":[{"@type":"ReadAction","target":["https:\/\/www.johannes-sieber.ch\/move\/basler-kunsttage\/"]}]},{"@type":"ImageObject","inLanguage":"de","@id":"https:\/\/www.johannes-sieber.ch\/move\/basler-kunsttage\/#primaryimage","url":"https:\/\/www.johannes-sieber.ch\/move\/wp-content\/uploads\/2020\/07\/ABB19__Galleries__Tornabuoni_Art__PR_3807_HiRes.jpg","contentUrl":"https:\/\/www.johannes-sieber.ch\/move\/wp-content\/uploads\/2020\/07\/ABB19__Galleries__Tornabuoni_Art__PR_3807_HiRes.jpg","width":1500,"height":1000},{"@type":"BreadcrumbList","@id":"https:\/\/www.johannes-sieber.ch\/move\/basler-kunsttage\/#breadcrumb","itemListElement":[{"@type":"ListItem","position":1,"name":"Startseite","item":"https:\/\/www.johannes-sieber.ch\/move\/"},{"@type":"ListItem","position":2,"name":"Basler Kunsttage"}]},{"@type":"WebSite","@id":"https:\/\/www.johannes-sieber.ch\/move\/#website","url":"https:\/\/www.johannes-sieber.ch\/move\/","name":"Johannes Sieber","description":"Notizen zu Kultur, Klima, Stadt &amp; Menschen","publisher":{"@id":"https:\/\/www.johannes-sieber.ch\/move\/#\/schema\/person\/d92682c5f067a49d1c1f925bd5422e14"},"potentialAction":[{"@type":"SearchAction","target":{"@type":"EntryPoint","urlTemplate":"https:\/\/www.johannes-sieber.ch\/move\/?s={search_term_string}"},"query-input":{"@type":"PropertyValueSpecification","valueRequired":true,"valueName":"search_term_string"}}],"inLanguage":"de"},{"@type":["Person","Organization"],"@id":"https:\/\/www.johannes-sieber.ch\/move\/#\/schema\/person\/d92682c5f067a49d1c1f925bd5422e14","name":"Johannes Sieber","image":{"@type":"ImageObject","inLanguage":"de","@id":"https:\/\/secure.gravatar.com\/avatar\/31f81941f5205fb74a8b0f15334401b3be15721e177e88208533a81bf8dae247?s=96&d=mm&r=g","url":"https:\/\/secure.gravatar.com\/avatar\/31f81941f5205fb74a8b0f15334401b3be15721e177e88208533a81bf8dae247?s=96&d=mm&r=g","contentUrl":"https:\/\/secure.gravatar.com\/avatar\/31f81941f5205fb74a8b0f15334401b3be15721e177e88208533a81bf8dae247?s=96&d=mm&r=g","caption":"Johannes Sieber"},"logo":{"@id":"https:\/\/secure.gravatar.com\/avatar\/31f81941f5205fb74a8b0f15334401b3be15721e177e88208533a81bf8dae247?s=96&d=mm&r=g"},"sameAs":["https:\/\/www.johannes-sieber.ch\/","https:\/\/www.instagram.com\/johannes__sieber","https:\/\/x.com\/https:\/\/twitter.com\/JohannesSieber"],"url":"https:\/\/www.johannes-sieber.ch\/move\/author\/admin\/"}]}},"jetpack_featured_media_url":"https:\/\/www.johannes-sieber.ch\/move\/wp-content\/uploads\/2020\/07\/ABB19__Galleries__Tornabuoni_Art__PR_3807_HiRes.jpg","jetpack_sharing_enabled":true,"_links":{"self":[{"href":"https:\/\/www.johannes-sieber.ch\/move\/wp-json\/wp\/v2\/posts\/2198","targetHints":{"allow":["GET"]}}],"collection":[{"href":"https:\/\/www.johannes-sieber.ch\/move\/wp-json\/wp\/v2\/posts"}],"about":[{"href":"https:\/\/www.johannes-sieber.ch\/move\/wp-json\/wp\/v2\/types\/post"}],"author":[{"embeddable":true,"href":"https:\/\/www.johannes-sieber.ch\/move\/wp-json\/wp\/v2\/users\/1"}],"replies":[{"embeddable":true,"href":"https:\/\/www.johannes-sieber.ch\/move\/wp-json\/wp\/v2\/comments?post=2198"}],"version-history":[{"count":18,"href":"https:\/\/www.johannes-sieber.ch\/move\/wp-json\/wp\/v2\/posts\/2198\/revisions"}],"predecessor-version":[{"id":2225,"href":"https:\/\/www.johannes-sieber.ch\/move\/wp-json\/wp\/v2\/posts\/2198\/revisions\/2225"}],"wp:featuredmedia":[{"embeddable":true,"href":"https:\/\/www.johannes-sieber.ch\/move\/wp-json\/wp\/v2\/media\/2214"}],"wp:attachment":[{"href":"https:\/\/www.johannes-sieber.ch\/move\/wp-json\/wp\/v2\/media?parent=2198"}],"wp:term":[{"taxonomy":"category","embeddable":true,"href":"https:\/\/www.johannes-sieber.ch\/move\/wp-json\/wp\/v2\/categories?post=2198"},{"taxonomy":"post_tag","embeddable":true,"href":"https:\/\/www.johannes-sieber.ch\/move\/wp-json\/wp\/v2\/tags?post=2198"}],"curies":[{"name":"wp","href":"https:\/\/api.w.org\/{rel}","templated":true}]}}