{"id":2498,"date":"2020-08-23T18:19:17","date_gmt":"2020-08-23T17:19:17","guid":{"rendered":"https:\/\/www.johannes-sieber.ch\/move\/?p=2498"},"modified":"2020-08-23T18:35:35","modified_gmt":"2020-08-23T17:35:35","slug":"so-geht-machtpolitik","status":"publish","type":"post","link":"https:\/\/www.johannes-sieber.ch\/move\/so-geht-machtpolitik\/","title":{"rendered":"So geht Machtpolitik"},"content":{"rendered":"\n<p>Wird in Basel die Gesch\u00e4ftspr\u00fcfungskommission (GPK) des Grossen Rats aktiv, dann wird genauer hingeschaut. Genauer als der politische Alltag es zul\u00e4sst, aber vor allem: Als die \u00d6ffentlichkeit und kritische Journalisten es k\u00f6nnen.<\/p>\n\n\n\n<p>Die GPK hat das Recht zur Akteneinsicht und durchleuchtet beispielsweise anhand des Verwaltungsberichts der Regierung Bereiche der Staatsverwaltung. Zu ihren Aufgaben geh\u00f6ren auch die Behandlung von Personalfragen.<\/p>\n\n\n\n<p>Darum hat sich die GPK der Causa Historisches Museum Basel angenommen, dessen <a href=\"https:\/\/www.johannes-sieber.ch\/move\/erfolg-ja-aber-bitte-nicht-zu-laut\/\">Direkor Marc Fehlman anfangs August freigestellt wurde<\/a>. Der GPK-Bericht stellt der amtierenden Regierungsratspr\u00e4sidentin Elisabeth Ackermann kein gutes Zeugnis aus: <\/p>\n\n\n\n<p>Sie habe die im Museumsgesetz garantierte Selbst\u00e4ndigkeit des Hauses nicht gewahrt und die \u00d6ffentlichkeit \u00fcber den Konflikt irref\u00fchrend informiert. Der \u00abKonfliktl\u00f6sungsprozess\u00bb, <a href=\"https:\/\/www.srf.ch\/sendungen\/regionaljournal-basel-baselland\/grosse-nachfrage-nach-corona-mietzinshilfen?fbclid=IwAR1Qnb4KGqG8gHStIGDvSN4oS14YHst3luZHMZu33j8KMHG52R2-VOJNSyU\">der laut Ackermann \u00ableider gescheitert\u00bb sei<\/a>, war offenbar inszeniert. Die Beendigung des Arbeitsverh\u00e4ltnisses war bereits davor beschlossene Sache.<\/p>\n\n\n\n<p>Ich masse mir nicht an, den Bericht der GPK zu beurteilen. Man kann aber davon ausgehen, dass die <a rel=\"noreferrer noopener\" href=\"http:\/\/www.grosserrat.bs.ch\/de\/mitglieder-gremien\/kommissionen-und-weitere-gremien\/oberaufsichtskommissionen\/geschaeftspruefung\" target=\"_blank\">politisch divers aufgestellte GPK <\/a>unter Vorsitz von Anwalt Christian von Wartburg (SP) sich angesichts der bevorstehenden Wahlen keine Bl\u00f6sse zeigen m\u00f6chte und genau gearbeitet hat. Die Kommission hat den Bericht mit 11 zu 2 Stimmen verabschiedet. Was hinsichtlich der Faktenlage nicht auf ein zerstrittenes Gremium schliessen l\u00e4sst.<\/p>\n\n\n\n<p>Um so \u00fcberraschender ist die Reaktion von Gr\u00fcnen Pr\u00e4sident Harald Friedl. Als h\u00e4tte er pers\u00f6nlich die Akten studiert, ist f\u00fcr ihn die Kritik der GPK am Vorgehen seiner Regierungsratspr\u00e4sidentin \u00abnicht nachvollziehbar\u00bb. Auch SP-Pr\u00e4sident Pascal Pfister kann nicht nachvollziehen, dass die GPK zum Schluss kommt, Elisabeth Ackermann h\u00e4tte dem Museumsdirektor ins Tagesgesch\u00e4ft gepfuscht. Das, obwohl sie ihm Weisungsbefugnis entzogen und ihn mit einem Maulkorb versehen hat. W\u00e4hrend sie unbeirrt und laut GPK nachweislich die \u00d6ffentlichkeit angelogen hat.<\/p>\n\n\n\n<p>So geht Machtpolitik. Man w\u00fcnscht sich f\u00fcr alle Beteiligten, aber vor allem f\u00fcr die Kultur und die Politik unserer Stadt, dass das alles nicht wahr ist. Und: dass auf die n\u00e4chste Grossratssitzung am 9. September ein Parlamentarier oder eine Parlamentarierin auf die Idee kommt, \u00fcber eine Interpellation bei der Regierung nachzufragen:<\/p>\n\n\n\n<p>Was kostet der Abgang Fehlmanns? Inklusive externe Anwaltskosten, Coaching, Konfliktmanagement und Fehlmanns Sal\u00e4r? Auch spannend zu erfahren w\u00e4re, ob Fehlmann angeboten hat, bis ans Ende der Freistellungsfrist f\u00fcr die Stadt Basel zu arbeiten. Es ist anzunehmen.<\/p>\n\n\n\n<p class=\"hinweisbox\">Basel-Stadt: Medienmitteilung, 20.08.2020<br>Fragw\u00fcrdiger Umgang des Pr\u00e4sidialdepartementes mit dem Historischen Museum Basel<br><a href=\"https:\/\/www.medien.bs.ch\/nm\/2020-gpk-sonderbericht-fragwuerdiger-umgang-des-praesidialdepartementes-mit-dem-historischen-museum-basel-gr.html\" target=\"_blank\" rel=\"noreferrer noopener\">Basel-Stadt<\/a><a rel=\"noreferrer noopener\" href=\"https:\/\/www.nzz.ch\/schweiz\/ehe-fuer-alle-rechtskommission-will-verfassungsmaessigkeit-pruefen-ld.1570884\" target=\"_blank\"><\/a><\/p>\n\n\n\n<p class=\"hinweisbox\">Zeitung: bzBasel, 20.08.2020<br>Ehe f\u00fcr alle: Rechtskommission will Verfassungsm\u00e4ssigkeit der Vorlage pr\u00fcfen<br><a href=\"https:\/\/www.bzbasel.ch\/basel\/basel-stadt\/nach-sonderbericht-der-gpk-ackermanns-rueckhalt-schwindet-138827751\" target=\"_blank\" rel=\"noreferrer noopener\">bz &#8211; Zeitung f\u00fcr Basel und die Region<\/a><\/p>\n\n\n\n<p class=\"hinweisbox\">Online: Online Reports, 20.08.2020<br>Vernichtende GPK-Kritik an Regierungs-Pr\u00e4sidentin<br><a href=\"https:\/\/www.onlinereports.ch\/News.117+M50b90b7233c.0.html\" target=\"_blank\" rel=\"noreferrer noopener\">Online Reports<\/a><a rel=\"noreferrer noopener\" href=\"https:\/\/www.nzz.ch\/schweiz\/ehe-fuer-alle-rechtskommission-will-verfassungsmaessigkeit-pruefen-ld.1570884\" target=\"_blank\"><\/a><\/p>\n\n\n\n<p class=\"hinweisbox\">Online: Gr\u00fcne Partei Basel-Stadt, 20.08.2020<br>Fragw\u00fcrdiger Umgang der GPK mit dem HMB-Fall<br><a rel=\"noreferrer noopener\" href=\"https:\/\/gruene-bs.ch\/blog\/fragwuerdiger-umgang-der-gpk-mit-dem-hmb-fall\/\" target=\"_blank\">www.gruene-bs.ch<\/a><\/p>\n\n\n\n<p class=\"hinweisbox\">Radio: SRF Regionaljournal, 20.08.2020<br>Pascal Pfister: \u00abWir stehen hinter Elisabeth Ackermann\u00bb<br><a rel=\"noreferrer noopener\" href=\"https:\/\/www.srf.ch\/news\/regional\/basel-baselland\/nach-gpk-bericht-wir-stehen-hinter-elisabeth-ackermann\" target=\"_blank\">Schweizer Radio und Fernsehen<\/a><\/p>\n\n\n\n<p class=\"fotoquelle\">Foto zur Notiz: myswitzerland.com<\/p>\n","protected":false},"excerpt":{"rendered":"<p>Wird in Basel die Gesch\u00e4ftspr\u00fcfungskommission (GPK) des Grossen Rats aktiv, dann wird genauer hingeschaut. Genauer als der politische Alltag es zul\u00e4sst, aber vor allem: Als die \u00d6ffentlichkeit und kritische Journalisten es k\u00f6nnen. Die GPK hat&#8230;<\/p>\n","protected":false},"author":1,"featured_media":2502,"comment_status":"closed","ping_status":"open","sticky":false,"template":"","format":"standard","meta":{"_jetpack_memberships_contains_paid_content":false,"footnotes":""},"categories":[33,36],"tags":[15,64],"class_list":["post-2498","post","type-post","status-publish","format-standard","has-post-thumbnail","hentry","category-kultur","category-position","tag-kultur","tag-kulturpolitik"],"yoast_head":"<!-- This site is optimized with the Yoast SEO plugin v27.5 - https:\/\/yoast.com\/product\/yoast-seo-wordpress\/ -->\n<title>So geht Machtpolitik - Johannes Sieber<\/title>\n<meta name=\"robots\" content=\"index, follow, max-snippet:-1, max-image-preview:large, max-video-preview:-1\" \/>\n<link rel=\"canonical\" href=\"https:\/\/www.johannes-sieber.ch\/move\/so-geht-machtpolitik\/\" \/>\n<meta property=\"og:locale\" content=\"de_DE\" \/>\n<meta property=\"og:type\" content=\"article\" \/>\n<meta property=\"og:title\" content=\"So geht Machtpolitik - Johannes Sieber\" \/>\n<meta property=\"og:description\" content=\"Wird in Basel die Gesch\u00e4ftspr\u00fcfungskommission (GPK) des Grossen Rats aktiv, dann wird genauer hingeschaut. Genauer als der politische Alltag es zul\u00e4sst, aber vor allem: Als die \u00d6ffentlichkeit und kritische Journalisten es k\u00f6nnen. Die GPK hat...\" \/>\n<meta property=\"og:url\" content=\"https:\/\/www.johannes-sieber.ch\/move\/so-geht-machtpolitik\/\" \/>\n<meta property=\"og:site_name\" content=\"Johannes Sieber\" \/>\n<meta property=\"article:published_time\" content=\"2020-08-23T17:19:17+00:00\" \/>\n<meta property=\"article:modified_time\" content=\"2020-08-23T17:35:35+00:00\" \/>\n<meta property=\"og:image\" content=\"https:\/\/www.johannes-sieber.ch\/move\/wp-content\/uploads\/2020\/08\/hmb-1.jpg\" \/>\n\t<meta property=\"og:image:width\" content=\"2500\" \/>\n\t<meta property=\"og:image:height\" content=\"1406\" \/>\n\t<meta property=\"og:image:type\" content=\"image\/jpeg\" \/>\n<meta name=\"author\" content=\"Johannes Sieber\" \/>\n<meta name=\"twitter:card\" content=\"summary_large_image\" \/>\n<meta name=\"twitter:creator\" content=\"@https:\/\/twitter.com\/JohannesSieber\" \/>\n<meta name=\"twitter:site\" content=\"@JohannesSieber\" \/>\n<meta name=\"twitter:label1\" content=\"Verfasst von\" \/>\n\t<meta name=\"twitter:data1\" content=\"Johannes Sieber\" \/>\n\t<meta name=\"twitter:label2\" content=\"Gesch\u00e4tzte Lesezeit\" \/>\n\t<meta name=\"twitter:data2\" content=\"2\u00a0Minuten\" \/>\n<script type=\"application\/ld+json\" class=\"yoast-schema-graph\">{\"@context\":\"https:\\\/\\\/schema.org\",\"@graph\":[{\"@type\":\"Article\",\"@id\":\"https:\\\/\\\/www.johannes-sieber.ch\\\/move\\\/so-geht-machtpolitik\\\/#article\",\"isPartOf\":{\"@id\":\"https:\\\/\\\/www.johannes-sieber.ch\\\/move\\\/so-geht-machtpolitik\\\/\"},\"author\":{\"name\":\"Johannes Sieber\",\"@id\":\"https:\\\/\\\/www.johannes-sieber.ch\\\/move\\\/#\\\/schema\\\/person\\\/d92682c5f067a49d1c1f925bd5422e14\"},\"headline\":\"So geht Machtpolitik\",\"datePublished\":\"2020-08-23T17:19:17+00:00\",\"dateModified\":\"2020-08-23T17:35:35+00:00\",\"mainEntityOfPage\":{\"@id\":\"https:\\\/\\\/www.johannes-sieber.ch\\\/move\\\/so-geht-machtpolitik\\\/\"},\"wordCount\":469,\"publisher\":{\"@id\":\"https:\\\/\\\/www.johannes-sieber.ch\\\/move\\\/#\\\/schema\\\/person\\\/d92682c5f067a49d1c1f925bd5422e14\"},\"image\":{\"@id\":\"https:\\\/\\\/www.johannes-sieber.ch\\\/move\\\/so-geht-machtpolitik\\\/#primaryimage\"},\"thumbnailUrl\":\"https:\\\/\\\/www.johannes-sieber.ch\\\/move\\\/wp-content\\\/uploads\\\/2020\\\/08\\\/hmb-1.jpg\",\"keywords\":[\"Kultur\",\"Kulturpolitik\"],\"articleSection\":[\"Kultur\",\"Position\"],\"inLanguage\":\"de\"},{\"@type\":\"WebPage\",\"@id\":\"https:\\\/\\\/www.johannes-sieber.ch\\\/move\\\/so-geht-machtpolitik\\\/\",\"url\":\"https:\\\/\\\/www.johannes-sieber.ch\\\/move\\\/so-geht-machtpolitik\\\/\",\"name\":\"So geht Machtpolitik - Johannes Sieber\",\"isPartOf\":{\"@id\":\"https:\\\/\\\/www.johannes-sieber.ch\\\/move\\\/#website\"},\"primaryImageOfPage\":{\"@id\":\"https:\\\/\\\/www.johannes-sieber.ch\\\/move\\\/so-geht-machtpolitik\\\/#primaryimage\"},\"image\":{\"@id\":\"https:\\\/\\\/www.johannes-sieber.ch\\\/move\\\/so-geht-machtpolitik\\\/#primaryimage\"},\"thumbnailUrl\":\"https:\\\/\\\/www.johannes-sieber.ch\\\/move\\\/wp-content\\\/uploads\\\/2020\\\/08\\\/hmb-1.jpg\",\"datePublished\":\"2020-08-23T17:19:17+00:00\",\"dateModified\":\"2020-08-23T17:35:35+00:00\",\"breadcrumb\":{\"@id\":\"https:\\\/\\\/www.johannes-sieber.ch\\\/move\\\/so-geht-machtpolitik\\\/#breadcrumb\"},\"inLanguage\":\"de\",\"potentialAction\":[{\"@type\":\"ReadAction\",\"target\":[\"https:\\\/\\\/www.johannes-sieber.ch\\\/move\\\/so-geht-machtpolitik\\\/\"]}]},{\"@type\":\"ImageObject\",\"inLanguage\":\"de\",\"@id\":\"https:\\\/\\\/www.johannes-sieber.ch\\\/move\\\/so-geht-machtpolitik\\\/#primaryimage\",\"url\":\"https:\\\/\\\/www.johannes-sieber.ch\\\/move\\\/wp-content\\\/uploads\\\/2020\\\/08\\\/hmb-1.jpg\",\"contentUrl\":\"https:\\\/\\\/www.johannes-sieber.ch\\\/move\\\/wp-content\\\/uploads\\\/2020\\\/08\\\/hmb-1.jpg\",\"width\":2500,\"height\":1406,\"caption\":\"Historisches Museum Basel, Barf\u00fcsserkirche, Aussenansicht\"},{\"@type\":\"BreadcrumbList\",\"@id\":\"https:\\\/\\\/www.johannes-sieber.ch\\\/move\\\/so-geht-machtpolitik\\\/#breadcrumb\",\"itemListElement\":[{\"@type\":\"ListItem\",\"position\":1,\"name\":\"Startseite\",\"item\":\"https:\\\/\\\/www.johannes-sieber.ch\\\/move\\\/\"},{\"@type\":\"ListItem\",\"position\":2,\"name\":\"So geht Machtpolitik\"}]},{\"@type\":\"WebSite\",\"@id\":\"https:\\\/\\\/www.johannes-sieber.ch\\\/move\\\/#website\",\"url\":\"https:\\\/\\\/www.johannes-sieber.ch\\\/move\\\/\",\"name\":\"Johannes Sieber\",\"description\":\"Notizen zu Kultur, Klima, Stadt &amp; Menschen\",\"publisher\":{\"@id\":\"https:\\\/\\\/www.johannes-sieber.ch\\\/move\\\/#\\\/schema\\\/person\\\/d92682c5f067a49d1c1f925bd5422e14\"},\"potentialAction\":[{\"@type\":\"SearchAction\",\"target\":{\"@type\":\"EntryPoint\",\"urlTemplate\":\"https:\\\/\\\/www.johannes-sieber.ch\\\/move\\\/?s={search_term_string}\"},\"query-input\":{\"@type\":\"PropertyValueSpecification\",\"valueRequired\":true,\"valueName\":\"search_term_string\"}}],\"inLanguage\":\"de\"},{\"@type\":[\"Person\",\"Organization\"],\"@id\":\"https:\\\/\\\/www.johannes-sieber.ch\\\/move\\\/#\\\/schema\\\/person\\\/d92682c5f067a49d1c1f925bd5422e14\",\"name\":\"Johannes Sieber\",\"image\":{\"@type\":\"ImageObject\",\"inLanguage\":\"de\",\"@id\":\"https:\\\/\\\/secure.gravatar.com\\\/avatar\\\/31f81941f5205fb74a8b0f15334401b3be15721e177e88208533a81bf8dae247?s=96&d=mm&r=g\",\"url\":\"https:\\\/\\\/secure.gravatar.com\\\/avatar\\\/31f81941f5205fb74a8b0f15334401b3be15721e177e88208533a81bf8dae247?s=96&d=mm&r=g\",\"contentUrl\":\"https:\\\/\\\/secure.gravatar.com\\\/avatar\\\/31f81941f5205fb74a8b0f15334401b3be15721e177e88208533a81bf8dae247?s=96&d=mm&r=g\",\"caption\":\"Johannes Sieber\"},\"logo\":{\"@id\":\"https:\\\/\\\/secure.gravatar.com\\\/avatar\\\/31f81941f5205fb74a8b0f15334401b3be15721e177e88208533a81bf8dae247?s=96&d=mm&r=g\"},\"sameAs\":[\"https:\\\/\\\/www.johannes-sieber.ch\\\/\",\"https:\\\/\\\/www.instagram.com\\\/johannes__sieber\",\"https:\\\/\\\/x.com\\\/https:\\\/\\\/twitter.com\\\/JohannesSieber\"],\"url\":\"https:\\\/\\\/www.johannes-sieber.ch\\\/move\\\/author\\\/admin\\\/\"}]}<\/script>\n<!-- \/ Yoast SEO plugin. -->","yoast_head_json":{"title":"So geht Machtpolitik - Johannes Sieber","robots":{"index":"index","follow":"follow","max-snippet":"max-snippet:-1","max-image-preview":"max-image-preview:large","max-video-preview":"max-video-preview:-1"},"canonical":"https:\/\/www.johannes-sieber.ch\/move\/so-geht-machtpolitik\/","og_locale":"de_DE","og_type":"article","og_title":"So geht Machtpolitik - Johannes Sieber","og_description":"Wird in Basel die Gesch\u00e4ftspr\u00fcfungskommission (GPK) des Grossen Rats aktiv, dann wird genauer hingeschaut. Genauer als der politische Alltag es zul\u00e4sst, aber vor allem: Als die \u00d6ffentlichkeit und kritische Journalisten es k\u00f6nnen. Die GPK hat...","og_url":"https:\/\/www.johannes-sieber.ch\/move\/so-geht-machtpolitik\/","og_site_name":"Johannes Sieber","article_published_time":"2020-08-23T17:19:17+00:00","article_modified_time":"2020-08-23T17:35:35+00:00","og_image":[{"width":2500,"height":1406,"url":"https:\/\/www.johannes-sieber.ch\/move\/wp-content\/uploads\/2020\/08\/hmb-1.jpg","type":"image\/jpeg"}],"author":"Johannes Sieber","twitter_card":"summary_large_image","twitter_creator":"@https:\/\/twitter.com\/JohannesSieber","twitter_site":"@JohannesSieber","twitter_misc":{"Verfasst von":"Johannes Sieber","Gesch\u00e4tzte Lesezeit":"2\u00a0Minuten"},"schema":{"@context":"https:\/\/schema.org","@graph":[{"@type":"Article","@id":"https:\/\/www.johannes-sieber.ch\/move\/so-geht-machtpolitik\/#article","isPartOf":{"@id":"https:\/\/www.johannes-sieber.ch\/move\/so-geht-machtpolitik\/"},"author":{"name":"Johannes Sieber","@id":"https:\/\/www.johannes-sieber.ch\/move\/#\/schema\/person\/d92682c5f067a49d1c1f925bd5422e14"},"headline":"So geht Machtpolitik","datePublished":"2020-08-23T17:19:17+00:00","dateModified":"2020-08-23T17:35:35+00:00","mainEntityOfPage":{"@id":"https:\/\/www.johannes-sieber.ch\/move\/so-geht-machtpolitik\/"},"wordCount":469,"publisher":{"@id":"https:\/\/www.johannes-sieber.ch\/move\/#\/schema\/person\/d92682c5f067a49d1c1f925bd5422e14"},"image":{"@id":"https:\/\/www.johannes-sieber.ch\/move\/so-geht-machtpolitik\/#primaryimage"},"thumbnailUrl":"https:\/\/www.johannes-sieber.ch\/move\/wp-content\/uploads\/2020\/08\/hmb-1.jpg","keywords":["Kultur","Kulturpolitik"],"articleSection":["Kultur","Position"],"inLanguage":"de"},{"@type":"WebPage","@id":"https:\/\/www.johannes-sieber.ch\/move\/so-geht-machtpolitik\/","url":"https:\/\/www.johannes-sieber.ch\/move\/so-geht-machtpolitik\/","name":"So geht Machtpolitik - Johannes Sieber","isPartOf":{"@id":"https:\/\/www.johannes-sieber.ch\/move\/#website"},"primaryImageOfPage":{"@id":"https:\/\/www.johannes-sieber.ch\/move\/so-geht-machtpolitik\/#primaryimage"},"image":{"@id":"https:\/\/www.johannes-sieber.ch\/move\/so-geht-machtpolitik\/#primaryimage"},"thumbnailUrl":"https:\/\/www.johannes-sieber.ch\/move\/wp-content\/uploads\/2020\/08\/hmb-1.jpg","datePublished":"2020-08-23T17:19:17+00:00","dateModified":"2020-08-23T17:35:35+00:00","breadcrumb":{"@id":"https:\/\/www.johannes-sieber.ch\/move\/so-geht-machtpolitik\/#breadcrumb"},"inLanguage":"de","potentialAction":[{"@type":"ReadAction","target":["https:\/\/www.johannes-sieber.ch\/move\/so-geht-machtpolitik\/"]}]},{"@type":"ImageObject","inLanguage":"de","@id":"https:\/\/www.johannes-sieber.ch\/move\/so-geht-machtpolitik\/#primaryimage","url":"https:\/\/www.johannes-sieber.ch\/move\/wp-content\/uploads\/2020\/08\/hmb-1.jpg","contentUrl":"https:\/\/www.johannes-sieber.ch\/move\/wp-content\/uploads\/2020\/08\/hmb-1.jpg","width":2500,"height":1406,"caption":"Historisches Museum Basel, Barf\u00fcsserkirche, Aussenansicht"},{"@type":"BreadcrumbList","@id":"https:\/\/www.johannes-sieber.ch\/move\/so-geht-machtpolitik\/#breadcrumb","itemListElement":[{"@type":"ListItem","position":1,"name":"Startseite","item":"https:\/\/www.johannes-sieber.ch\/move\/"},{"@type":"ListItem","position":2,"name":"So geht Machtpolitik"}]},{"@type":"WebSite","@id":"https:\/\/www.johannes-sieber.ch\/move\/#website","url":"https:\/\/www.johannes-sieber.ch\/move\/","name":"Johannes Sieber","description":"Notizen zu Kultur, Klima, Stadt &amp; Menschen","publisher":{"@id":"https:\/\/www.johannes-sieber.ch\/move\/#\/schema\/person\/d92682c5f067a49d1c1f925bd5422e14"},"potentialAction":[{"@type":"SearchAction","target":{"@type":"EntryPoint","urlTemplate":"https:\/\/www.johannes-sieber.ch\/move\/?s={search_term_string}"},"query-input":{"@type":"PropertyValueSpecification","valueRequired":true,"valueName":"search_term_string"}}],"inLanguage":"de"},{"@type":["Person","Organization"],"@id":"https:\/\/www.johannes-sieber.ch\/move\/#\/schema\/person\/d92682c5f067a49d1c1f925bd5422e14","name":"Johannes Sieber","image":{"@type":"ImageObject","inLanguage":"de","@id":"https:\/\/secure.gravatar.com\/avatar\/31f81941f5205fb74a8b0f15334401b3be15721e177e88208533a81bf8dae247?s=96&d=mm&r=g","url":"https:\/\/secure.gravatar.com\/avatar\/31f81941f5205fb74a8b0f15334401b3be15721e177e88208533a81bf8dae247?s=96&d=mm&r=g","contentUrl":"https:\/\/secure.gravatar.com\/avatar\/31f81941f5205fb74a8b0f15334401b3be15721e177e88208533a81bf8dae247?s=96&d=mm&r=g","caption":"Johannes Sieber"},"logo":{"@id":"https:\/\/secure.gravatar.com\/avatar\/31f81941f5205fb74a8b0f15334401b3be15721e177e88208533a81bf8dae247?s=96&d=mm&r=g"},"sameAs":["https:\/\/www.johannes-sieber.ch\/","https:\/\/www.instagram.com\/johannes__sieber","https:\/\/x.com\/https:\/\/twitter.com\/JohannesSieber"],"url":"https:\/\/www.johannes-sieber.ch\/move\/author\/admin\/"}]}},"jetpack_featured_media_url":"https:\/\/www.johannes-sieber.ch\/move\/wp-content\/uploads\/2020\/08\/hmb-1.jpg","jetpack_sharing_enabled":true,"_links":{"self":[{"href":"https:\/\/www.johannes-sieber.ch\/move\/wp-json\/wp\/v2\/posts\/2498","targetHints":{"allow":["GET"]}}],"collection":[{"href":"https:\/\/www.johannes-sieber.ch\/move\/wp-json\/wp\/v2\/posts"}],"about":[{"href":"https:\/\/www.johannes-sieber.ch\/move\/wp-json\/wp\/v2\/types\/post"}],"author":[{"embeddable":true,"href":"https:\/\/www.johannes-sieber.ch\/move\/wp-json\/wp\/v2\/users\/1"}],"replies":[{"embeddable":true,"href":"https:\/\/www.johannes-sieber.ch\/move\/wp-json\/wp\/v2\/comments?post=2498"}],"version-history":[{"count":41,"href":"https:\/\/www.johannes-sieber.ch\/move\/wp-json\/wp\/v2\/posts\/2498\/revisions"}],"predecessor-version":[{"id":2542,"href":"https:\/\/www.johannes-sieber.ch\/move\/wp-json\/wp\/v2\/posts\/2498\/revisions\/2542"}],"wp:featuredmedia":[{"embeddable":true,"href":"https:\/\/www.johannes-sieber.ch\/move\/wp-json\/wp\/v2\/media\/2502"}],"wp:attachment":[{"href":"https:\/\/www.johannes-sieber.ch\/move\/wp-json\/wp\/v2\/media?parent=2498"}],"wp:term":[{"taxonomy":"category","embeddable":true,"href":"https:\/\/www.johannes-sieber.ch\/move\/wp-json\/wp\/v2\/categories?post=2498"},{"taxonomy":"post_tag","embeddable":true,"href":"https:\/\/www.johannes-sieber.ch\/move\/wp-json\/wp\/v2\/tags?post=2498"}],"curies":[{"name":"wp","href":"https:\/\/api.w.org\/{rel}","templated":true}]}}