{"id":2544,"date":"2020-08-24T07:39:07","date_gmt":"2020-08-24T06:39:07","guid":{"rendered":"https:\/\/www.johannes-sieber.ch\/move\/?p=2544"},"modified":"2020-09-10T16:03:48","modified_gmt":"2020-09-10T15:03:48","slug":"nein-zur-begrenzungsinitiative","status":"publish","type":"post","link":"https:\/\/www.johannes-sieber.ch\/move\/nein-zur-begrenzungsinitiative\/","title":{"rendered":"NEIN zur Begrenzungsinitiative"},"content":{"rendered":"\n<p>Am 27. September stimmen wir \u00fcber f\u00fcnf eidgen\u00f6ssische Vorlagen ab. Zu jeder Vorlage publiziere ich hier eine kleine \u00abAnweisung zur Abstimmung\u00bb.<\/p>\n\n\n\n<p><strong>Anweisung 1\/5: Nein zur Begrenzungsinitiative. <\/strong><\/p>\n\n\n\n<p><strong>Begr\u00fcndung<\/strong>: Die Eidgen\u00f6ssische Volksinitiative \u00abF\u00fcr eine massvolle Zuwanderung (Begrenzungsinitiative)\u00bb ist das neuste Update der Themenbewirtschaftung der Schweizerischen Volkspartei (SVP) \u2013 oder genauer: Von deren Finanzier Christoph Blocher. Sie begrenzt und schadet nicht nur unserem Arbeitsmarkt. Sie begrenzt uns auch beim Verwirklichen unserer Tr\u00e4ume ausserhalb der Schweizer Grenzen: Arbeiten dort wird schwieriger, studieren teurer. Sie wirft uns ausserdem in den Verhandlungen mit der EU weit zur\u00fcck. Bilaterale Vertr\u00e4ge m\u00fcssen gek\u00fcndigt werden.<\/p>\n\n\n\n<p><strong>Hintergrund<\/strong>: Blocher schloss sein Studium in Rechtswissenschaften just zu dem Zeitpunkt ab, als ein gewisser James Schwarzenbach seine \u00abInitiative gegen \u00dcberfremdung\u00bb zwar verlor, mit ihr aber erfolgreich das Land spaltete. \u00abIn diese frische Kerbe will ich hauen\u00bb, muss sich der noch junge Blocher gesagt haben. Zwischenzeitlich zu den n\u00f6tigen finanziellen Mitteln gekommen, machte er es sich seither zur Lebensaufgabe, das Land mit einer Politik und Initiativen zu n\u00f6tigen, die uns glauben machen sollen, wir w\u00fcrden in einer Flut von einwandernden Ausl\u00e4ndern ertrinken:<\/p>\n\n\n\n<p>1974: Initiative \u00abgegen die \u00dcberfremdung und \u00dcberbev\u00f6lkerung der Schweiz\u00bb; 1977: \u00abIV. \u00dcberfremdungsinitiative\u00bb; 1984: Initiative \u00abgegen den Ausverkauf der Heimat\u00bb; 1987 und 1988: Zwei Initiative scheitern im Sammelstadium; 1988: Initiative \u00abf\u00fcr die Begrenzung der Einwanderung\u00bb; 1996: Initiative \u00abf\u00fcr eine vern\u00fcnftige Asylpolitik\u00bb wird ung\u00fcltig erkl\u00e4rt; 1996: Initiative \u00abgegen die illegale Einwanderung\u00bb; 1997: Initiative \u00abMasshalten bei der Einwanderung\u00bb scheitert im Sammelstadium; 2000: Initiative \u00abf\u00fcr eine Regelung der Zuwanderung\u00bb.<\/p>\n\n\n\n<p>Alle diese Vorst\u00f6sse wurden teils mit \u00fcber 60% abgelehnt und w\u00e4hrend die darauf folgenden Jahre ruhig verliefen, nutzte Blocher die Gunst der Finanzkrise, um Ende der Nullerjahre mit einer Trilogie des Wahnsinns den Zenit seiner Partei zu manifestieren:<\/p>\n\n\n\n<p>Am 29. November 2009 sagt die Schweiz \u00fcberraschend Ja zum Bauverbot von Minaretten. Ein Jahr sp\u00e4ter, am 28. November 2010 wird die Ausschaffungsinitative angenommen und am 9. Februar 2014 bef\u00fcrwortet die Schweiz mit knappen 50.3% Ja-Stimmen die Initiative \u00abGegen Masseneinwanderung\u00bb.<\/p>\n\n\n\n<p>Letztere hatte bereits das Abkommen der Personenfreiz\u00fcgigkeitsabkommens (FZA) im Visier. Die FZA wurde um Juni 1999 zwischen der Europ\u00e4ischen Union (EU) und der Schweiz unterzeichnet. Durch das FZA und dessen Protokolle werden die Lebens- und Arbeitsbedingungen f\u00fcr EU-B\u00fcrgerinnen und -B\u00fcrger in der Schweiz vereinfacht. Wir Schweizer_innen k\u00f6nnen dadurch im Europ\u00e4ischen Ausland einfacher studieren oder arbeiten. Gleichzeitig haben europ\u00e4ische Arbeits kr\u00e4fte Zugang zum hiesigen Arbeitsmarkt.<\/p>\n\n\n\n<p>Darin sieht die SVP den Ursprung allen \u00dcbels. Sie sieht die Schweiz geflutet von Menschen, die als Arbeitskr\u00e4fte kommen und uns eben diese wegnehmen. Gleichzeitig sollen laut SVP diese Arbeitskr\u00e4fte hier als Sozialhilfeempf\u00e4nger enden. Die Begrenzungsinitiative will darum die Personenfreiz\u00fcgigkeit k\u00fcnden.<\/p>\n\n\n\n<p>Ausser der SVP stimmt keine Partei dieser Initaitive zu. Auch gem\u00e4ssigte und im Arbeitsmarkt bestens etablierte SVP-Politiker empfehlen die Initiative zur Ablehnung. <a rel=\"noreferrer noopener\" href=\"https:\/\/beta.operation-libero.ch\/de\/kuendigungs-initiative\/2020-07-28\/was-oft-vergessen-geht-arbeitskrafte-werden-knapp-und-knapper\" target=\"_blank\">Die n\u00fcchternen Zahlen belegen bez\u00fcglich Arbeitsplatz-Situation und Sozialhilfe-Empf\u00e4nger das pure Gegenteil<\/a> der Warnungen der SVP.<\/p>\n\n\n\n<p>Diese Initiative dient einzig und alleine dem Ziel, den Geist von James Schwarzenbach erfolgreich am Leben zu halten. Setzen wir dem Spuk ein Ende.<\/p>\n\n\n\n<p><strong>Die SVP-Initiative \u00abF\u00fcr eine massvolle Zuwanderung\u00bb (Begrenzungsinitiative) ist abzulehnen. Stimme NEIN am 27. September.<\/strong><\/p>\n\n\n\n<p>Alle Anweisungen in Kurzform: JA zum Vaterschaftsurlaub, NEIN zur Begrenzungsinitiative, NEIN zum Kinderabzug, NEIN zum Kampfjet, NEIN zum Jagdgesetz<\/p>\n\n\n\n<p><a href=\"https:\/\/www.johannes-sieber.ch\/move\/tag\/abstimmung_27.9.2020\/\">Alle Anweisungen zur Abstimmung vom 27. September 2020 gibt&#8217;s hier<\/a>.<\/p>\n\n\n\n<p><\/p>\n\n\n\n<p class=\"hinweisbox\">Online: Wikipedia<br>Eidgen\u00f6ssische Volksinitiative \u00abF\u00fcr eine massvolle Zuwanderung\u00bb<br><a href=\"https:\/\/de.wikipedia.org\/wiki\/Eidgen%C3%B6ssische_Volksinitiative_%C2%ABF%C3%BCr_eine_massvolle_Zuwanderung%C2%BB\" target=\"_blank\" rel=\"noreferrer noopener\">Wikipedia<\/a><\/p>\n\n\n\n<p class=\"hinweisbox\">Online: SRF \/ Arena, 21.08.2020<br>Abstimmungs-Arena: Begrenzungsinitiative<br><a rel=\"noreferrer noopener\" href=\"https:\/\/www.srf.ch\/play\/tv\/arena\/video\/arena?id=8347d03f-8e72-458d-872a-cb1a50a284e4\" target=\"_blank\">Schweizer Radio und Fernsehen<\/a><a rel=\"noreferrer noopener\" href=\"https:\/\/www.swissinfo.ch\/ger\/vor-50-jahren_das-erste-nein-gegen-schwarzenbachs--ueberfremdungs-initiative-\/45782628\" target=\"_blank\"><\/a><\/p>\n\n\n\n<p class=\"hinweisbox\">Online: Schweizerische Eidgenossenschaft<br>Personenfreiz\u00fcgigkeit Schweiz \u2013 EU\/EFTA<br><a href=\"https:\/\/www.sem.admin.ch\/sem\/de\/home\/themen\/fza_schweiz-eu-efta.html\" target=\"_blank\" rel=\"noreferrer noopener\">Schweizerische Eidgenossenschaft<\/a><\/p>\n\n\n\n<p class=\"hinweisbox\">Zeitung Aargauer Zeitung, 18.08.2020<br>Schweizer Firmenchefs widersprechen Martullo-Blocher bei der SVP-Initiative<br><a rel=\"noreferrer noopener\" href=\"https:\/\/www.aargauerzeitung.ch\/schweiz\/extrem-und-gefaehrlich-schweizer-firmenchefs-widersprechen-martullo-blocher-bei-der-svp-initiative-138760499?fbclid=IwAR3EMYUcanNBjbvWeRQcpWpt_RWaZnplvaZzWebyW_XDvII_cGl9FP8WBgA\" target=\"_blank\">Aargauer Zeitung<\/a><\/p>\n\n\n\n<p class=\"hinweisbox\">Zeitung Aargauer Zeitung, 07.03.2020<br>Peter Spuhler warnt vor SVP-Initiative<br><a href=\"https:\/\/www.aargauerzeitung.ch\/schweiz\/peter-spuhler-warnt-vor-svp-initiative-sie-ist-extrem-und-gefaehrlich-fuer-den-wirtschaftsstandort-schweiz-136658860\" target=\"_blank\" rel=\"noreferrer noopener\">Aargauer Zeitung<\/a><\/p>\n\n\n\n<p class=\"hinweisbox\">Online: Schweizerische Eidgenossenschaft<br>Initiativen zur Begrenzung der Zuwanderung und gegen \u00dcberfremdung<br><a href=\"https:\/\/www.ekm.admin.ch\/ekm\/de\/home\/zuwanderung---aufenthalt\/zuwanderung\/geschichtliches\/volksinitiativen.html\" target=\"_blank\" rel=\"noreferrer noopener\">Schweizerische Eidgenossenschaft<\/a><\/p>\n\n\n\n<p class=\"hinweisbox\">Online: Wikipedia<br>Christoph Blocher<br><a href=\"https:\/\/de.wikipedia.org\/wiki\/Christoph_Blocher\" target=\"_blank\" rel=\"noreferrer noopener\">Wikipedia<\/a><\/p>\n\n\n\n<p class=\"hinweisbox\">Online: SRF \/ DOK \/ Swissinfo.ch<br>James Schwarzenbach &#8211; Vor 50 Jahren<br><a rel=\"noreferrer noopener\" href=\"https:\/\/www.swissinfo.ch\/ger\/vor-50-jahren_das-erste-nein-gegen-schwarzenbachs--ueberfremdungs-initiative-\/45782628\" target=\"_blank\">Swissinfo.ch<\/a><\/p>\n\n\n\n<p class=\"fotoquelle\">Foto zur Notiz: Swissinfo.ch<\/p>\n","protected":false},"excerpt":{"rendered":"<p>Am 27. September stimmen wir \u00fcber f\u00fcnf eidgen\u00f6ssische Vorlagen ab. Zu jeder Vorlage publiziere ich hier eine kleine \u00abAnweisung zur Abstimmung\u00bb. Anweisung 1\/5: Nein zur Begrenzungsinitiative. Begr\u00fcndung: Die Eidgen\u00f6ssische Volksinitiative \u00abF\u00fcr eine massvolle Zuwanderung (Begrenzungsinitiative)\u00bb&#8230;<\/p>\n","protected":false},"author":1,"featured_media":2550,"comment_status":"open","ping_status":"open","sticky":false,"template":"","format":"standard","meta":{"_jetpack_memberships_contains_paid_content":false,"footnotes":""},"categories":[36],"tags":[65,74,66],"class_list":["post-2544","post","type-post","status-publish","format-standard","has-post-thumbnail","hentry","category-position","tag-abstimmung","tag-abstimmung_27-9-2020","tag-position"],"yoast_head":"<!-- This site is optimized with the Yoast SEO plugin v27.5 - https:\/\/yoast.com\/product\/yoast-seo-wordpress\/ -->\n<title>NEIN zur Begrenzungsinitiative - Johannes Sieber<\/title>\n<meta name=\"robots\" content=\"index, follow, max-snippet:-1, max-image-preview:large, max-video-preview:-1\" \/>\n<link rel=\"canonical\" href=\"https:\/\/www.johannes-sieber.ch\/move\/nein-zur-begrenzungsinitiative\/\" \/>\n<meta property=\"og:locale\" content=\"de_DE\" \/>\n<meta property=\"og:type\" content=\"article\" \/>\n<meta property=\"og:title\" content=\"NEIN zur Begrenzungsinitiative - Johannes Sieber\" \/>\n<meta property=\"og:description\" content=\"Am 27. September stimmen wir \u00fcber f\u00fcnf eidgen\u00f6ssische Vorlagen ab. Zu jeder Vorlage publiziere ich hier eine kleine \u00abAnweisung zur Abstimmung\u00bb. Anweisung 1\/5: Nein zur Begrenzungsinitiative. Begr\u00fcndung: Die Eidgen\u00f6ssische Volksinitiative \u00abF\u00fcr eine massvolle Zuwanderung (Begrenzungsinitiative)\u00bb...\" \/>\n<meta property=\"og:url\" content=\"https:\/\/www.johannes-sieber.ch\/move\/nein-zur-begrenzungsinitiative\/\" \/>\n<meta property=\"og:site_name\" content=\"Johannes Sieber\" \/>\n<meta property=\"article:published_time\" content=\"2020-08-24T06:39:07+00:00\" \/>\n<meta property=\"article:modified_time\" content=\"2020-09-10T15:03:48+00:00\" \/>\n<meta property=\"og:image\" content=\"https:\/\/www.johannes-sieber.ch\/move\/wp-content\/uploads\/2020\/08\/jamesschwarzenbach_swissinfo.jpg\" \/>\n\t<meta property=\"og:image:width\" content=\"1920\" \/>\n\t<meta property=\"og:image:height\" content=\"1080\" \/>\n\t<meta property=\"og:image:type\" content=\"image\/jpeg\" \/>\n<meta name=\"author\" content=\"Johannes Sieber\" \/>\n<meta name=\"twitter:card\" content=\"summary_large_image\" \/>\n<meta name=\"twitter:creator\" content=\"@https:\/\/twitter.com\/JohannesSieber\" \/>\n<meta name=\"twitter:site\" content=\"@JohannesSieber\" \/>\n<meta name=\"twitter:label1\" content=\"Verfasst von\" \/>\n\t<meta name=\"twitter:data1\" content=\"Johannes Sieber\" \/>\n\t<meta name=\"twitter:label2\" content=\"Gesch\u00e4tzte Lesezeit\" \/>\n\t<meta name=\"twitter:data2\" content=\"3\u00a0Minuten\" \/>\n<script type=\"application\/ld+json\" class=\"yoast-schema-graph\">{\"@context\":\"https:\\\/\\\/schema.org\",\"@graph\":[{\"@type\":\"Article\",\"@id\":\"https:\\\/\\\/www.johannes-sieber.ch\\\/move\\\/nein-zur-begrenzungsinitiative\\\/#article\",\"isPartOf\":{\"@id\":\"https:\\\/\\\/www.johannes-sieber.ch\\\/move\\\/nein-zur-begrenzungsinitiative\\\/\"},\"author\":{\"name\":\"Johannes Sieber\",\"@id\":\"https:\\\/\\\/www.johannes-sieber.ch\\\/move\\\/#\\\/schema\\\/person\\\/d92682c5f067a49d1c1f925bd5422e14\"},\"headline\":\"NEIN zur Begrenzungsinitiative\",\"datePublished\":\"2020-08-24T06:39:07+00:00\",\"dateModified\":\"2020-09-10T15:03:48+00:00\",\"mainEntityOfPage\":{\"@id\":\"https:\\\/\\\/www.johannes-sieber.ch\\\/move\\\/nein-zur-begrenzungsinitiative\\\/\"},\"wordCount\":636,\"commentCount\":0,\"publisher\":{\"@id\":\"https:\\\/\\\/www.johannes-sieber.ch\\\/move\\\/#\\\/schema\\\/person\\\/d92682c5f067a49d1c1f925bd5422e14\"},\"image\":{\"@id\":\"https:\\\/\\\/www.johannes-sieber.ch\\\/move\\\/nein-zur-begrenzungsinitiative\\\/#primaryimage\"},\"thumbnailUrl\":\"https:\\\/\\\/www.johannes-sieber.ch\\\/move\\\/wp-content\\\/uploads\\\/2020\\\/08\\\/jamesschwarzenbach_swissinfo.jpg\",\"keywords\":[\"Abstimmung\",\"Abstimmung_27.9.2020\",\"Position\"],\"articleSection\":[\"Position\"],\"inLanguage\":\"de\",\"potentialAction\":[{\"@type\":\"CommentAction\",\"name\":\"Comment\",\"target\":[\"https:\\\/\\\/www.johannes-sieber.ch\\\/move\\\/nein-zur-begrenzungsinitiative\\\/#respond\"]}]},{\"@type\":\"WebPage\",\"@id\":\"https:\\\/\\\/www.johannes-sieber.ch\\\/move\\\/nein-zur-begrenzungsinitiative\\\/\",\"url\":\"https:\\\/\\\/www.johannes-sieber.ch\\\/move\\\/nein-zur-begrenzungsinitiative\\\/\",\"name\":\"NEIN zur Begrenzungsinitiative - Johannes Sieber\",\"isPartOf\":{\"@id\":\"https:\\\/\\\/www.johannes-sieber.ch\\\/move\\\/#website\"},\"primaryImageOfPage\":{\"@id\":\"https:\\\/\\\/www.johannes-sieber.ch\\\/move\\\/nein-zur-begrenzungsinitiative\\\/#primaryimage\"},\"image\":{\"@id\":\"https:\\\/\\\/www.johannes-sieber.ch\\\/move\\\/nein-zur-begrenzungsinitiative\\\/#primaryimage\"},\"thumbnailUrl\":\"https:\\\/\\\/www.johannes-sieber.ch\\\/move\\\/wp-content\\\/uploads\\\/2020\\\/08\\\/jamesschwarzenbach_swissinfo.jpg\",\"datePublished\":\"2020-08-24T06:39:07+00:00\",\"dateModified\":\"2020-09-10T15:03:48+00:00\",\"breadcrumb\":{\"@id\":\"https:\\\/\\\/www.johannes-sieber.ch\\\/move\\\/nein-zur-begrenzungsinitiative\\\/#breadcrumb\"},\"inLanguage\":\"de\",\"potentialAction\":[{\"@type\":\"ReadAction\",\"target\":[\"https:\\\/\\\/www.johannes-sieber.ch\\\/move\\\/nein-zur-begrenzungsinitiative\\\/\"]}]},{\"@type\":\"ImageObject\",\"inLanguage\":\"de\",\"@id\":\"https:\\\/\\\/www.johannes-sieber.ch\\\/move\\\/nein-zur-begrenzungsinitiative\\\/#primaryimage\",\"url\":\"https:\\\/\\\/www.johannes-sieber.ch\\\/move\\\/wp-content\\\/uploads\\\/2020\\\/08\\\/jamesschwarzenbach_swissinfo.jpg\",\"contentUrl\":\"https:\\\/\\\/www.johannes-sieber.ch\\\/move\\\/wp-content\\\/uploads\\\/2020\\\/08\\\/jamesschwarzenbach_swissinfo.jpg\",\"width\":1920,\"height\":1080},{\"@type\":\"BreadcrumbList\",\"@id\":\"https:\\\/\\\/www.johannes-sieber.ch\\\/move\\\/nein-zur-begrenzungsinitiative\\\/#breadcrumb\",\"itemListElement\":[{\"@type\":\"ListItem\",\"position\":1,\"name\":\"Startseite\",\"item\":\"https:\\\/\\\/www.johannes-sieber.ch\\\/move\\\/\"},{\"@type\":\"ListItem\",\"position\":2,\"name\":\"NEIN zur Begrenzungsinitiative\"}]},{\"@type\":\"WebSite\",\"@id\":\"https:\\\/\\\/www.johannes-sieber.ch\\\/move\\\/#website\",\"url\":\"https:\\\/\\\/www.johannes-sieber.ch\\\/move\\\/\",\"name\":\"Johannes Sieber\",\"description\":\"Notizen zu Kultur, Klima, Stadt &amp; Menschen\",\"publisher\":{\"@id\":\"https:\\\/\\\/www.johannes-sieber.ch\\\/move\\\/#\\\/schema\\\/person\\\/d92682c5f067a49d1c1f925bd5422e14\"},\"potentialAction\":[{\"@type\":\"SearchAction\",\"target\":{\"@type\":\"EntryPoint\",\"urlTemplate\":\"https:\\\/\\\/www.johannes-sieber.ch\\\/move\\\/?s={search_term_string}\"},\"query-input\":{\"@type\":\"PropertyValueSpecification\",\"valueRequired\":true,\"valueName\":\"search_term_string\"}}],\"inLanguage\":\"de\"},{\"@type\":[\"Person\",\"Organization\"],\"@id\":\"https:\\\/\\\/www.johannes-sieber.ch\\\/move\\\/#\\\/schema\\\/person\\\/d92682c5f067a49d1c1f925bd5422e14\",\"name\":\"Johannes Sieber\",\"image\":{\"@type\":\"ImageObject\",\"inLanguage\":\"de\",\"@id\":\"https:\\\/\\\/secure.gravatar.com\\\/avatar\\\/31f81941f5205fb74a8b0f15334401b3be15721e177e88208533a81bf8dae247?s=96&d=mm&r=g\",\"url\":\"https:\\\/\\\/secure.gravatar.com\\\/avatar\\\/31f81941f5205fb74a8b0f15334401b3be15721e177e88208533a81bf8dae247?s=96&d=mm&r=g\",\"contentUrl\":\"https:\\\/\\\/secure.gravatar.com\\\/avatar\\\/31f81941f5205fb74a8b0f15334401b3be15721e177e88208533a81bf8dae247?s=96&d=mm&r=g\",\"caption\":\"Johannes Sieber\"},\"logo\":{\"@id\":\"https:\\\/\\\/secure.gravatar.com\\\/avatar\\\/31f81941f5205fb74a8b0f15334401b3be15721e177e88208533a81bf8dae247?s=96&d=mm&r=g\"},\"sameAs\":[\"https:\\\/\\\/www.johannes-sieber.ch\\\/\",\"https:\\\/\\\/www.instagram.com\\\/johannes__sieber\",\"https:\\\/\\\/x.com\\\/https:\\\/\\\/twitter.com\\\/JohannesSieber\"],\"url\":\"https:\\\/\\\/www.johannes-sieber.ch\\\/move\\\/author\\\/admin\\\/\"}]}<\/script>\n<!-- \/ Yoast SEO plugin. -->","yoast_head_json":{"title":"NEIN zur Begrenzungsinitiative - Johannes Sieber","robots":{"index":"index","follow":"follow","max-snippet":"max-snippet:-1","max-image-preview":"max-image-preview:large","max-video-preview":"max-video-preview:-1"},"canonical":"https:\/\/www.johannes-sieber.ch\/move\/nein-zur-begrenzungsinitiative\/","og_locale":"de_DE","og_type":"article","og_title":"NEIN zur Begrenzungsinitiative - Johannes Sieber","og_description":"Am 27. September stimmen wir \u00fcber f\u00fcnf eidgen\u00f6ssische Vorlagen ab. Zu jeder Vorlage publiziere ich hier eine kleine \u00abAnweisung zur Abstimmung\u00bb. Anweisung 1\/5: Nein zur Begrenzungsinitiative. Begr\u00fcndung: Die Eidgen\u00f6ssische Volksinitiative \u00abF\u00fcr eine massvolle Zuwanderung (Begrenzungsinitiative)\u00bb...","og_url":"https:\/\/www.johannes-sieber.ch\/move\/nein-zur-begrenzungsinitiative\/","og_site_name":"Johannes Sieber","article_published_time":"2020-08-24T06:39:07+00:00","article_modified_time":"2020-09-10T15:03:48+00:00","og_image":[{"width":1920,"height":1080,"url":"https:\/\/www.johannes-sieber.ch\/move\/wp-content\/uploads\/2020\/08\/jamesschwarzenbach_swissinfo.jpg","type":"image\/jpeg"}],"author":"Johannes Sieber","twitter_card":"summary_large_image","twitter_creator":"@https:\/\/twitter.com\/JohannesSieber","twitter_site":"@JohannesSieber","twitter_misc":{"Verfasst von":"Johannes Sieber","Gesch\u00e4tzte Lesezeit":"3\u00a0Minuten"},"schema":{"@context":"https:\/\/schema.org","@graph":[{"@type":"Article","@id":"https:\/\/www.johannes-sieber.ch\/move\/nein-zur-begrenzungsinitiative\/#article","isPartOf":{"@id":"https:\/\/www.johannes-sieber.ch\/move\/nein-zur-begrenzungsinitiative\/"},"author":{"name":"Johannes Sieber","@id":"https:\/\/www.johannes-sieber.ch\/move\/#\/schema\/person\/d92682c5f067a49d1c1f925bd5422e14"},"headline":"NEIN zur Begrenzungsinitiative","datePublished":"2020-08-24T06:39:07+00:00","dateModified":"2020-09-10T15:03:48+00:00","mainEntityOfPage":{"@id":"https:\/\/www.johannes-sieber.ch\/move\/nein-zur-begrenzungsinitiative\/"},"wordCount":636,"commentCount":0,"publisher":{"@id":"https:\/\/www.johannes-sieber.ch\/move\/#\/schema\/person\/d92682c5f067a49d1c1f925bd5422e14"},"image":{"@id":"https:\/\/www.johannes-sieber.ch\/move\/nein-zur-begrenzungsinitiative\/#primaryimage"},"thumbnailUrl":"https:\/\/www.johannes-sieber.ch\/move\/wp-content\/uploads\/2020\/08\/jamesschwarzenbach_swissinfo.jpg","keywords":["Abstimmung","Abstimmung_27.9.2020","Position"],"articleSection":["Position"],"inLanguage":"de","potentialAction":[{"@type":"CommentAction","name":"Comment","target":["https:\/\/www.johannes-sieber.ch\/move\/nein-zur-begrenzungsinitiative\/#respond"]}]},{"@type":"WebPage","@id":"https:\/\/www.johannes-sieber.ch\/move\/nein-zur-begrenzungsinitiative\/","url":"https:\/\/www.johannes-sieber.ch\/move\/nein-zur-begrenzungsinitiative\/","name":"NEIN zur Begrenzungsinitiative - Johannes Sieber","isPartOf":{"@id":"https:\/\/www.johannes-sieber.ch\/move\/#website"},"primaryImageOfPage":{"@id":"https:\/\/www.johannes-sieber.ch\/move\/nein-zur-begrenzungsinitiative\/#primaryimage"},"image":{"@id":"https:\/\/www.johannes-sieber.ch\/move\/nein-zur-begrenzungsinitiative\/#primaryimage"},"thumbnailUrl":"https:\/\/www.johannes-sieber.ch\/move\/wp-content\/uploads\/2020\/08\/jamesschwarzenbach_swissinfo.jpg","datePublished":"2020-08-24T06:39:07+00:00","dateModified":"2020-09-10T15:03:48+00:00","breadcrumb":{"@id":"https:\/\/www.johannes-sieber.ch\/move\/nein-zur-begrenzungsinitiative\/#breadcrumb"},"inLanguage":"de","potentialAction":[{"@type":"ReadAction","target":["https:\/\/www.johannes-sieber.ch\/move\/nein-zur-begrenzungsinitiative\/"]}]},{"@type":"ImageObject","inLanguage":"de","@id":"https:\/\/www.johannes-sieber.ch\/move\/nein-zur-begrenzungsinitiative\/#primaryimage","url":"https:\/\/www.johannes-sieber.ch\/move\/wp-content\/uploads\/2020\/08\/jamesschwarzenbach_swissinfo.jpg","contentUrl":"https:\/\/www.johannes-sieber.ch\/move\/wp-content\/uploads\/2020\/08\/jamesschwarzenbach_swissinfo.jpg","width":1920,"height":1080},{"@type":"BreadcrumbList","@id":"https:\/\/www.johannes-sieber.ch\/move\/nein-zur-begrenzungsinitiative\/#breadcrumb","itemListElement":[{"@type":"ListItem","position":1,"name":"Startseite","item":"https:\/\/www.johannes-sieber.ch\/move\/"},{"@type":"ListItem","position":2,"name":"NEIN zur Begrenzungsinitiative"}]},{"@type":"WebSite","@id":"https:\/\/www.johannes-sieber.ch\/move\/#website","url":"https:\/\/www.johannes-sieber.ch\/move\/","name":"Johannes Sieber","description":"Notizen zu Kultur, Klima, Stadt &amp; Menschen","publisher":{"@id":"https:\/\/www.johannes-sieber.ch\/move\/#\/schema\/person\/d92682c5f067a49d1c1f925bd5422e14"},"potentialAction":[{"@type":"SearchAction","target":{"@type":"EntryPoint","urlTemplate":"https:\/\/www.johannes-sieber.ch\/move\/?s={search_term_string}"},"query-input":{"@type":"PropertyValueSpecification","valueRequired":true,"valueName":"search_term_string"}}],"inLanguage":"de"},{"@type":["Person","Organization"],"@id":"https:\/\/www.johannes-sieber.ch\/move\/#\/schema\/person\/d92682c5f067a49d1c1f925bd5422e14","name":"Johannes Sieber","image":{"@type":"ImageObject","inLanguage":"de","@id":"https:\/\/secure.gravatar.com\/avatar\/31f81941f5205fb74a8b0f15334401b3be15721e177e88208533a81bf8dae247?s=96&d=mm&r=g","url":"https:\/\/secure.gravatar.com\/avatar\/31f81941f5205fb74a8b0f15334401b3be15721e177e88208533a81bf8dae247?s=96&d=mm&r=g","contentUrl":"https:\/\/secure.gravatar.com\/avatar\/31f81941f5205fb74a8b0f15334401b3be15721e177e88208533a81bf8dae247?s=96&d=mm&r=g","caption":"Johannes Sieber"},"logo":{"@id":"https:\/\/secure.gravatar.com\/avatar\/31f81941f5205fb74a8b0f15334401b3be15721e177e88208533a81bf8dae247?s=96&d=mm&r=g"},"sameAs":["https:\/\/www.johannes-sieber.ch\/","https:\/\/www.instagram.com\/johannes__sieber","https:\/\/x.com\/https:\/\/twitter.com\/JohannesSieber"],"url":"https:\/\/www.johannes-sieber.ch\/move\/author\/admin\/"}]}},"jetpack_featured_media_url":"https:\/\/www.johannes-sieber.ch\/move\/wp-content\/uploads\/2020\/08\/jamesschwarzenbach_swissinfo.jpg","jetpack_sharing_enabled":true,"_links":{"self":[{"href":"https:\/\/www.johannes-sieber.ch\/move\/wp-json\/wp\/v2\/posts\/2544","targetHints":{"allow":["GET"]}}],"collection":[{"href":"https:\/\/www.johannes-sieber.ch\/move\/wp-json\/wp\/v2\/posts"}],"about":[{"href":"https:\/\/www.johannes-sieber.ch\/move\/wp-json\/wp\/v2\/types\/post"}],"author":[{"embeddable":true,"href":"https:\/\/www.johannes-sieber.ch\/move\/wp-json\/wp\/v2\/users\/1"}],"replies":[{"embeddable":true,"href":"https:\/\/www.johannes-sieber.ch\/move\/wp-json\/wp\/v2\/comments?post=2544"}],"version-history":[{"count":40,"href":"https:\/\/www.johannes-sieber.ch\/move\/wp-json\/wp\/v2\/posts\/2544\/revisions"}],"predecessor-version":[{"id":2771,"href":"https:\/\/www.johannes-sieber.ch\/move\/wp-json\/wp\/v2\/posts\/2544\/revisions\/2771"}],"wp:featuredmedia":[{"embeddable":true,"href":"https:\/\/www.johannes-sieber.ch\/move\/wp-json\/wp\/v2\/media\/2550"}],"wp:attachment":[{"href":"https:\/\/www.johannes-sieber.ch\/move\/wp-json\/wp\/v2\/media?parent=2544"}],"wp:term":[{"taxonomy":"category","embeddable":true,"href":"https:\/\/www.johannes-sieber.ch\/move\/wp-json\/wp\/v2\/categories?post=2544"},{"taxonomy":"post_tag","embeddable":true,"href":"https:\/\/www.johannes-sieber.ch\/move\/wp-json\/wp\/v2\/tags?post=2544"}],"curies":[{"name":"wp","href":"https:\/\/api.w.org\/{rel}","templated":true}]}}