{"id":2720,"date":"2020-09-07T08:09:35","date_gmt":"2020-09-07T07:09:35","guid":{"rendered":"https:\/\/www.johannes-sieber.ch\/move\/?p=2720"},"modified":"2020-09-07T20:36:27","modified_gmt":"2020-09-07T19:36:27","slug":"abbau-bleibt-abbau","status":"publish","type":"post","link":"https:\/\/www.johannes-sieber.ch\/move\/abbau-bleibt-abbau\/","title":{"rendered":"Abbau bleibt Abbau"},"content":{"rendered":"\n<p>Der Sparkurs der SRG nimmt besorgniserregende Dimensionen an. Aber nicht nur das. In geschliffener Management-Kommunikation wird der Abbau von Service Public als Qualit\u00e4tssteigerung verkauft. Das sollte uns zu denken geben.<\/p>\n\n\n\n<p>Bajour &#8211; der Newskanal von nebenan \u2013 hat der SRG ein \u00dcbernahmeangebot f\u00fcr den Facebook-Auftritt des Regionaljournals Basel Baselland unterbreitet. Bei SRF News soll mit der \u00abNeuausrichtung des regionalen Digitalangebots\u00bb die Regionalberichterstattung \u00abgest\u00e4rkt\u00bb werden, indem der Fokus auf \u00fcberregionale Themen gelegt wird. Nicht weitergef\u00fchrt werden darum die regionalen Unterseiten auf srf.ch\/news und die damit verbundenen Socialmedia-Kan\u00e4le.<\/p>\n\n\n\n<p>Konkret bedeutet das: Statt \u00fcber Basel-Stadt und Baselland berichtet SRF zuk\u00fcnftig \u2013 wenn es gut geht \u2013 \u00fcber die Nordwestschweiz. Vielleicht aber auch Olten. Tut uns urban verblendeten Kleinst\u00e4dtern das gut? Ja. Und dennoch: Abbau bleibt Abbau.<\/p>\n\n\n\n<p>Man muss kein Lokalpatriot sein, um sich an dieser Entwicklung zu st\u00f6ren. Obwohl die \u00abNoBillag\u00bb-Initiative im 2018 mit 71% abgeschmettert wurde, f\u00e4hrt die SRG seither einen rigorosen Sparkurs. Neben verschiedenen kleinen K\u00fcrzungen wurde <a href=\"https:\/\/www.johannes-sieber.ch\/move\/kulturstammtisch-unabhaengig\/\" target=\"_blank\" rel=\"noreferrer noopener\">mein geliebter Kulturstammtisch<\/a> bereits im Januar 2019 aus dem Programm gestrichen. Im vergangenen Monat folgte der Kahlschlag: Das Wirtschaftsmagazin \u00abEco\u00bb, \u00abSportaktuell\u00bb und die Wissenschaftssendung \u00abEinstein Spezial\u00bb laufen nur noch bis ins 2021.<\/p>\n\n\n\n<p>Die K\u00fcrzungen bei SRF sollten medial und politisch mehr Aufmerksamkeit erhalten. Es entsteht zunehmend der Eindruck, dass die SRG auf Programmebene mehr Geld spart, als durch den Ausfall von Werbeeinnahmen zu rechtfertigen w\u00e4re. Wird das irgendwo nachvollziehbar ausgewiesen? Und: pr\u00fcft das jemand nach?<\/p>\n\n\n\n<p>Bei aller Sympathie f\u00fcr die \u00dcbernahme-Aktion von Bajour stellt sich mit Blick in die etwas weitere Zukunft die Frage, ob es medienpolitisch schlau ist, den Auftrag f\u00fcr Service Public der SRG einem endlichen privaten Stiftungsverm\u00f6gen anzuh\u00e4ngen. Aber was tun, wenn niemand eine bessere Idee hat?<\/p>\n\n\n\n<p><a href=\"https:\/\/bajour.ch\/?modal=baselbriefing\" target=\"_blank\" rel=\"noreferrer noopener\">Das Bajour \u00abBasel Briefing\u00bb kann hier abonniert werden<\/a>.<\/p>\n\n\n\n<p class=\"hinweisbox\">Online: Bajour \/ Google Drive, 27.08.2020<br>Kaufangebot f\u00fcr die Facebook-Seite des Regionaljournals Basel Baselland<br><a href=\"https:\/\/drive.google.com\/file\/d\/1JogfAQe78ZSpmA-THZIkLOrNPVyT5iur\/view\" target=\"_blank\" rel=\"noreferrer noopener\">Google Drive<a href=\"https:\/\/www.youtube.com\/watch?v=39RlsfQ7wOU&amp;list=PLEnHzNShzOwbxmvpk7ajVhE3m1mO6h6p9&amp;index=44&amp;t=0s\" target=\"_blank\" rel=\"noreferrer noopener\"><\/a><\/a><\/p>\n\n\n\n<p class=\"hinweisbox\">Online: Nau, Wirtschaft, 20.08.2020<br>SRF stampft bekannte Sendungen ein<br><a href=\"https:\/\/www.nau.ch\/news\/wirtschaft\/srf-stampft-bekannte-sendungen-ein-65765067\" target=\"_blank\" rel=\"noreferrer noopener\">Nau.ch<a href=\"https:\/\/www.youtube.com\/watch?v=39RlsfQ7wOU&amp;list=PLEnHzNShzOwbxmvpk7ajVhE3m1mO6h6p9&amp;index=44&amp;t=0s\" target=\"_blank\" rel=\"noreferrer noopener\"><\/a><\/a><\/p>\n\n\n\n<p class=\"hinweisbox\">Zeitung: Aargauer Zeitung, 20.08.2020<br>SRF streicht \u00abECO\u00bb und \u00absportaktuell\u00bb aus dem Programm<br><a href=\"https:\/\/www.aargauerzeitung.ch\/schweiz\/srf-streicht-eco-und-sportaktuell-aus-dem-programm-138825411\" target=\"_blank\" rel=\"noreferrer noopener\">Aargauer Zeitung<\/a><a href=\"https:\/\/www.youtube.com\/watch?v=39RlsfQ7wOU&amp;list=PLEnHzNShzOwbxmvpk7ajVhE3m1mO6h6p9&amp;index=44&amp;t=0s\" target=\"_blank\" rel=\"noreferrer noopener\"><\/a><\/p>\n\n\n\n<p class=\"hinweisbox\">Online: SRG Deutschschweiz, 11.07.2020<br>SRF: Neuausrichtung des regionalen Digitalangebots<br><a href=\"https:\/\/www.srgd.ch\/de\/aktuelles\/news\/2020\/06\/11\/srf-news-neuausrichtung-des-regionalen-digitalangebots\/?utm_source=Bajour&amp;utm_campaign=b13a52a61d-2020-09-07+Basel+Briefing&amp;utm_medium=email&amp;utm_term=0_bed6b33c61-b13a52a61d-408225641\" target=\"_blank\" rel=\"noreferrer noopener\">SRG Deutschschweiz<\/a><a href=\"https:\/\/www.youtube.com\/watch?v=39RlsfQ7wOU&amp;list=PLEnHzNShzOwbxmvpk7ajVhE3m1mO6h6p9&amp;index=44&amp;t=0s\" target=\"_blank\" rel=\"noreferrer noopener\"><\/a><\/p>\n\n\n\n<p class=\"hinweisbox\">Online: SRF, News, 04.03.2018<br>\u00abNo Billag\u00bb-Initiative: 71,6 Prozent sagen Nein zur Vorlage<br><a href=\"https:\/\/www.srf.ch\/news\/schweiz\/abstimmungen\/abstimmungen\/no-billag-initiative\/no-billag-initiative-71-6-prozent-sagen-nein-zur-vorlage\" target=\"_blank\" rel=\"noreferrer noopener\">Schweizer Radio und Fernsehen<\/a><a href=\"https:\/\/www.youtube.com\/watch?v=39RlsfQ7wOU&amp;list=PLEnHzNShzOwbxmvpk7ajVhE3m1mO6h6p9&amp;index=44&amp;t=0s\" target=\"_blank\" rel=\"noreferrer noopener\"><\/a><\/p>\n\n\n\n<p class=\"hinweisbox\">Online: Schweizerische Eidgenossenschaft, Volksabstimmungen, 04.03.2018<br>Volksinitiative \u00abJa zur Abschaffung der Radio- und Fernsehgeb\u00fchren<br><a href=\"https:\/\/www.admin.ch\/gov\/de\/start\/dokumentation\/abstimmungen\/20180304\/initiative-no-billag.html\" target=\"_blank\" rel=\"noreferrer noopener\">Das Portal der Schweizer Regierung<\/a><a href=\"https:\/\/www.youtube.com\/watch?v=39RlsfQ7wOU&amp;list=PLEnHzNShzOwbxmvpk7ajVhE3m1mO6h6p9&amp;index=44&amp;t=0s\" target=\"_blank\" rel=\"noreferrer noopener\"><\/a><\/p>\n\n\n\n<p class=\"fotoquelle\">Foto zu Notiz: srginsider.ch<\/p>\n","protected":false},"excerpt":{"rendered":"<p>Der Sparkurs der SRG nimmt besorgniserregende Dimensionen an. Aber nicht nur das. In geschliffener Management-Kommunikation wird der Abbau von Service Public als Qualit\u00e4tssteigerung verkauft. Das sollte uns zu denken geben. Bajour &#8211; der Newskanal von&#8230;<\/p>\n","protected":false},"author":1,"featured_media":2727,"comment_status":"closed","ping_status":"open","sticky":false,"template":"","format":"standard","meta":{"_jetpack_memberships_contains_paid_content":false,"footnotes":""},"categories":[33,36],"tags":[],"class_list":["post-2720","post","type-post","status-publish","format-standard","has-post-thumbnail","hentry","category-kultur","category-position"],"yoast_head":"<!-- This site is optimized with the Yoast SEO plugin v27.4 - https:\/\/yoast.com\/product\/yoast-seo-wordpress\/ -->\n<title>Abbau bleibt Abbau - Johannes Sieber<\/title>\n<meta name=\"robots\" content=\"index, follow, max-snippet:-1, max-image-preview:large, max-video-preview:-1\" \/>\n<link rel=\"canonical\" href=\"https:\/\/www.johannes-sieber.ch\/move\/abbau-bleibt-abbau\/\" \/>\n<meta property=\"og:locale\" content=\"de_DE\" \/>\n<meta property=\"og:type\" content=\"article\" \/>\n<meta property=\"og:title\" content=\"Abbau bleibt Abbau - Johannes Sieber\" \/>\n<meta property=\"og:description\" content=\"Der Sparkurs der SRG nimmt besorgniserregende Dimensionen an. Aber nicht nur das. In geschliffener Management-Kommunikation wird der Abbau von Service Public als Qualit\u00e4tssteigerung verkauft. Das sollte uns zu denken geben. Bajour &#8211; der Newskanal von...\" \/>\n<meta property=\"og:url\" content=\"https:\/\/www.johannes-sieber.ch\/move\/abbau-bleibt-abbau\/\" \/>\n<meta property=\"og:site_name\" content=\"Johannes Sieber\" \/>\n<meta property=\"article:published_time\" content=\"2020-09-07T07:09:35+00:00\" \/>\n<meta property=\"article:modified_time\" content=\"2020-09-07T19:36:27+00:00\" \/>\n<meta property=\"og:image\" content=\"https:\/\/www.johannes-sieber.ch\/move\/wp-content\/uploads\/2020\/09\/SRF_Mikrofon_auf_Tisch_AVFg7m8-scaled.jpg\" \/>\n\t<meta property=\"og:image:width\" content=\"2560\" \/>\n\t<meta property=\"og:image:height\" content=\"1361\" \/>\n\t<meta property=\"og:image:type\" content=\"image\/jpeg\" \/>\n<meta name=\"author\" content=\"Johannes Sieber\" \/>\n<meta name=\"twitter:card\" content=\"summary_large_image\" \/>\n<meta name=\"twitter:creator\" content=\"@https:\/\/twitter.com\/JohannesSieber\" \/>\n<meta name=\"twitter:site\" content=\"@JohannesSieber\" \/>\n<meta name=\"twitter:label1\" content=\"Verfasst von\" \/>\n\t<meta name=\"twitter:data1\" content=\"Johannes Sieber\" \/>\n\t<meta name=\"twitter:label2\" content=\"Gesch\u00e4tzte Lesezeit\" \/>\n\t<meta name=\"twitter:data2\" content=\"2\u00a0Minuten\" \/>\n<script type=\"application\/ld+json\" class=\"yoast-schema-graph\">{\"@context\":\"https:\\\/\\\/schema.org\",\"@graph\":[{\"@type\":\"Article\",\"@id\":\"https:\\\/\\\/www.johannes-sieber.ch\\\/move\\\/abbau-bleibt-abbau\\\/#article\",\"isPartOf\":{\"@id\":\"https:\\\/\\\/www.johannes-sieber.ch\\\/move\\\/abbau-bleibt-abbau\\\/\"},\"author\":{\"name\":\"Johannes Sieber\",\"@id\":\"https:\\\/\\\/www.johannes-sieber.ch\\\/move\\\/#\\\/schema\\\/person\\\/d92682c5f067a49d1c1f925bd5422e14\"},\"headline\":\"Abbau bleibt Abbau\",\"datePublished\":\"2020-09-07T07:09:35+00:00\",\"dateModified\":\"2020-09-07T19:36:27+00:00\",\"mainEntityOfPage\":{\"@id\":\"https:\\\/\\\/www.johannes-sieber.ch\\\/move\\\/abbau-bleibt-abbau\\\/\"},\"wordCount\":386,\"publisher\":{\"@id\":\"https:\\\/\\\/www.johannes-sieber.ch\\\/move\\\/#\\\/schema\\\/person\\\/d92682c5f067a49d1c1f925bd5422e14\"},\"image\":{\"@id\":\"https:\\\/\\\/www.johannes-sieber.ch\\\/move\\\/abbau-bleibt-abbau\\\/#primaryimage\"},\"thumbnailUrl\":\"https:\\\/\\\/www.johannes-sieber.ch\\\/move\\\/wp-content\\\/uploads\\\/2020\\\/09\\\/SRF_Mikrofon_auf_Tisch_AVFg7m8-scaled.jpg\",\"articleSection\":[\"Kultur\",\"Position\"],\"inLanguage\":\"de\"},{\"@type\":\"WebPage\",\"@id\":\"https:\\\/\\\/www.johannes-sieber.ch\\\/move\\\/abbau-bleibt-abbau\\\/\",\"url\":\"https:\\\/\\\/www.johannes-sieber.ch\\\/move\\\/abbau-bleibt-abbau\\\/\",\"name\":\"Abbau bleibt Abbau - Johannes Sieber\",\"isPartOf\":{\"@id\":\"https:\\\/\\\/www.johannes-sieber.ch\\\/move\\\/#website\"},\"primaryImageOfPage\":{\"@id\":\"https:\\\/\\\/www.johannes-sieber.ch\\\/move\\\/abbau-bleibt-abbau\\\/#primaryimage\"},\"image\":{\"@id\":\"https:\\\/\\\/www.johannes-sieber.ch\\\/move\\\/abbau-bleibt-abbau\\\/#primaryimage\"},\"thumbnailUrl\":\"https:\\\/\\\/www.johannes-sieber.ch\\\/move\\\/wp-content\\\/uploads\\\/2020\\\/09\\\/SRF_Mikrofon_auf_Tisch_AVFg7m8-scaled.jpg\",\"datePublished\":\"2020-09-07T07:09:35+00:00\",\"dateModified\":\"2020-09-07T19:36:27+00:00\",\"breadcrumb\":{\"@id\":\"https:\\\/\\\/www.johannes-sieber.ch\\\/move\\\/abbau-bleibt-abbau\\\/#breadcrumb\"},\"inLanguage\":\"de\",\"potentialAction\":[{\"@type\":\"ReadAction\",\"target\":[\"https:\\\/\\\/www.johannes-sieber.ch\\\/move\\\/abbau-bleibt-abbau\\\/\"]}]},{\"@type\":\"ImageObject\",\"inLanguage\":\"de\",\"@id\":\"https:\\\/\\\/www.johannes-sieber.ch\\\/move\\\/abbau-bleibt-abbau\\\/#primaryimage\",\"url\":\"https:\\\/\\\/www.johannes-sieber.ch\\\/move\\\/wp-content\\\/uploads\\\/2020\\\/09\\\/SRF_Mikrofon_auf_Tisch_AVFg7m8-scaled.jpg\",\"contentUrl\":\"https:\\\/\\\/www.johannes-sieber.ch\\\/move\\\/wp-content\\\/uploads\\\/2020\\\/09\\\/SRF_Mikrofon_auf_Tisch_AVFg7m8-scaled.jpg\",\"width\":2560,\"height\":1361,\"caption\":\"SRF\"},{\"@type\":\"BreadcrumbList\",\"@id\":\"https:\\\/\\\/www.johannes-sieber.ch\\\/move\\\/abbau-bleibt-abbau\\\/#breadcrumb\",\"itemListElement\":[{\"@type\":\"ListItem\",\"position\":1,\"name\":\"Startseite\",\"item\":\"https:\\\/\\\/www.johannes-sieber.ch\\\/move\\\/\"},{\"@type\":\"ListItem\",\"position\":2,\"name\":\"Abbau bleibt Abbau\"}]},{\"@type\":\"WebSite\",\"@id\":\"https:\\\/\\\/www.johannes-sieber.ch\\\/move\\\/#website\",\"url\":\"https:\\\/\\\/www.johannes-sieber.ch\\\/move\\\/\",\"name\":\"Johannes Sieber\",\"description\":\"Notizen zu Kultur, Klima, Stadt &amp; Menschen\",\"publisher\":{\"@id\":\"https:\\\/\\\/www.johannes-sieber.ch\\\/move\\\/#\\\/schema\\\/person\\\/d92682c5f067a49d1c1f925bd5422e14\"},\"potentialAction\":[{\"@type\":\"SearchAction\",\"target\":{\"@type\":\"EntryPoint\",\"urlTemplate\":\"https:\\\/\\\/www.johannes-sieber.ch\\\/move\\\/?s={search_term_string}\"},\"query-input\":{\"@type\":\"PropertyValueSpecification\",\"valueRequired\":true,\"valueName\":\"search_term_string\"}}],\"inLanguage\":\"de\"},{\"@type\":[\"Person\",\"Organization\"],\"@id\":\"https:\\\/\\\/www.johannes-sieber.ch\\\/move\\\/#\\\/schema\\\/person\\\/d92682c5f067a49d1c1f925bd5422e14\",\"name\":\"Johannes Sieber\",\"image\":{\"@type\":\"ImageObject\",\"inLanguage\":\"de\",\"@id\":\"https:\\\/\\\/secure.gravatar.com\\\/avatar\\\/31f81941f5205fb74a8b0f15334401b3be15721e177e88208533a81bf8dae247?s=96&d=mm&r=g\",\"url\":\"https:\\\/\\\/secure.gravatar.com\\\/avatar\\\/31f81941f5205fb74a8b0f15334401b3be15721e177e88208533a81bf8dae247?s=96&d=mm&r=g\",\"contentUrl\":\"https:\\\/\\\/secure.gravatar.com\\\/avatar\\\/31f81941f5205fb74a8b0f15334401b3be15721e177e88208533a81bf8dae247?s=96&d=mm&r=g\",\"caption\":\"Johannes Sieber\"},\"logo\":{\"@id\":\"https:\\\/\\\/secure.gravatar.com\\\/avatar\\\/31f81941f5205fb74a8b0f15334401b3be15721e177e88208533a81bf8dae247?s=96&d=mm&r=g\"},\"sameAs\":[\"https:\\\/\\\/www.johannes-sieber.ch\\\/\",\"https:\\\/\\\/www.instagram.com\\\/johannes__sieber\",\"https:\\\/\\\/x.com\\\/https:\\\/\\\/twitter.com\\\/JohannesSieber\"],\"url\":\"https:\\\/\\\/www.johannes-sieber.ch\\\/move\\\/author\\\/admin\\\/\"}]}<\/script>\n<!-- \/ Yoast SEO plugin. -->","yoast_head_json":{"title":"Abbau bleibt Abbau - Johannes Sieber","robots":{"index":"index","follow":"follow","max-snippet":"max-snippet:-1","max-image-preview":"max-image-preview:large","max-video-preview":"max-video-preview:-1"},"canonical":"https:\/\/www.johannes-sieber.ch\/move\/abbau-bleibt-abbau\/","og_locale":"de_DE","og_type":"article","og_title":"Abbau bleibt Abbau - Johannes Sieber","og_description":"Der Sparkurs der SRG nimmt besorgniserregende Dimensionen an. Aber nicht nur das. In geschliffener Management-Kommunikation wird der Abbau von Service Public als Qualit\u00e4tssteigerung verkauft. Das sollte uns zu denken geben. Bajour &#8211; der Newskanal von...","og_url":"https:\/\/www.johannes-sieber.ch\/move\/abbau-bleibt-abbau\/","og_site_name":"Johannes Sieber","article_published_time":"2020-09-07T07:09:35+00:00","article_modified_time":"2020-09-07T19:36:27+00:00","og_image":[{"width":2560,"height":1361,"url":"https:\/\/www.johannes-sieber.ch\/move\/wp-content\/uploads\/2020\/09\/SRF_Mikrofon_auf_Tisch_AVFg7m8-scaled.jpg","type":"image\/jpeg"}],"author":"Johannes Sieber","twitter_card":"summary_large_image","twitter_creator":"@https:\/\/twitter.com\/JohannesSieber","twitter_site":"@JohannesSieber","twitter_misc":{"Verfasst von":"Johannes Sieber","Gesch\u00e4tzte Lesezeit":"2\u00a0Minuten"},"schema":{"@context":"https:\/\/schema.org","@graph":[{"@type":"Article","@id":"https:\/\/www.johannes-sieber.ch\/move\/abbau-bleibt-abbau\/#article","isPartOf":{"@id":"https:\/\/www.johannes-sieber.ch\/move\/abbau-bleibt-abbau\/"},"author":{"name":"Johannes Sieber","@id":"https:\/\/www.johannes-sieber.ch\/move\/#\/schema\/person\/d92682c5f067a49d1c1f925bd5422e14"},"headline":"Abbau bleibt Abbau","datePublished":"2020-09-07T07:09:35+00:00","dateModified":"2020-09-07T19:36:27+00:00","mainEntityOfPage":{"@id":"https:\/\/www.johannes-sieber.ch\/move\/abbau-bleibt-abbau\/"},"wordCount":386,"publisher":{"@id":"https:\/\/www.johannes-sieber.ch\/move\/#\/schema\/person\/d92682c5f067a49d1c1f925bd5422e14"},"image":{"@id":"https:\/\/www.johannes-sieber.ch\/move\/abbau-bleibt-abbau\/#primaryimage"},"thumbnailUrl":"https:\/\/www.johannes-sieber.ch\/move\/wp-content\/uploads\/2020\/09\/SRF_Mikrofon_auf_Tisch_AVFg7m8-scaled.jpg","articleSection":["Kultur","Position"],"inLanguage":"de"},{"@type":"WebPage","@id":"https:\/\/www.johannes-sieber.ch\/move\/abbau-bleibt-abbau\/","url":"https:\/\/www.johannes-sieber.ch\/move\/abbau-bleibt-abbau\/","name":"Abbau bleibt Abbau - Johannes Sieber","isPartOf":{"@id":"https:\/\/www.johannes-sieber.ch\/move\/#website"},"primaryImageOfPage":{"@id":"https:\/\/www.johannes-sieber.ch\/move\/abbau-bleibt-abbau\/#primaryimage"},"image":{"@id":"https:\/\/www.johannes-sieber.ch\/move\/abbau-bleibt-abbau\/#primaryimage"},"thumbnailUrl":"https:\/\/www.johannes-sieber.ch\/move\/wp-content\/uploads\/2020\/09\/SRF_Mikrofon_auf_Tisch_AVFg7m8-scaled.jpg","datePublished":"2020-09-07T07:09:35+00:00","dateModified":"2020-09-07T19:36:27+00:00","breadcrumb":{"@id":"https:\/\/www.johannes-sieber.ch\/move\/abbau-bleibt-abbau\/#breadcrumb"},"inLanguage":"de","potentialAction":[{"@type":"ReadAction","target":["https:\/\/www.johannes-sieber.ch\/move\/abbau-bleibt-abbau\/"]}]},{"@type":"ImageObject","inLanguage":"de","@id":"https:\/\/www.johannes-sieber.ch\/move\/abbau-bleibt-abbau\/#primaryimage","url":"https:\/\/www.johannes-sieber.ch\/move\/wp-content\/uploads\/2020\/09\/SRF_Mikrofon_auf_Tisch_AVFg7m8-scaled.jpg","contentUrl":"https:\/\/www.johannes-sieber.ch\/move\/wp-content\/uploads\/2020\/09\/SRF_Mikrofon_auf_Tisch_AVFg7m8-scaled.jpg","width":2560,"height":1361,"caption":"SRF"},{"@type":"BreadcrumbList","@id":"https:\/\/www.johannes-sieber.ch\/move\/abbau-bleibt-abbau\/#breadcrumb","itemListElement":[{"@type":"ListItem","position":1,"name":"Startseite","item":"https:\/\/www.johannes-sieber.ch\/move\/"},{"@type":"ListItem","position":2,"name":"Abbau bleibt Abbau"}]},{"@type":"WebSite","@id":"https:\/\/www.johannes-sieber.ch\/move\/#website","url":"https:\/\/www.johannes-sieber.ch\/move\/","name":"Johannes Sieber","description":"Notizen zu Kultur, Klima, Stadt &amp; Menschen","publisher":{"@id":"https:\/\/www.johannes-sieber.ch\/move\/#\/schema\/person\/d92682c5f067a49d1c1f925bd5422e14"},"potentialAction":[{"@type":"SearchAction","target":{"@type":"EntryPoint","urlTemplate":"https:\/\/www.johannes-sieber.ch\/move\/?s={search_term_string}"},"query-input":{"@type":"PropertyValueSpecification","valueRequired":true,"valueName":"search_term_string"}}],"inLanguage":"de"},{"@type":["Person","Organization"],"@id":"https:\/\/www.johannes-sieber.ch\/move\/#\/schema\/person\/d92682c5f067a49d1c1f925bd5422e14","name":"Johannes Sieber","image":{"@type":"ImageObject","inLanguage":"de","@id":"https:\/\/secure.gravatar.com\/avatar\/31f81941f5205fb74a8b0f15334401b3be15721e177e88208533a81bf8dae247?s=96&d=mm&r=g","url":"https:\/\/secure.gravatar.com\/avatar\/31f81941f5205fb74a8b0f15334401b3be15721e177e88208533a81bf8dae247?s=96&d=mm&r=g","contentUrl":"https:\/\/secure.gravatar.com\/avatar\/31f81941f5205fb74a8b0f15334401b3be15721e177e88208533a81bf8dae247?s=96&d=mm&r=g","caption":"Johannes Sieber"},"logo":{"@id":"https:\/\/secure.gravatar.com\/avatar\/31f81941f5205fb74a8b0f15334401b3be15721e177e88208533a81bf8dae247?s=96&d=mm&r=g"},"sameAs":["https:\/\/www.johannes-sieber.ch\/","https:\/\/www.instagram.com\/johannes__sieber","https:\/\/x.com\/https:\/\/twitter.com\/JohannesSieber"],"url":"https:\/\/www.johannes-sieber.ch\/move\/author\/admin\/"}]}},"jetpack_featured_media_url":"https:\/\/www.johannes-sieber.ch\/move\/wp-content\/uploads\/2020\/09\/SRF_Mikrofon_auf_Tisch_AVFg7m8-scaled.jpg","jetpack_sharing_enabled":true,"_links":{"self":[{"href":"https:\/\/www.johannes-sieber.ch\/move\/wp-json\/wp\/v2\/posts\/2720","targetHints":{"allow":["GET"]}}],"collection":[{"href":"https:\/\/www.johannes-sieber.ch\/move\/wp-json\/wp\/v2\/posts"}],"about":[{"href":"https:\/\/www.johannes-sieber.ch\/move\/wp-json\/wp\/v2\/types\/post"}],"author":[{"embeddable":true,"href":"https:\/\/www.johannes-sieber.ch\/move\/wp-json\/wp\/v2\/users\/1"}],"replies":[{"embeddable":true,"href":"https:\/\/www.johannes-sieber.ch\/move\/wp-json\/wp\/v2\/comments?post=2720"}],"version-history":[{"count":27,"href":"https:\/\/www.johannes-sieber.ch\/move\/wp-json\/wp\/v2\/posts\/2720\/revisions"}],"predecessor-version":[{"id":2752,"href":"https:\/\/www.johannes-sieber.ch\/move\/wp-json\/wp\/v2\/posts\/2720\/revisions\/2752"}],"wp:featuredmedia":[{"embeddable":true,"href":"https:\/\/www.johannes-sieber.ch\/move\/wp-json\/wp\/v2\/media\/2727"}],"wp:attachment":[{"href":"https:\/\/www.johannes-sieber.ch\/move\/wp-json\/wp\/v2\/media?parent=2720"}],"wp:term":[{"taxonomy":"category","embeddable":true,"href":"https:\/\/www.johannes-sieber.ch\/move\/wp-json\/wp\/v2\/categories?post=2720"},{"taxonomy":"post_tag","embeddable":true,"href":"https:\/\/www.johannes-sieber.ch\/move\/wp-json\/wp\/v2\/tags?post=2720"}],"curies":[{"name":"wp","href":"https:\/\/api.w.org\/{rel}","templated":true}]}}