{"id":2790,"date":"2020-09-12T07:51:12","date_gmt":"2020-09-12T06:51:12","guid":{"rendered":"https:\/\/www.johannes-sieber.ch\/move\/?p=2790"},"modified":"2020-09-12T09:33:19","modified_gmt":"2020-09-12T08:33:19","slug":"ja-zum-vaterschafturlaub","status":"publish","type":"post","link":"https:\/\/www.johannes-sieber.ch\/move\/ja-zum-vaterschafturlaub\/","title":{"rendered":"Ja zum Vaterschafturlaub"},"content":{"rendered":"\n<p>Am 27. September stimmen wir \u00fcber f\u00fcnf eidgen\u00f6ssische Vorlagen ab. Zu jeder Vorlage publiziere ich hier eine kleine \u00abAnweisung zur Abstimmung\u00bb.<\/p>\n\n\n\n<p><strong>Anweisung 4\/5: Ja zum Vaterschafturlaub.<\/strong><\/p>\n\n\n\n<p><strong>Begr\u00fcndung<\/strong>: V\u00e4ter sollen innerhalb von sechs Monaten ab Geburt eines Kindes insgesamt zwei Wochen bezahlten Urlaub beziehen k\u00f6nnen. Die daf\u00fcr notwendigen 230 Millionen Franken pro Jahr werden wie die Mutterschafts-Entsch\u00e4digung \u00fcber die Erwerbsersatzordnung (EO) finanziert. In diese zahlen alle Arbeitnehmenden und alle Arbeitgebenden darum pro 1000.- Einkommen zus\u00e4tzlich je 25 Rappen ein. Die finanzielle Belastung ist verkraftbar und der gesellschaftliche Gewinn ist immens: Der Vaterschaftsurlaub erm\u00f6glicht dem Vater, sich an der Betreuungsarbeit des Kindes zu beteiligen. Das wiederum erlaubt Paaren eine partnerschaftliche Rollenteilung. Frauen k\u00f6nnen eher im Erwerbsleben bleiben. Neu k\u00f6nnen nicht nur Grosskonzerne den Vaterschaftsurlaub anbieten, sondern auch KMUs.<\/p>\n\n\n\n<p><strong>Hintergrund<\/strong>: Immer wenn ich den erweiterten Familien-Kreis in Kopenhagen besuche, f\u00e4llt mir vor allem eines auf: Wie ruhig und entspannt es in Kaffees, Restaurants, Parks und auf \u00f6ffentlichen Pl\u00e4tzen ist. Zw\u00e4ngelnde Kinder? Entnervte Eltern? Eine Seltenheit. Ganze 52 Wochen, also ein volles Jahr, haben D\u00e4nemarks Eltern Anspruch auf Elternurlaub. Die ersten Wochen sind im Falle einer Entbindung geregelt auf Mutter und dem Vater aufgeteilt, die letzten 32 Wochen des Urlaubes k\u00f6nnen frei organisiert werden. Bei Adoption kann der gr\u00f6\u00dfte Teil des Urlaubs frei aufgeteilt werden. Er muss hingegen bezogen werden, bevor das Kind 9 Jahre alt wird. Aber nicht nur das: Eltern werden von spezialisierten Betreuungsfachpersonen zuhause besucht. Eine Stunde pro Woche k\u00f6nnen so neue Herausforderungen gemeinsam bew\u00e4ltigt werden. Zum Wohl des Kindes.<\/p>\n\n\n\n<p>Diese Regelung zeigt ein ganz anderes Verst\u00e4ndnis von der Bedeutung der Betreuung von Kindern als wir das in der Schweiz kennen. Zwar wissen auch wir, dass sich die Qualit\u00e4t der Betreuung auf unz\u00e4hlige Bereiche unserer Gesellschaft auswirkt. Auch der Bericht des Bundesrates (2015) zum Thema \u00abJugend und Gewalt &#8211; Stand der Pr\u00e4vention und Zusammenwirken mit Intervention und Repression\u00bb kommt unter anderem zum Schluss: \u00abIm Bereich der Familie tragen verschiedene etablierte Massnahmen wie M\u00fctter- und V\u00e4terberatung, Suchtpr\u00e4vention, Kindes- und Jugendschutz, familien-erg\u00e4nzende Kinderbetreuung, Elternbildung etc. zur Gewaltpr\u00e4vention bei.\u00bb<\/p>\n\n\n\n<p>Bessere schulische Leistungen bis hin zu weniger Kriminalit\u00e4t. Und \u2013 mir ganz wichtig \u2013 entspannte Kaffees. Worauf also warten wir?<\/p>\n\n\n\n<p><strong>Ja zu einer entspannten Gesellschaft. Ja zum Vaterschafturlaub.<\/strong><\/p>\n\n\n\n<p>Alle Anweisungen in Kurzform: JA zum Vaterschaftsurlaub, NEIN zur Begrenzungsinitiative, NEIN zum Kinderabzug, NEIN zum Kampfjet, NEIN zum Jagdgesetz<\/p>\n\n\n\n<p><a href=\"https:\/\/www.johannes-sieber.ch\/move\/tag\/abstimmung_27.9.2020\/\">Alle Anweisungen zur Abstimmung vom 27. September 2020 gibt&#8217;s hier<\/a>.<\/p>\n\n\n\n<p class=\"hinweisbox\">Website<br>Ja zum Vaterschaftsurlaub<br><a href=\"https:\/\/www.vaterschaftsurlaub.ch\/\" target=\"_blank\" rel=\"noreferrer noopener\">www.vaterschaftsurlaub.ch<\/a><a href=\"https:\/\/www.watson.ch\/!592658340\" target=\"_blank\" rel=\"noreferrer noopener\"><\/a><\/p>\n\n\n\n<p class=\"hinweisbox\">Online: Bundesamt f\u00fcr Sozialversicherungen BSV<br>Vaterschaftsurlaub \/ \u00c4nderung des Erwerbsersatzgesetzes (EO)<br><a href=\"https:\/\/www.bsv.admin.ch\/bsv\/de\/home\/sozialversicherungen\/eo-msv\/reformen-und-revisionen\/eo-vaterschaftsurlaub.html\" target=\"_blank\" rel=\"noreferrer noopener\">Schweizerische Eidgenossenschaft<a href=\"https:\/\/www.watson.ch\/!592658340\" target=\"_blank\" rel=\"noreferrer noopener\"><\/a><\/a><\/p>\n\n\n\n<p class=\"hinweisbox\">Online: Europ\u00e4ische Kommission<br>D\u00e4nemark &#8211; Mutterschaftsgeld<br><a href=\"https:\/\/ec.europa.eu\/social\/main.jsp?catId=1107&amp;intPageId=4487&amp;langId=de\" target=\"_blank\" rel=\"noreferrer noopener\">Europ\u00e4ische Kommission<a href=\"https:\/\/www.watson.ch\/!592658340\" target=\"_blank\" rel=\"noreferrer noopener\"><\/a><\/a><\/p>\n\n\n\n<p class=\"hinweisbox\">Online: Schweizerische Eidgenossenschaft, Bundesrat 2015<br>Bericht des Bundesrates: Jugend und Gewalt<br><a href=\"https:\/\/www.johannes-sieber.ch\/move\/wp-content\/uploads\/2020\/09\/br-bericht-jugendundgewalt-wirksame-praevention-de.pdf\" target=\"_blank\" rel=\"noreferrer noopener\">Pdf Download<\/a><a href=\"https:\/\/www.johannes-sieber.ch\/move\/wp-content\/uploads\/2020\/09\/br-bericht-jugendundgewalt-wirksame-praevention-de.pdf\"><a href=\"https:\/\/www.watson.ch\/!592658340\" target=\"_blank\" rel=\"noreferrer noopener\"><\/a><\/a><\/p>\n\n\n\n<p class=\"hinweisbox\">Fernsehen: SRF, Arena, 11.09.202<br>Abstimmungsareana zum Vaterschaftsurlaub<br><a href=\"https:\/\/www.srf.ch\/play\/tv\/arena\/video\/arena?urn=urn:srf:video:f3f87d65-4303-43cb-9736-9735a5c8ea26\" target=\"_blank\" rel=\"noreferrer noopener\">Schweizer Radio und Fernsehen<\/a><\/p>\n\n\n\n<p class=\"fotoquelle\">Photo by Juliane Liebermann on Unsplash<\/p>\n","protected":false},"excerpt":{"rendered":"<p>Am 27. September stimmen wir \u00fcber f\u00fcnf eidgen\u00f6ssische Vorlagen ab. Zu jeder Vorlage publiziere ich hier eine kleine \u00abAnweisung zur Abstimmung\u00bb. Anweisung 4\/5: Ja zum Vaterschafturlaub. Begr\u00fcndung: V\u00e4ter sollen innerhalb von sechs Monaten ab Geburt&#8230;<\/p>\n","protected":false},"author":1,"featured_media":2797,"comment_status":"closed","ping_status":"open","sticky":false,"template":"","format":"standard","meta":{"_jetpack_memberships_contains_paid_content":false,"footnotes":""},"categories":[38,36],"tags":[65,74,21],"class_list":["post-2790","post","type-post","status-publish","format-standard","has-post-thumbnail","hentry","category-gleichstellung","category-position","tag-abstimmung","tag-abstimmung_27-9-2020","tag-gleichstellung"],"yoast_head":"<!-- This site is optimized with the Yoast SEO plugin v27.5 - https:\/\/yoast.com\/product\/yoast-seo-wordpress\/ -->\n<title>Ja zum Vaterschafturlaub - Johannes Sieber<\/title>\n<meta name=\"robots\" content=\"index, follow, max-snippet:-1, max-image-preview:large, max-video-preview:-1\" \/>\n<link rel=\"canonical\" href=\"https:\/\/www.johannes-sieber.ch\/move\/ja-zum-vaterschafturlaub\/\" \/>\n<meta property=\"og:locale\" content=\"de_DE\" \/>\n<meta property=\"og:type\" content=\"article\" \/>\n<meta property=\"og:title\" content=\"Ja zum Vaterschafturlaub - Johannes Sieber\" \/>\n<meta property=\"og:description\" content=\"Am 27. September stimmen wir \u00fcber f\u00fcnf eidgen\u00f6ssische Vorlagen ab. Zu jeder Vorlage publiziere ich hier eine kleine \u00abAnweisung zur Abstimmung\u00bb. Anweisung 4\/5: Ja zum Vaterschafturlaub. Begr\u00fcndung: V\u00e4ter sollen innerhalb von sechs Monaten ab Geburt...\" \/>\n<meta property=\"og:url\" content=\"https:\/\/www.johannes-sieber.ch\/move\/ja-zum-vaterschafturlaub\/\" \/>\n<meta property=\"og:site_name\" content=\"Johannes Sieber\" \/>\n<meta property=\"article:published_time\" content=\"2020-09-12T06:51:12+00:00\" \/>\n<meta property=\"article:modified_time\" content=\"2020-09-12T08:33:19+00:00\" \/>\n<meta property=\"og:image\" content=\"https:\/\/www.johannes-sieber.ch\/move\/wp-content\/uploads\/2020\/09\/juliane-liebermann-O-RKu3Aqnsw-unsplash.jpg\" \/>\n\t<meta property=\"og:image:width\" content=\"2304\" \/>\n\t<meta property=\"og:image:height\" content=\"1536\" \/>\n\t<meta property=\"og:image:type\" content=\"image\/jpeg\" \/>\n<meta name=\"author\" content=\"Johannes Sieber\" \/>\n<meta name=\"twitter:card\" content=\"summary_large_image\" \/>\n<meta name=\"twitter:creator\" content=\"@https:\/\/twitter.com\/JohannesSieber\" \/>\n<meta name=\"twitter:site\" content=\"@JohannesSieber\" \/>\n<meta name=\"twitter:label1\" content=\"Verfasst von\" \/>\n\t<meta name=\"twitter:data1\" content=\"Johannes Sieber\" \/>\n\t<meta name=\"twitter:label2\" content=\"Gesch\u00e4tzte Lesezeit\" \/>\n\t<meta name=\"twitter:data2\" content=\"2\u00a0Minuten\" \/>\n<script type=\"application\/ld+json\" class=\"yoast-schema-graph\">{\"@context\":\"https:\\\/\\\/schema.org\",\"@graph\":[{\"@type\":\"Article\",\"@id\":\"https:\\\/\\\/www.johannes-sieber.ch\\\/move\\\/ja-zum-vaterschafturlaub\\\/#article\",\"isPartOf\":{\"@id\":\"https:\\\/\\\/www.johannes-sieber.ch\\\/move\\\/ja-zum-vaterschafturlaub\\\/\"},\"author\":{\"name\":\"Johannes Sieber\",\"@id\":\"https:\\\/\\\/www.johannes-sieber.ch\\\/move\\\/#\\\/schema\\\/person\\\/d92682c5f067a49d1c1f925bd5422e14\"},\"headline\":\"Ja zum Vaterschafturlaub\",\"datePublished\":\"2020-09-12T06:51:12+00:00\",\"dateModified\":\"2020-09-12T08:33:19+00:00\",\"mainEntityOfPage\":{\"@id\":\"https:\\\/\\\/www.johannes-sieber.ch\\\/move\\\/ja-zum-vaterschafturlaub\\\/\"},\"wordCount\":469,\"publisher\":{\"@id\":\"https:\\\/\\\/www.johannes-sieber.ch\\\/move\\\/#\\\/schema\\\/person\\\/d92682c5f067a49d1c1f925bd5422e14\"},\"image\":{\"@id\":\"https:\\\/\\\/www.johannes-sieber.ch\\\/move\\\/ja-zum-vaterschafturlaub\\\/#primaryimage\"},\"thumbnailUrl\":\"https:\\\/\\\/www.johannes-sieber.ch\\\/move\\\/wp-content\\\/uploads\\\/2020\\\/09\\\/juliane-liebermann-O-RKu3Aqnsw-unsplash.jpg\",\"keywords\":[\"Abstimmung\",\"Abstimmung_27.9.2020\",\"Gleichstellung\"],\"articleSection\":[\"Gleichstellung\",\"Position\"],\"inLanguage\":\"de\"},{\"@type\":\"WebPage\",\"@id\":\"https:\\\/\\\/www.johannes-sieber.ch\\\/move\\\/ja-zum-vaterschafturlaub\\\/\",\"url\":\"https:\\\/\\\/www.johannes-sieber.ch\\\/move\\\/ja-zum-vaterschafturlaub\\\/\",\"name\":\"Ja zum Vaterschafturlaub - Johannes Sieber\",\"isPartOf\":{\"@id\":\"https:\\\/\\\/www.johannes-sieber.ch\\\/move\\\/#website\"},\"primaryImageOfPage\":{\"@id\":\"https:\\\/\\\/www.johannes-sieber.ch\\\/move\\\/ja-zum-vaterschafturlaub\\\/#primaryimage\"},\"image\":{\"@id\":\"https:\\\/\\\/www.johannes-sieber.ch\\\/move\\\/ja-zum-vaterschafturlaub\\\/#primaryimage\"},\"thumbnailUrl\":\"https:\\\/\\\/www.johannes-sieber.ch\\\/move\\\/wp-content\\\/uploads\\\/2020\\\/09\\\/juliane-liebermann-O-RKu3Aqnsw-unsplash.jpg\",\"datePublished\":\"2020-09-12T06:51:12+00:00\",\"dateModified\":\"2020-09-12T08:33:19+00:00\",\"breadcrumb\":{\"@id\":\"https:\\\/\\\/www.johannes-sieber.ch\\\/move\\\/ja-zum-vaterschafturlaub\\\/#breadcrumb\"},\"inLanguage\":\"de\",\"potentialAction\":[{\"@type\":\"ReadAction\",\"target\":[\"https:\\\/\\\/www.johannes-sieber.ch\\\/move\\\/ja-zum-vaterschafturlaub\\\/\"]}]},{\"@type\":\"ImageObject\",\"inLanguage\":\"de\",\"@id\":\"https:\\\/\\\/www.johannes-sieber.ch\\\/move\\\/ja-zum-vaterschafturlaub\\\/#primaryimage\",\"url\":\"https:\\\/\\\/www.johannes-sieber.ch\\\/move\\\/wp-content\\\/uploads\\\/2020\\\/09\\\/juliane-liebermann-O-RKu3Aqnsw-unsplash.jpg\",\"contentUrl\":\"https:\\\/\\\/www.johannes-sieber.ch\\\/move\\\/wp-content\\\/uploads\\\/2020\\\/09\\\/juliane-liebermann-O-RKu3Aqnsw-unsplash.jpg\",\"width\":2304,\"height\":1536,\"caption\":\"Vaterschaftsurlaub\"},{\"@type\":\"BreadcrumbList\",\"@id\":\"https:\\\/\\\/www.johannes-sieber.ch\\\/move\\\/ja-zum-vaterschafturlaub\\\/#breadcrumb\",\"itemListElement\":[{\"@type\":\"ListItem\",\"position\":1,\"name\":\"Startseite\",\"item\":\"https:\\\/\\\/www.johannes-sieber.ch\\\/move\\\/\"},{\"@type\":\"ListItem\",\"position\":2,\"name\":\"Ja zum Vaterschafturlaub\"}]},{\"@type\":\"WebSite\",\"@id\":\"https:\\\/\\\/www.johannes-sieber.ch\\\/move\\\/#website\",\"url\":\"https:\\\/\\\/www.johannes-sieber.ch\\\/move\\\/\",\"name\":\"Johannes Sieber\",\"description\":\"Notizen zu Kultur, Klima, Stadt &amp; Menschen\",\"publisher\":{\"@id\":\"https:\\\/\\\/www.johannes-sieber.ch\\\/move\\\/#\\\/schema\\\/person\\\/d92682c5f067a49d1c1f925bd5422e14\"},\"potentialAction\":[{\"@type\":\"SearchAction\",\"target\":{\"@type\":\"EntryPoint\",\"urlTemplate\":\"https:\\\/\\\/www.johannes-sieber.ch\\\/move\\\/?s={search_term_string}\"},\"query-input\":{\"@type\":\"PropertyValueSpecification\",\"valueRequired\":true,\"valueName\":\"search_term_string\"}}],\"inLanguage\":\"de\"},{\"@type\":[\"Person\",\"Organization\"],\"@id\":\"https:\\\/\\\/www.johannes-sieber.ch\\\/move\\\/#\\\/schema\\\/person\\\/d92682c5f067a49d1c1f925bd5422e14\",\"name\":\"Johannes Sieber\",\"image\":{\"@type\":\"ImageObject\",\"inLanguage\":\"de\",\"@id\":\"https:\\\/\\\/secure.gravatar.com\\\/avatar\\\/31f81941f5205fb74a8b0f15334401b3be15721e177e88208533a81bf8dae247?s=96&d=mm&r=g\",\"url\":\"https:\\\/\\\/secure.gravatar.com\\\/avatar\\\/31f81941f5205fb74a8b0f15334401b3be15721e177e88208533a81bf8dae247?s=96&d=mm&r=g\",\"contentUrl\":\"https:\\\/\\\/secure.gravatar.com\\\/avatar\\\/31f81941f5205fb74a8b0f15334401b3be15721e177e88208533a81bf8dae247?s=96&d=mm&r=g\",\"caption\":\"Johannes Sieber\"},\"logo\":{\"@id\":\"https:\\\/\\\/secure.gravatar.com\\\/avatar\\\/31f81941f5205fb74a8b0f15334401b3be15721e177e88208533a81bf8dae247?s=96&d=mm&r=g\"},\"sameAs\":[\"https:\\\/\\\/www.johannes-sieber.ch\\\/\",\"https:\\\/\\\/www.instagram.com\\\/johannes__sieber\",\"https:\\\/\\\/x.com\\\/https:\\\/\\\/twitter.com\\\/JohannesSieber\"],\"url\":\"https:\\\/\\\/www.johannes-sieber.ch\\\/move\\\/author\\\/admin\\\/\"}]}<\/script>\n<!-- \/ Yoast SEO plugin. -->","yoast_head_json":{"title":"Ja zum Vaterschafturlaub - Johannes Sieber","robots":{"index":"index","follow":"follow","max-snippet":"max-snippet:-1","max-image-preview":"max-image-preview:large","max-video-preview":"max-video-preview:-1"},"canonical":"https:\/\/www.johannes-sieber.ch\/move\/ja-zum-vaterschafturlaub\/","og_locale":"de_DE","og_type":"article","og_title":"Ja zum Vaterschafturlaub - Johannes Sieber","og_description":"Am 27. September stimmen wir \u00fcber f\u00fcnf eidgen\u00f6ssische Vorlagen ab. Zu jeder Vorlage publiziere ich hier eine kleine \u00abAnweisung zur Abstimmung\u00bb. Anweisung 4\/5: Ja zum Vaterschafturlaub. Begr\u00fcndung: V\u00e4ter sollen innerhalb von sechs Monaten ab Geburt...","og_url":"https:\/\/www.johannes-sieber.ch\/move\/ja-zum-vaterschafturlaub\/","og_site_name":"Johannes Sieber","article_published_time":"2020-09-12T06:51:12+00:00","article_modified_time":"2020-09-12T08:33:19+00:00","og_image":[{"width":2304,"height":1536,"url":"https:\/\/www.johannes-sieber.ch\/move\/wp-content\/uploads\/2020\/09\/juliane-liebermann-O-RKu3Aqnsw-unsplash.jpg","type":"image\/jpeg"}],"author":"Johannes Sieber","twitter_card":"summary_large_image","twitter_creator":"@https:\/\/twitter.com\/JohannesSieber","twitter_site":"@JohannesSieber","twitter_misc":{"Verfasst von":"Johannes Sieber","Gesch\u00e4tzte Lesezeit":"2\u00a0Minuten"},"schema":{"@context":"https:\/\/schema.org","@graph":[{"@type":"Article","@id":"https:\/\/www.johannes-sieber.ch\/move\/ja-zum-vaterschafturlaub\/#article","isPartOf":{"@id":"https:\/\/www.johannes-sieber.ch\/move\/ja-zum-vaterschafturlaub\/"},"author":{"name":"Johannes Sieber","@id":"https:\/\/www.johannes-sieber.ch\/move\/#\/schema\/person\/d92682c5f067a49d1c1f925bd5422e14"},"headline":"Ja zum Vaterschafturlaub","datePublished":"2020-09-12T06:51:12+00:00","dateModified":"2020-09-12T08:33:19+00:00","mainEntityOfPage":{"@id":"https:\/\/www.johannes-sieber.ch\/move\/ja-zum-vaterschafturlaub\/"},"wordCount":469,"publisher":{"@id":"https:\/\/www.johannes-sieber.ch\/move\/#\/schema\/person\/d92682c5f067a49d1c1f925bd5422e14"},"image":{"@id":"https:\/\/www.johannes-sieber.ch\/move\/ja-zum-vaterschafturlaub\/#primaryimage"},"thumbnailUrl":"https:\/\/www.johannes-sieber.ch\/move\/wp-content\/uploads\/2020\/09\/juliane-liebermann-O-RKu3Aqnsw-unsplash.jpg","keywords":["Abstimmung","Abstimmung_27.9.2020","Gleichstellung"],"articleSection":["Gleichstellung","Position"],"inLanguage":"de"},{"@type":"WebPage","@id":"https:\/\/www.johannes-sieber.ch\/move\/ja-zum-vaterschafturlaub\/","url":"https:\/\/www.johannes-sieber.ch\/move\/ja-zum-vaterschafturlaub\/","name":"Ja zum Vaterschafturlaub - Johannes Sieber","isPartOf":{"@id":"https:\/\/www.johannes-sieber.ch\/move\/#website"},"primaryImageOfPage":{"@id":"https:\/\/www.johannes-sieber.ch\/move\/ja-zum-vaterschafturlaub\/#primaryimage"},"image":{"@id":"https:\/\/www.johannes-sieber.ch\/move\/ja-zum-vaterschafturlaub\/#primaryimage"},"thumbnailUrl":"https:\/\/www.johannes-sieber.ch\/move\/wp-content\/uploads\/2020\/09\/juliane-liebermann-O-RKu3Aqnsw-unsplash.jpg","datePublished":"2020-09-12T06:51:12+00:00","dateModified":"2020-09-12T08:33:19+00:00","breadcrumb":{"@id":"https:\/\/www.johannes-sieber.ch\/move\/ja-zum-vaterschafturlaub\/#breadcrumb"},"inLanguage":"de","potentialAction":[{"@type":"ReadAction","target":["https:\/\/www.johannes-sieber.ch\/move\/ja-zum-vaterschafturlaub\/"]}]},{"@type":"ImageObject","inLanguage":"de","@id":"https:\/\/www.johannes-sieber.ch\/move\/ja-zum-vaterschafturlaub\/#primaryimage","url":"https:\/\/www.johannes-sieber.ch\/move\/wp-content\/uploads\/2020\/09\/juliane-liebermann-O-RKu3Aqnsw-unsplash.jpg","contentUrl":"https:\/\/www.johannes-sieber.ch\/move\/wp-content\/uploads\/2020\/09\/juliane-liebermann-O-RKu3Aqnsw-unsplash.jpg","width":2304,"height":1536,"caption":"Vaterschaftsurlaub"},{"@type":"BreadcrumbList","@id":"https:\/\/www.johannes-sieber.ch\/move\/ja-zum-vaterschafturlaub\/#breadcrumb","itemListElement":[{"@type":"ListItem","position":1,"name":"Startseite","item":"https:\/\/www.johannes-sieber.ch\/move\/"},{"@type":"ListItem","position":2,"name":"Ja zum Vaterschafturlaub"}]},{"@type":"WebSite","@id":"https:\/\/www.johannes-sieber.ch\/move\/#website","url":"https:\/\/www.johannes-sieber.ch\/move\/","name":"Johannes Sieber","description":"Notizen zu Kultur, Klima, Stadt &amp; Menschen","publisher":{"@id":"https:\/\/www.johannes-sieber.ch\/move\/#\/schema\/person\/d92682c5f067a49d1c1f925bd5422e14"},"potentialAction":[{"@type":"SearchAction","target":{"@type":"EntryPoint","urlTemplate":"https:\/\/www.johannes-sieber.ch\/move\/?s={search_term_string}"},"query-input":{"@type":"PropertyValueSpecification","valueRequired":true,"valueName":"search_term_string"}}],"inLanguage":"de"},{"@type":["Person","Organization"],"@id":"https:\/\/www.johannes-sieber.ch\/move\/#\/schema\/person\/d92682c5f067a49d1c1f925bd5422e14","name":"Johannes Sieber","image":{"@type":"ImageObject","inLanguage":"de","@id":"https:\/\/secure.gravatar.com\/avatar\/31f81941f5205fb74a8b0f15334401b3be15721e177e88208533a81bf8dae247?s=96&d=mm&r=g","url":"https:\/\/secure.gravatar.com\/avatar\/31f81941f5205fb74a8b0f15334401b3be15721e177e88208533a81bf8dae247?s=96&d=mm&r=g","contentUrl":"https:\/\/secure.gravatar.com\/avatar\/31f81941f5205fb74a8b0f15334401b3be15721e177e88208533a81bf8dae247?s=96&d=mm&r=g","caption":"Johannes Sieber"},"logo":{"@id":"https:\/\/secure.gravatar.com\/avatar\/31f81941f5205fb74a8b0f15334401b3be15721e177e88208533a81bf8dae247?s=96&d=mm&r=g"},"sameAs":["https:\/\/www.johannes-sieber.ch\/","https:\/\/www.instagram.com\/johannes__sieber","https:\/\/x.com\/https:\/\/twitter.com\/JohannesSieber"],"url":"https:\/\/www.johannes-sieber.ch\/move\/author\/admin\/"}]}},"jetpack_featured_media_url":"https:\/\/www.johannes-sieber.ch\/move\/wp-content\/uploads\/2020\/09\/juliane-liebermann-O-RKu3Aqnsw-unsplash.jpg","jetpack_sharing_enabled":true,"_links":{"self":[{"href":"https:\/\/www.johannes-sieber.ch\/move\/wp-json\/wp\/v2\/posts\/2790","targetHints":{"allow":["GET"]}}],"collection":[{"href":"https:\/\/www.johannes-sieber.ch\/move\/wp-json\/wp\/v2\/posts"}],"about":[{"href":"https:\/\/www.johannes-sieber.ch\/move\/wp-json\/wp\/v2\/types\/post"}],"author":[{"embeddable":true,"href":"https:\/\/www.johannes-sieber.ch\/move\/wp-json\/wp\/v2\/users\/1"}],"replies":[{"embeddable":true,"href":"https:\/\/www.johannes-sieber.ch\/move\/wp-json\/wp\/v2\/comments?post=2790"}],"version-history":[{"count":38,"href":"https:\/\/www.johannes-sieber.ch\/move\/wp-json\/wp\/v2\/posts\/2790\/revisions"}],"predecessor-version":[{"id":2831,"href":"https:\/\/www.johannes-sieber.ch\/move\/wp-json\/wp\/v2\/posts\/2790\/revisions\/2831"}],"wp:featuredmedia":[{"embeddable":true,"href":"https:\/\/www.johannes-sieber.ch\/move\/wp-json\/wp\/v2\/media\/2797"}],"wp:attachment":[{"href":"https:\/\/www.johannes-sieber.ch\/move\/wp-json\/wp\/v2\/media?parent=2790"}],"wp:term":[{"taxonomy":"category","embeddable":true,"href":"https:\/\/www.johannes-sieber.ch\/move\/wp-json\/wp\/v2\/categories?post=2790"},{"taxonomy":"post_tag","embeddable":true,"href":"https:\/\/www.johannes-sieber.ch\/move\/wp-json\/wp\/v2\/tags?post=2790"}],"curies":[{"name":"wp","href":"https:\/\/api.w.org\/{rel}","templated":true}]}}