{"id":2894,"date":"2020-09-23T12:21:36","date_gmt":"2020-09-23T11:21:36","guid":{"rendered":"https:\/\/www.johannes-sieber.ch\/move\/?p=2894"},"modified":"2020-09-23T17:16:49","modified_gmt":"2020-09-23T16:16:49","slug":"forderung-gleichstellungspolitik","status":"publish","type":"post","link":"https:\/\/www.johannes-sieber.ch\/move\/forderung-gleichstellungspolitik\/","title":{"rendered":"Forderung: Gleichstellung"},"content":{"rendered":"\n<p><strong>F\u00fcr eine diverse und solidarische Gleichstellungs-Politik f\u00fcr alle Geschlechter und Minderheiten.<\/strong><\/p>\n\n\n\n<p>Am 25. Oktober kandidiere ich f\u00fcr den Grossen Rat vom Kanton Basel-Stadt. Du findest mich auf dem 1. Listenplatz der Liste 10, Gr\u00fcnliberale Partei, Wahlkreis Kleinbasel.<\/p>\n\n\n\n<p>Ich fordere eine diverse und solidarische Gleichstellungspolitik, die sich \u00fcber die Gleichstellung von Frau und Mann hinaus entwickelt. Alle Geschlechter und marginalisierten Minderheiten m\u00fcssen ber\u00fccksichtigt werden.<\/p>\n\n\n\n<p>Daf\u00fcr setze ich mich ein:<\/p>\n\n\n\n<div class=\"themabox\"><b>Gleichstellung und offene Gesellschaft<\/b>\n<ul><li>Diverse Gleichstellungspolitik\n<\/li><li>Ganzheitliche L\u00f6sungen\n<\/li><li>F\u00fcr alle Geschlechter und Minderheiten\n<\/li><\/ul>\n<b>Lesen:<\/b> <a href=\"https:\/\/johannes-sieber.ch\/move\/gleichstellung\">mehr zum Thema Gleichstellung<\/a>\n<\/div>\n\n\n\n<p><\/p>\n\n\n\n<p>Alle meine Forderungen: <a href=\"https:\/\/www.johannes-sieber.ch\/move\/tag\/forderungen\/\">Hier nachlesen<\/a>.<\/p>\n","protected":false},"excerpt":{"rendered":"<p>F\u00fcr eine diverse und solidarische Gleichstellungs-Politik f\u00fcr alle Geschlechter und Minderheiten. Am 25. Oktober kandidiere ich f\u00fcr den Grossen Rat vom Kanton Basel-Stadt. Du findest mich auf dem 1. Listenplatz der Liste 10, Gr\u00fcnliberale Partei,&#8230;<\/p>\n","protected":false},"author":1,"featured_media":3157,"comment_status":"closed","ping_status":"open","sticky":false,"template":"","format":"standard","meta":{"_jetpack_memberships_contains_paid_content":false,"footnotes":""},"categories":[38,36],"tags":[76,21,66],"class_list":["post-2894","post","type-post","status-publish","format-standard","has-post-thumbnail","hentry","category-gleichstellung","category-position","tag-forderungen","tag-gleichstellung","tag-position"],"yoast_head":"<!-- This site is optimized with the Yoast SEO plugin v27.5 - https:\/\/yoast.com\/product\/yoast-seo-wordpress\/ -->\n<title>Forderung: Gleichstellung - Johannes Sieber<\/title>\n<meta name=\"robots\" content=\"index, follow, max-snippet:-1, max-image-preview:large, max-video-preview:-1\" \/>\n<link rel=\"canonical\" href=\"https:\/\/www.johannes-sieber.ch\/move\/forderung-gleichstellungspolitik\/\" \/>\n<meta property=\"og:locale\" content=\"de_DE\" \/>\n<meta property=\"og:type\" content=\"article\" \/>\n<meta property=\"og:title\" content=\"Forderung: Gleichstellung - Johannes Sieber\" \/>\n<meta property=\"og:description\" content=\"F\u00fcr eine diverse und solidarische Gleichstellungs-Politik f\u00fcr alle Geschlechter und Minderheiten. Am 25. Oktober kandidiere ich f\u00fcr den Grossen Rat vom Kanton Basel-Stadt. Du findest mich auf dem 1. Listenplatz der Liste 10, Gr\u00fcnliberale Partei,...\" \/>\n<meta property=\"og:url\" content=\"https:\/\/www.johannes-sieber.ch\/move\/forderung-gleichstellungspolitik\/\" \/>\n<meta property=\"og:site_name\" content=\"Johannes Sieber\" \/>\n<meta property=\"article:published_time\" content=\"2020-09-23T11:21:36+00:00\" \/>\n<meta property=\"article:modified_time\" content=\"2020-09-23T16:16:49+00:00\" \/>\n<meta property=\"og:image\" content=\"https:\/\/www.johannes-sieber.ch\/move\/wp-content\/uploads\/2020\/09\/gleichstellungspolitik-N.jpg\" \/>\n\t<meta property=\"og:image:width\" content=\"1673\" \/>\n\t<meta property=\"og:image:height\" content=\"1037\" \/>\n\t<meta property=\"og:image:type\" content=\"image\/jpeg\" \/>\n<meta name=\"author\" content=\"Johannes Sieber\" \/>\n<meta name=\"twitter:card\" content=\"summary_large_image\" \/>\n<meta name=\"twitter:creator\" content=\"@https:\/\/twitter.com\/JohannesSieber\" \/>\n<meta name=\"twitter:site\" content=\"@JohannesSieber\" \/>\n<meta name=\"twitter:label1\" content=\"Verfasst von\" \/>\n\t<meta name=\"twitter:data1\" content=\"Johannes Sieber\" \/>\n<script type=\"application\/ld+json\" class=\"yoast-schema-graph\">{\"@context\":\"https:\\\/\\\/schema.org\",\"@graph\":[{\"@type\":\"Article\",\"@id\":\"https:\\\/\\\/www.johannes-sieber.ch\\\/move\\\/forderung-gleichstellungspolitik\\\/#article\",\"isPartOf\":{\"@id\":\"https:\\\/\\\/www.johannes-sieber.ch\\\/move\\\/forderung-gleichstellungspolitik\\\/\"},\"author\":{\"name\":\"Johannes Sieber\",\"@id\":\"https:\\\/\\\/www.johannes-sieber.ch\\\/move\\\/#\\\/schema\\\/person\\\/d92682c5f067a49d1c1f925bd5422e14\"},\"headline\":\"Forderung: Gleichstellung\",\"datePublished\":\"2020-09-23T11:21:36+00:00\",\"dateModified\":\"2020-09-23T16:16:49+00:00\",\"mainEntityOfPage\":{\"@id\":\"https:\\\/\\\/www.johannes-sieber.ch\\\/move\\\/forderung-gleichstellungspolitik\\\/\"},\"wordCount\":99,\"publisher\":{\"@id\":\"https:\\\/\\\/www.johannes-sieber.ch\\\/move\\\/#\\\/schema\\\/person\\\/d92682c5f067a49d1c1f925bd5422e14\"},\"image\":{\"@id\":\"https:\\\/\\\/www.johannes-sieber.ch\\\/move\\\/forderung-gleichstellungspolitik\\\/#primaryimage\"},\"thumbnailUrl\":\"https:\\\/\\\/www.johannes-sieber.ch\\\/move\\\/wp-content\\\/uploads\\\/2020\\\/09\\\/gleichstellungspolitik-N.jpg\",\"keywords\":[\"Forderungen\",\"Gleichstellung\",\"Position\"],\"articleSection\":[\"Gleichstellung\",\"Position\"],\"inLanguage\":\"de\"},{\"@type\":\"WebPage\",\"@id\":\"https:\\\/\\\/www.johannes-sieber.ch\\\/move\\\/forderung-gleichstellungspolitik\\\/\",\"url\":\"https:\\\/\\\/www.johannes-sieber.ch\\\/move\\\/forderung-gleichstellungspolitik\\\/\",\"name\":\"Forderung: Gleichstellung - Johannes Sieber\",\"isPartOf\":{\"@id\":\"https:\\\/\\\/www.johannes-sieber.ch\\\/move\\\/#website\"},\"primaryImageOfPage\":{\"@id\":\"https:\\\/\\\/www.johannes-sieber.ch\\\/move\\\/forderung-gleichstellungspolitik\\\/#primaryimage\"},\"image\":{\"@id\":\"https:\\\/\\\/www.johannes-sieber.ch\\\/move\\\/forderung-gleichstellungspolitik\\\/#primaryimage\"},\"thumbnailUrl\":\"https:\\\/\\\/www.johannes-sieber.ch\\\/move\\\/wp-content\\\/uploads\\\/2020\\\/09\\\/gleichstellungspolitik-N.jpg\",\"datePublished\":\"2020-09-23T11:21:36+00:00\",\"dateModified\":\"2020-09-23T16:16:49+00:00\",\"breadcrumb\":{\"@id\":\"https:\\\/\\\/www.johannes-sieber.ch\\\/move\\\/forderung-gleichstellungspolitik\\\/#breadcrumb\"},\"inLanguage\":\"de\",\"potentialAction\":[{\"@type\":\"ReadAction\",\"target\":[\"https:\\\/\\\/www.johannes-sieber.ch\\\/move\\\/forderung-gleichstellungspolitik\\\/\"]}]},{\"@type\":\"ImageObject\",\"inLanguage\":\"de\",\"@id\":\"https:\\\/\\\/www.johannes-sieber.ch\\\/move\\\/forderung-gleichstellungspolitik\\\/#primaryimage\",\"url\":\"https:\\\/\\\/www.johannes-sieber.ch\\\/move\\\/wp-content\\\/uploads\\\/2020\\\/09\\\/gleichstellungspolitik-N.jpg\",\"contentUrl\":\"https:\\\/\\\/www.johannes-sieber.ch\\\/move\\\/wp-content\\\/uploads\\\/2020\\\/09\\\/gleichstellungspolitik-N.jpg\",\"width\":1673,\"height\":1037,\"caption\":\"Johannes Sieber - Gleichstellungspolitik\"},{\"@type\":\"BreadcrumbList\",\"@id\":\"https:\\\/\\\/www.johannes-sieber.ch\\\/move\\\/forderung-gleichstellungspolitik\\\/#breadcrumb\",\"itemListElement\":[{\"@type\":\"ListItem\",\"position\":1,\"name\":\"Startseite\",\"item\":\"https:\\\/\\\/www.johannes-sieber.ch\\\/move\\\/\"},{\"@type\":\"ListItem\",\"position\":2,\"name\":\"Forderung: Gleichstellung\"}]},{\"@type\":\"WebSite\",\"@id\":\"https:\\\/\\\/www.johannes-sieber.ch\\\/move\\\/#website\",\"url\":\"https:\\\/\\\/www.johannes-sieber.ch\\\/move\\\/\",\"name\":\"Johannes Sieber\",\"description\":\"Notizen zu Kultur, Klima, Stadt &amp; Menschen\",\"publisher\":{\"@id\":\"https:\\\/\\\/www.johannes-sieber.ch\\\/move\\\/#\\\/schema\\\/person\\\/d92682c5f067a49d1c1f925bd5422e14\"},\"potentialAction\":[{\"@type\":\"SearchAction\",\"target\":{\"@type\":\"EntryPoint\",\"urlTemplate\":\"https:\\\/\\\/www.johannes-sieber.ch\\\/move\\\/?s={search_term_string}\"},\"query-input\":{\"@type\":\"PropertyValueSpecification\",\"valueRequired\":true,\"valueName\":\"search_term_string\"}}],\"inLanguage\":\"de\"},{\"@type\":[\"Person\",\"Organization\"],\"@id\":\"https:\\\/\\\/www.johannes-sieber.ch\\\/move\\\/#\\\/schema\\\/person\\\/d92682c5f067a49d1c1f925bd5422e14\",\"name\":\"Johannes Sieber\",\"image\":{\"@type\":\"ImageObject\",\"inLanguage\":\"de\",\"@id\":\"https:\\\/\\\/secure.gravatar.com\\\/avatar\\\/31f81941f5205fb74a8b0f15334401b3be15721e177e88208533a81bf8dae247?s=96&d=mm&r=g\",\"url\":\"https:\\\/\\\/secure.gravatar.com\\\/avatar\\\/31f81941f5205fb74a8b0f15334401b3be15721e177e88208533a81bf8dae247?s=96&d=mm&r=g\",\"contentUrl\":\"https:\\\/\\\/secure.gravatar.com\\\/avatar\\\/31f81941f5205fb74a8b0f15334401b3be15721e177e88208533a81bf8dae247?s=96&d=mm&r=g\",\"caption\":\"Johannes Sieber\"},\"logo\":{\"@id\":\"https:\\\/\\\/secure.gravatar.com\\\/avatar\\\/31f81941f5205fb74a8b0f15334401b3be15721e177e88208533a81bf8dae247?s=96&d=mm&r=g\"},\"sameAs\":[\"https:\\\/\\\/www.johannes-sieber.ch\\\/\",\"https:\\\/\\\/www.instagram.com\\\/johannes__sieber\",\"https:\\\/\\\/x.com\\\/https:\\\/\\\/twitter.com\\\/JohannesSieber\"],\"url\":\"https:\\\/\\\/www.johannes-sieber.ch\\\/move\\\/author\\\/admin\\\/\"}]}<\/script>\n<!-- \/ Yoast SEO plugin. -->","yoast_head_json":{"title":"Forderung: Gleichstellung - Johannes Sieber","robots":{"index":"index","follow":"follow","max-snippet":"max-snippet:-1","max-image-preview":"max-image-preview:large","max-video-preview":"max-video-preview:-1"},"canonical":"https:\/\/www.johannes-sieber.ch\/move\/forderung-gleichstellungspolitik\/","og_locale":"de_DE","og_type":"article","og_title":"Forderung: Gleichstellung - Johannes Sieber","og_description":"F\u00fcr eine diverse und solidarische Gleichstellungs-Politik f\u00fcr alle Geschlechter und Minderheiten. Am 25. Oktober kandidiere ich f\u00fcr den Grossen Rat vom Kanton Basel-Stadt. Du findest mich auf dem 1. Listenplatz der Liste 10, Gr\u00fcnliberale Partei,...","og_url":"https:\/\/www.johannes-sieber.ch\/move\/forderung-gleichstellungspolitik\/","og_site_name":"Johannes Sieber","article_published_time":"2020-09-23T11:21:36+00:00","article_modified_time":"2020-09-23T16:16:49+00:00","og_image":[{"width":1673,"height":1037,"url":"https:\/\/www.johannes-sieber.ch\/move\/wp-content\/uploads\/2020\/09\/gleichstellungspolitik-N.jpg","type":"image\/jpeg"}],"author":"Johannes Sieber","twitter_card":"summary_large_image","twitter_creator":"@https:\/\/twitter.com\/JohannesSieber","twitter_site":"@JohannesSieber","twitter_misc":{"Verfasst von":"Johannes Sieber"},"schema":{"@context":"https:\/\/schema.org","@graph":[{"@type":"Article","@id":"https:\/\/www.johannes-sieber.ch\/move\/forderung-gleichstellungspolitik\/#article","isPartOf":{"@id":"https:\/\/www.johannes-sieber.ch\/move\/forderung-gleichstellungspolitik\/"},"author":{"name":"Johannes Sieber","@id":"https:\/\/www.johannes-sieber.ch\/move\/#\/schema\/person\/d92682c5f067a49d1c1f925bd5422e14"},"headline":"Forderung: Gleichstellung","datePublished":"2020-09-23T11:21:36+00:00","dateModified":"2020-09-23T16:16:49+00:00","mainEntityOfPage":{"@id":"https:\/\/www.johannes-sieber.ch\/move\/forderung-gleichstellungspolitik\/"},"wordCount":99,"publisher":{"@id":"https:\/\/www.johannes-sieber.ch\/move\/#\/schema\/person\/d92682c5f067a49d1c1f925bd5422e14"},"image":{"@id":"https:\/\/www.johannes-sieber.ch\/move\/forderung-gleichstellungspolitik\/#primaryimage"},"thumbnailUrl":"https:\/\/www.johannes-sieber.ch\/move\/wp-content\/uploads\/2020\/09\/gleichstellungspolitik-N.jpg","keywords":["Forderungen","Gleichstellung","Position"],"articleSection":["Gleichstellung","Position"],"inLanguage":"de"},{"@type":"WebPage","@id":"https:\/\/www.johannes-sieber.ch\/move\/forderung-gleichstellungspolitik\/","url":"https:\/\/www.johannes-sieber.ch\/move\/forderung-gleichstellungspolitik\/","name":"Forderung: Gleichstellung - Johannes Sieber","isPartOf":{"@id":"https:\/\/www.johannes-sieber.ch\/move\/#website"},"primaryImageOfPage":{"@id":"https:\/\/www.johannes-sieber.ch\/move\/forderung-gleichstellungspolitik\/#primaryimage"},"image":{"@id":"https:\/\/www.johannes-sieber.ch\/move\/forderung-gleichstellungspolitik\/#primaryimage"},"thumbnailUrl":"https:\/\/www.johannes-sieber.ch\/move\/wp-content\/uploads\/2020\/09\/gleichstellungspolitik-N.jpg","datePublished":"2020-09-23T11:21:36+00:00","dateModified":"2020-09-23T16:16:49+00:00","breadcrumb":{"@id":"https:\/\/www.johannes-sieber.ch\/move\/forderung-gleichstellungspolitik\/#breadcrumb"},"inLanguage":"de","potentialAction":[{"@type":"ReadAction","target":["https:\/\/www.johannes-sieber.ch\/move\/forderung-gleichstellungspolitik\/"]}]},{"@type":"ImageObject","inLanguage":"de","@id":"https:\/\/www.johannes-sieber.ch\/move\/forderung-gleichstellungspolitik\/#primaryimage","url":"https:\/\/www.johannes-sieber.ch\/move\/wp-content\/uploads\/2020\/09\/gleichstellungspolitik-N.jpg","contentUrl":"https:\/\/www.johannes-sieber.ch\/move\/wp-content\/uploads\/2020\/09\/gleichstellungspolitik-N.jpg","width":1673,"height":1037,"caption":"Johannes Sieber - Gleichstellungspolitik"},{"@type":"BreadcrumbList","@id":"https:\/\/www.johannes-sieber.ch\/move\/forderung-gleichstellungspolitik\/#breadcrumb","itemListElement":[{"@type":"ListItem","position":1,"name":"Startseite","item":"https:\/\/www.johannes-sieber.ch\/move\/"},{"@type":"ListItem","position":2,"name":"Forderung: Gleichstellung"}]},{"@type":"WebSite","@id":"https:\/\/www.johannes-sieber.ch\/move\/#website","url":"https:\/\/www.johannes-sieber.ch\/move\/","name":"Johannes Sieber","description":"Notizen zu Kultur, Klima, Stadt &amp; Menschen","publisher":{"@id":"https:\/\/www.johannes-sieber.ch\/move\/#\/schema\/person\/d92682c5f067a49d1c1f925bd5422e14"},"potentialAction":[{"@type":"SearchAction","target":{"@type":"EntryPoint","urlTemplate":"https:\/\/www.johannes-sieber.ch\/move\/?s={search_term_string}"},"query-input":{"@type":"PropertyValueSpecification","valueRequired":true,"valueName":"search_term_string"}}],"inLanguage":"de"},{"@type":["Person","Organization"],"@id":"https:\/\/www.johannes-sieber.ch\/move\/#\/schema\/person\/d92682c5f067a49d1c1f925bd5422e14","name":"Johannes Sieber","image":{"@type":"ImageObject","inLanguage":"de","@id":"https:\/\/secure.gravatar.com\/avatar\/31f81941f5205fb74a8b0f15334401b3be15721e177e88208533a81bf8dae247?s=96&d=mm&r=g","url":"https:\/\/secure.gravatar.com\/avatar\/31f81941f5205fb74a8b0f15334401b3be15721e177e88208533a81bf8dae247?s=96&d=mm&r=g","contentUrl":"https:\/\/secure.gravatar.com\/avatar\/31f81941f5205fb74a8b0f15334401b3be15721e177e88208533a81bf8dae247?s=96&d=mm&r=g","caption":"Johannes Sieber"},"logo":{"@id":"https:\/\/secure.gravatar.com\/avatar\/31f81941f5205fb74a8b0f15334401b3be15721e177e88208533a81bf8dae247?s=96&d=mm&r=g"},"sameAs":["https:\/\/www.johannes-sieber.ch\/","https:\/\/www.instagram.com\/johannes__sieber","https:\/\/x.com\/https:\/\/twitter.com\/JohannesSieber"],"url":"https:\/\/www.johannes-sieber.ch\/move\/author\/admin\/"}]}},"jetpack_featured_media_url":"https:\/\/www.johannes-sieber.ch\/move\/wp-content\/uploads\/2020\/09\/gleichstellungspolitik-N.jpg","jetpack_sharing_enabled":true,"_links":{"self":[{"href":"https:\/\/www.johannes-sieber.ch\/move\/wp-json\/wp\/v2\/posts\/2894","targetHints":{"allow":["GET"]}}],"collection":[{"href":"https:\/\/www.johannes-sieber.ch\/move\/wp-json\/wp\/v2\/posts"}],"about":[{"href":"https:\/\/www.johannes-sieber.ch\/move\/wp-json\/wp\/v2\/types\/post"}],"author":[{"embeddable":true,"href":"https:\/\/www.johannes-sieber.ch\/move\/wp-json\/wp\/v2\/users\/1"}],"replies":[{"embeddable":true,"href":"https:\/\/www.johannes-sieber.ch\/move\/wp-json\/wp\/v2\/comments?post=2894"}],"version-history":[{"count":15,"href":"https:\/\/www.johannes-sieber.ch\/move\/wp-json\/wp\/v2\/posts\/2894\/revisions"}],"predecessor-version":[{"id":3153,"href":"https:\/\/www.johannes-sieber.ch\/move\/wp-json\/wp\/v2\/posts\/2894\/revisions\/3153"}],"wp:featuredmedia":[{"embeddable":true,"href":"https:\/\/www.johannes-sieber.ch\/move\/wp-json\/wp\/v2\/media\/3157"}],"wp:attachment":[{"href":"https:\/\/www.johannes-sieber.ch\/move\/wp-json\/wp\/v2\/media?parent=2894"}],"wp:term":[{"taxonomy":"category","embeddable":true,"href":"https:\/\/www.johannes-sieber.ch\/move\/wp-json\/wp\/v2\/categories?post=2894"},{"taxonomy":"post_tag","embeddable":true,"href":"https:\/\/www.johannes-sieber.ch\/move\/wp-json\/wp\/v2\/tags?post=2894"}],"curies":[{"name":"wp","href":"https:\/\/api.w.org\/{rel}","templated":true}]}}