{"id":2905,"date":"2020-09-23T12:21:47","date_gmt":"2020-09-23T11:21:47","guid":{"rendered":"https:\/\/www.johannes-sieber.ch\/move\/?p=2905"},"modified":"2020-09-23T17:15:49","modified_gmt":"2020-09-23T16:15:49","slug":"forderung-klimapolitik","status":"publish","type":"post","link":"https:\/\/www.johannes-sieber.ch\/move\/forderung-klimapolitik\/","title":{"rendered":"Forderung: Klimapolitik"},"content":{"rendered":"\n<p><strong>F\u00fcr eine Klimapolitik mit Sinn f\u00fcr Innovation und Willen zur F\u00f6rderung von erneuerbarer Energie.<\/strong><\/p>\n\n\n\n<p>Am 25. Oktober kandidiere ich f\u00fcr den Grossen Rat vom Kanton Basel-Stadt. Du findest mich auf dem 1. Listenplatz der Liste 10, Gr\u00fcnliberale Partei, Wahlkreis Kleinbasel.<\/p>\n\n\n\n<p>Ich fordere eine Klimapolitik, die auf Innovation und erneuerbare Energie setzt. Wir sind f\u00fchrend in Life Science. Es gibt keinen Grund, hinsichtlich technologischen Entwicklungen nicht auch dahin zu kommen. Einige Basler Startups stellen das bereits unter Beweis.<\/p>\n\n\n\n<p>F\u00fcr diesen Weg setze ich mich ein:<\/p>\n\n\n\n<div class=\"themabox\"><b>Klima, Energie und Umwelt<\/b>\n<ul>\n<li>Energiewende rasch umsetzen<\/li>\n<li>Energieeffizienz priorisieren<\/li>\n<li>Erneuerbare Energie f\u00f6rdern<\/li>\n<\/ul>\n<b>Lesen:<\/b> <a href=\"https:\/\/johannes-sieber.ch\/move\/klima\">mehr zum Thema Klima<\/a>\n<\/div>\n\n\n\n<p><\/p>\n\n\n\n<p>Alle meine Forderungen: <a href=\"https:\/\/www.johannes-sieber.ch\/move\/tag\/forderungen\/\">Hier nachlesen<\/a>.<\/p>\n","protected":false},"excerpt":{"rendered":"<p>F\u00fcr eine Klimapolitik mit Sinn f\u00fcr Innovation und Willen zur F\u00f6rderung von erneuerbarer Energie. Am 25. Oktober kandidiere ich f\u00fcr den Grossen Rat vom Kanton Basel-Stadt. Du findest mich auf dem 1. Listenplatz der Liste&#8230;<\/p>\n","protected":false},"author":1,"featured_media":3156,"comment_status":"closed","ping_status":"open","sticky":false,"template":"","format":"standard","meta":{"_jetpack_memberships_contains_paid_content":false,"footnotes":""},"categories":[34,36],"tags":[76,24,66],"class_list":["post-2905","post","type-post","status-publish","format-standard","has-post-thumbnail","hentry","category-klima","category-position","tag-forderungen","tag-klima","tag-position"],"yoast_head":"<!-- This site is optimized with the Yoast SEO plugin v27.5 - https:\/\/yoast.com\/product\/yoast-seo-wordpress\/ -->\n<title>Forderung: Klimapolitik - Johannes Sieber<\/title>\n<meta name=\"robots\" content=\"index, follow, max-snippet:-1, max-image-preview:large, max-video-preview:-1\" \/>\n<link rel=\"canonical\" href=\"https:\/\/www.johannes-sieber.ch\/move\/forderung-klimapolitik\/\" \/>\n<meta property=\"og:locale\" content=\"de_DE\" \/>\n<meta property=\"og:type\" content=\"article\" \/>\n<meta property=\"og:title\" content=\"Forderung: Klimapolitik - Johannes Sieber\" \/>\n<meta property=\"og:description\" content=\"F\u00fcr eine Klimapolitik mit Sinn f\u00fcr Innovation und Willen zur F\u00f6rderung von erneuerbarer Energie. Am 25. Oktober kandidiere ich f\u00fcr den Grossen Rat vom Kanton Basel-Stadt. Du findest mich auf dem 1. Listenplatz der Liste...\" \/>\n<meta property=\"og:url\" content=\"https:\/\/www.johannes-sieber.ch\/move\/forderung-klimapolitik\/\" \/>\n<meta property=\"og:site_name\" content=\"Johannes Sieber\" \/>\n<meta property=\"article:published_time\" content=\"2020-09-23T11:21:47+00:00\" \/>\n<meta property=\"article:modified_time\" content=\"2020-09-23T16:15:49+00:00\" \/>\n<meta property=\"og:image\" content=\"https:\/\/www.johannes-sieber.ch\/move\/wp-content\/uploads\/2020\/09\/klimapolitik-N.jpg\" \/>\n\t<meta property=\"og:image:width\" content=\"1673\" \/>\n\t<meta property=\"og:image:height\" content=\"1037\" \/>\n\t<meta property=\"og:image:type\" content=\"image\/jpeg\" \/>\n<meta name=\"author\" content=\"Johannes Sieber\" \/>\n<meta name=\"twitter:card\" content=\"summary_large_image\" \/>\n<meta name=\"twitter:creator\" content=\"@https:\/\/twitter.com\/JohannesSieber\" \/>\n<meta name=\"twitter:site\" content=\"@JohannesSieber\" \/>\n<meta name=\"twitter:label1\" content=\"Verfasst von\" \/>\n\t<meta name=\"twitter:data1\" content=\"Johannes Sieber\" \/>\n\t<meta name=\"twitter:label2\" content=\"Gesch\u00e4tzte Lesezeit\" \/>\n\t<meta name=\"twitter:data2\" content=\"1\u00a0Minute\" \/>\n<script type=\"application\/ld+json\" class=\"yoast-schema-graph\">{\"@context\":\"https:\\\/\\\/schema.org\",\"@graph\":[{\"@type\":\"Article\",\"@id\":\"https:\\\/\\\/www.johannes-sieber.ch\\\/move\\\/forderung-klimapolitik\\\/#article\",\"isPartOf\":{\"@id\":\"https:\\\/\\\/www.johannes-sieber.ch\\\/move\\\/forderung-klimapolitik\\\/\"},\"author\":{\"name\":\"Johannes Sieber\",\"@id\":\"https:\\\/\\\/www.johannes-sieber.ch\\\/move\\\/#\\\/schema\\\/person\\\/d92682c5f067a49d1c1f925bd5422e14\"},\"headline\":\"Forderung: Klimapolitik\",\"datePublished\":\"2020-09-23T11:21:47+00:00\",\"dateModified\":\"2020-09-23T16:15:49+00:00\",\"mainEntityOfPage\":{\"@id\":\"https:\\\/\\\/www.johannes-sieber.ch\\\/move\\\/forderung-klimapolitik\\\/\"},\"wordCount\":113,\"publisher\":{\"@id\":\"https:\\\/\\\/www.johannes-sieber.ch\\\/move\\\/#\\\/schema\\\/person\\\/d92682c5f067a49d1c1f925bd5422e14\"},\"image\":{\"@id\":\"https:\\\/\\\/www.johannes-sieber.ch\\\/move\\\/forderung-klimapolitik\\\/#primaryimage\"},\"thumbnailUrl\":\"https:\\\/\\\/www.johannes-sieber.ch\\\/move\\\/wp-content\\\/uploads\\\/2020\\\/09\\\/klimapolitik-N.jpg\",\"keywords\":[\"Forderungen\",\"Klima\",\"Position\"],\"articleSection\":[\"Klima\",\"Position\"],\"inLanguage\":\"de\"},{\"@type\":\"WebPage\",\"@id\":\"https:\\\/\\\/www.johannes-sieber.ch\\\/move\\\/forderung-klimapolitik\\\/\",\"url\":\"https:\\\/\\\/www.johannes-sieber.ch\\\/move\\\/forderung-klimapolitik\\\/\",\"name\":\"Forderung: Klimapolitik - Johannes Sieber\",\"isPartOf\":{\"@id\":\"https:\\\/\\\/www.johannes-sieber.ch\\\/move\\\/#website\"},\"primaryImageOfPage\":{\"@id\":\"https:\\\/\\\/www.johannes-sieber.ch\\\/move\\\/forderung-klimapolitik\\\/#primaryimage\"},\"image\":{\"@id\":\"https:\\\/\\\/www.johannes-sieber.ch\\\/move\\\/forderung-klimapolitik\\\/#primaryimage\"},\"thumbnailUrl\":\"https:\\\/\\\/www.johannes-sieber.ch\\\/move\\\/wp-content\\\/uploads\\\/2020\\\/09\\\/klimapolitik-N.jpg\",\"datePublished\":\"2020-09-23T11:21:47+00:00\",\"dateModified\":\"2020-09-23T16:15:49+00:00\",\"breadcrumb\":{\"@id\":\"https:\\\/\\\/www.johannes-sieber.ch\\\/move\\\/forderung-klimapolitik\\\/#breadcrumb\"},\"inLanguage\":\"de\",\"potentialAction\":[{\"@type\":\"ReadAction\",\"target\":[\"https:\\\/\\\/www.johannes-sieber.ch\\\/move\\\/forderung-klimapolitik\\\/\"]}]},{\"@type\":\"ImageObject\",\"inLanguage\":\"de\",\"@id\":\"https:\\\/\\\/www.johannes-sieber.ch\\\/move\\\/forderung-klimapolitik\\\/#primaryimage\",\"url\":\"https:\\\/\\\/www.johannes-sieber.ch\\\/move\\\/wp-content\\\/uploads\\\/2020\\\/09\\\/klimapolitik-N.jpg\",\"contentUrl\":\"https:\\\/\\\/www.johannes-sieber.ch\\\/move\\\/wp-content\\\/uploads\\\/2020\\\/09\\\/klimapolitik-N.jpg\",\"width\":1673,\"height\":1037,\"caption\":\"Johannes Sieber - Klimapolitik\"},{\"@type\":\"BreadcrumbList\",\"@id\":\"https:\\\/\\\/www.johannes-sieber.ch\\\/move\\\/forderung-klimapolitik\\\/#breadcrumb\",\"itemListElement\":[{\"@type\":\"ListItem\",\"position\":1,\"name\":\"Startseite\",\"item\":\"https:\\\/\\\/www.johannes-sieber.ch\\\/move\\\/\"},{\"@type\":\"ListItem\",\"position\":2,\"name\":\"Forderung: Klimapolitik\"}]},{\"@type\":\"WebSite\",\"@id\":\"https:\\\/\\\/www.johannes-sieber.ch\\\/move\\\/#website\",\"url\":\"https:\\\/\\\/www.johannes-sieber.ch\\\/move\\\/\",\"name\":\"Johannes Sieber\",\"description\":\"Notizen zu Kultur, Klima, Stadt &amp; Menschen\",\"publisher\":{\"@id\":\"https:\\\/\\\/www.johannes-sieber.ch\\\/move\\\/#\\\/schema\\\/person\\\/d92682c5f067a49d1c1f925bd5422e14\"},\"potentialAction\":[{\"@type\":\"SearchAction\",\"target\":{\"@type\":\"EntryPoint\",\"urlTemplate\":\"https:\\\/\\\/www.johannes-sieber.ch\\\/move\\\/?s={search_term_string}\"},\"query-input\":{\"@type\":\"PropertyValueSpecification\",\"valueRequired\":true,\"valueName\":\"search_term_string\"}}],\"inLanguage\":\"de\"},{\"@type\":[\"Person\",\"Organization\"],\"@id\":\"https:\\\/\\\/www.johannes-sieber.ch\\\/move\\\/#\\\/schema\\\/person\\\/d92682c5f067a49d1c1f925bd5422e14\",\"name\":\"Johannes Sieber\",\"image\":{\"@type\":\"ImageObject\",\"inLanguage\":\"de\",\"@id\":\"https:\\\/\\\/secure.gravatar.com\\\/avatar\\\/31f81941f5205fb74a8b0f15334401b3be15721e177e88208533a81bf8dae247?s=96&d=mm&r=g\",\"url\":\"https:\\\/\\\/secure.gravatar.com\\\/avatar\\\/31f81941f5205fb74a8b0f15334401b3be15721e177e88208533a81bf8dae247?s=96&d=mm&r=g\",\"contentUrl\":\"https:\\\/\\\/secure.gravatar.com\\\/avatar\\\/31f81941f5205fb74a8b0f15334401b3be15721e177e88208533a81bf8dae247?s=96&d=mm&r=g\",\"caption\":\"Johannes Sieber\"},\"logo\":{\"@id\":\"https:\\\/\\\/secure.gravatar.com\\\/avatar\\\/31f81941f5205fb74a8b0f15334401b3be15721e177e88208533a81bf8dae247?s=96&d=mm&r=g\"},\"sameAs\":[\"https:\\\/\\\/www.johannes-sieber.ch\\\/\",\"https:\\\/\\\/www.instagram.com\\\/johannes__sieber\",\"https:\\\/\\\/x.com\\\/https:\\\/\\\/twitter.com\\\/JohannesSieber\"],\"url\":\"https:\\\/\\\/www.johannes-sieber.ch\\\/move\\\/author\\\/admin\\\/\"}]}<\/script>\n<!-- \/ Yoast SEO plugin. -->","yoast_head_json":{"title":"Forderung: Klimapolitik - Johannes Sieber","robots":{"index":"index","follow":"follow","max-snippet":"max-snippet:-1","max-image-preview":"max-image-preview:large","max-video-preview":"max-video-preview:-1"},"canonical":"https:\/\/www.johannes-sieber.ch\/move\/forderung-klimapolitik\/","og_locale":"de_DE","og_type":"article","og_title":"Forderung: Klimapolitik - Johannes Sieber","og_description":"F\u00fcr eine Klimapolitik mit Sinn f\u00fcr Innovation und Willen zur F\u00f6rderung von erneuerbarer Energie. Am 25. Oktober kandidiere ich f\u00fcr den Grossen Rat vom Kanton Basel-Stadt. Du findest mich auf dem 1. Listenplatz der Liste...","og_url":"https:\/\/www.johannes-sieber.ch\/move\/forderung-klimapolitik\/","og_site_name":"Johannes Sieber","article_published_time":"2020-09-23T11:21:47+00:00","article_modified_time":"2020-09-23T16:15:49+00:00","og_image":[{"width":1673,"height":1037,"url":"https:\/\/www.johannes-sieber.ch\/move\/wp-content\/uploads\/2020\/09\/klimapolitik-N.jpg","type":"image\/jpeg"}],"author":"Johannes Sieber","twitter_card":"summary_large_image","twitter_creator":"@https:\/\/twitter.com\/JohannesSieber","twitter_site":"@JohannesSieber","twitter_misc":{"Verfasst von":"Johannes Sieber","Gesch\u00e4tzte Lesezeit":"1\u00a0Minute"},"schema":{"@context":"https:\/\/schema.org","@graph":[{"@type":"Article","@id":"https:\/\/www.johannes-sieber.ch\/move\/forderung-klimapolitik\/#article","isPartOf":{"@id":"https:\/\/www.johannes-sieber.ch\/move\/forderung-klimapolitik\/"},"author":{"name":"Johannes Sieber","@id":"https:\/\/www.johannes-sieber.ch\/move\/#\/schema\/person\/d92682c5f067a49d1c1f925bd5422e14"},"headline":"Forderung: Klimapolitik","datePublished":"2020-09-23T11:21:47+00:00","dateModified":"2020-09-23T16:15:49+00:00","mainEntityOfPage":{"@id":"https:\/\/www.johannes-sieber.ch\/move\/forderung-klimapolitik\/"},"wordCount":113,"publisher":{"@id":"https:\/\/www.johannes-sieber.ch\/move\/#\/schema\/person\/d92682c5f067a49d1c1f925bd5422e14"},"image":{"@id":"https:\/\/www.johannes-sieber.ch\/move\/forderung-klimapolitik\/#primaryimage"},"thumbnailUrl":"https:\/\/www.johannes-sieber.ch\/move\/wp-content\/uploads\/2020\/09\/klimapolitik-N.jpg","keywords":["Forderungen","Klima","Position"],"articleSection":["Klima","Position"],"inLanguage":"de"},{"@type":"WebPage","@id":"https:\/\/www.johannes-sieber.ch\/move\/forderung-klimapolitik\/","url":"https:\/\/www.johannes-sieber.ch\/move\/forderung-klimapolitik\/","name":"Forderung: Klimapolitik - Johannes Sieber","isPartOf":{"@id":"https:\/\/www.johannes-sieber.ch\/move\/#website"},"primaryImageOfPage":{"@id":"https:\/\/www.johannes-sieber.ch\/move\/forderung-klimapolitik\/#primaryimage"},"image":{"@id":"https:\/\/www.johannes-sieber.ch\/move\/forderung-klimapolitik\/#primaryimage"},"thumbnailUrl":"https:\/\/www.johannes-sieber.ch\/move\/wp-content\/uploads\/2020\/09\/klimapolitik-N.jpg","datePublished":"2020-09-23T11:21:47+00:00","dateModified":"2020-09-23T16:15:49+00:00","breadcrumb":{"@id":"https:\/\/www.johannes-sieber.ch\/move\/forderung-klimapolitik\/#breadcrumb"},"inLanguage":"de","potentialAction":[{"@type":"ReadAction","target":["https:\/\/www.johannes-sieber.ch\/move\/forderung-klimapolitik\/"]}]},{"@type":"ImageObject","inLanguage":"de","@id":"https:\/\/www.johannes-sieber.ch\/move\/forderung-klimapolitik\/#primaryimage","url":"https:\/\/www.johannes-sieber.ch\/move\/wp-content\/uploads\/2020\/09\/klimapolitik-N.jpg","contentUrl":"https:\/\/www.johannes-sieber.ch\/move\/wp-content\/uploads\/2020\/09\/klimapolitik-N.jpg","width":1673,"height":1037,"caption":"Johannes Sieber - Klimapolitik"},{"@type":"BreadcrumbList","@id":"https:\/\/www.johannes-sieber.ch\/move\/forderung-klimapolitik\/#breadcrumb","itemListElement":[{"@type":"ListItem","position":1,"name":"Startseite","item":"https:\/\/www.johannes-sieber.ch\/move\/"},{"@type":"ListItem","position":2,"name":"Forderung: Klimapolitik"}]},{"@type":"WebSite","@id":"https:\/\/www.johannes-sieber.ch\/move\/#website","url":"https:\/\/www.johannes-sieber.ch\/move\/","name":"Johannes Sieber","description":"Notizen zu Kultur, Klima, Stadt &amp; Menschen","publisher":{"@id":"https:\/\/www.johannes-sieber.ch\/move\/#\/schema\/person\/d92682c5f067a49d1c1f925bd5422e14"},"potentialAction":[{"@type":"SearchAction","target":{"@type":"EntryPoint","urlTemplate":"https:\/\/www.johannes-sieber.ch\/move\/?s={search_term_string}"},"query-input":{"@type":"PropertyValueSpecification","valueRequired":true,"valueName":"search_term_string"}}],"inLanguage":"de"},{"@type":["Person","Organization"],"@id":"https:\/\/www.johannes-sieber.ch\/move\/#\/schema\/person\/d92682c5f067a49d1c1f925bd5422e14","name":"Johannes Sieber","image":{"@type":"ImageObject","inLanguage":"de","@id":"https:\/\/secure.gravatar.com\/avatar\/31f81941f5205fb74a8b0f15334401b3be15721e177e88208533a81bf8dae247?s=96&d=mm&r=g","url":"https:\/\/secure.gravatar.com\/avatar\/31f81941f5205fb74a8b0f15334401b3be15721e177e88208533a81bf8dae247?s=96&d=mm&r=g","contentUrl":"https:\/\/secure.gravatar.com\/avatar\/31f81941f5205fb74a8b0f15334401b3be15721e177e88208533a81bf8dae247?s=96&d=mm&r=g","caption":"Johannes Sieber"},"logo":{"@id":"https:\/\/secure.gravatar.com\/avatar\/31f81941f5205fb74a8b0f15334401b3be15721e177e88208533a81bf8dae247?s=96&d=mm&r=g"},"sameAs":["https:\/\/www.johannes-sieber.ch\/","https:\/\/www.instagram.com\/johannes__sieber","https:\/\/x.com\/https:\/\/twitter.com\/JohannesSieber"],"url":"https:\/\/www.johannes-sieber.ch\/move\/author\/admin\/"}]}},"jetpack_featured_media_url":"https:\/\/www.johannes-sieber.ch\/move\/wp-content\/uploads\/2020\/09\/klimapolitik-N.jpg","jetpack_sharing_enabled":true,"_links":{"self":[{"href":"https:\/\/www.johannes-sieber.ch\/move\/wp-json\/wp\/v2\/posts\/2905","targetHints":{"allow":["GET"]}}],"collection":[{"href":"https:\/\/www.johannes-sieber.ch\/move\/wp-json\/wp\/v2\/posts"}],"about":[{"href":"https:\/\/www.johannes-sieber.ch\/move\/wp-json\/wp\/v2\/types\/post"}],"author":[{"embeddable":true,"href":"https:\/\/www.johannes-sieber.ch\/move\/wp-json\/wp\/v2\/users\/1"}],"replies":[{"embeddable":true,"href":"https:\/\/www.johannes-sieber.ch\/move\/wp-json\/wp\/v2\/comments?post=2905"}],"version-history":[{"count":8,"href":"https:\/\/www.johannes-sieber.ch\/move\/wp-json\/wp\/v2\/posts\/2905\/revisions"}],"predecessor-version":[{"id":3115,"href":"https:\/\/www.johannes-sieber.ch\/move\/wp-json\/wp\/v2\/posts\/2905\/revisions\/3115"}],"wp:featuredmedia":[{"embeddable":true,"href":"https:\/\/www.johannes-sieber.ch\/move\/wp-json\/wp\/v2\/media\/3156"}],"wp:attachment":[{"href":"https:\/\/www.johannes-sieber.ch\/move\/wp-json\/wp\/v2\/media?parent=2905"}],"wp:term":[{"taxonomy":"category","embeddable":true,"href":"https:\/\/www.johannes-sieber.ch\/move\/wp-json\/wp\/v2\/categories?post=2905"},{"taxonomy":"post_tag","embeddable":true,"href":"https:\/\/www.johannes-sieber.ch\/move\/wp-json\/wp\/v2\/tags?post=2905"}],"curies":[{"name":"wp","href":"https:\/\/api.w.org\/{rel}","templated":true}]}}