{"id":2927,"date":"2020-10-02T06:07:00","date_gmt":"2020-10-02T05:07:00","guid":{"rendered":"https:\/\/www.johannes-sieber.ch\/move\/?p=2927"},"modified":"2020-10-02T06:06:36","modified_gmt":"2020-10-02T05:06:36","slug":"mein-smartspider","status":"publish","type":"post","link":"https:\/\/www.johannes-sieber.ch\/move\/mein-smartspider\/","title":{"rendered":"Mein Smartspider"},"content":{"rendered":"\n<p>791 Personen und ich kandidieren am 25. Oktober f\u00fcr den Grossen Rat.<\/p>\n\n\n\n<p>Ich setze mich ein f\u00fcr eine Kulturpolitik f\u00fcr alle Unternehmen der Kultur und mit Bereitschaft zum Wandel. Eine Klimapolitik mit Sinn f\u00fcr Innovation und Willen zur F\u00f6rderung von erneuerbarer Energie. Eine diverse und solidarische Gleichstellungs-Politik f\u00fcr alle Geschlechter und alle marginalisierten Minderheiten. Meine Anliegen ausge\u00fchrt findest du hier: <a href=\"https:\/\/www.johannes-sieber.ch\/move\/tag\/forderungen\/\">Forderungen<\/a>.<\/p>\n\n\n\n<p>Mit Smartspider lassen sich die Profile der Kandidierenden mit der eigenen politischen Position vergleichen. Das kann helfen, aber auch etwas in die Irre f\u00fchren.<\/p>\n\n\n\n<p>In den acht Feldern \u00abOffene Aussenpolitik\u00bb, \u00abLiberale Wirtschaftspolitik\u00bb, \u00abRestriktive Finanzpolitik\u00bb, \u00abLaw &amp; Order\u00bb, \u00abRestriktive Migrationspolitik\u00bb, \u00abAusgebauter Umweltschutz\u00bb, \u00abAusgebauter Sozialstaat\u00bb und \u00abLiberale Gessellschaft\u00bb beantworten Kandidierende insgesamt 61 Fragen. <\/p>\n\n\n\n<p>W\u00e4hrend die W\u00e4hlerschaft mehrere Versuche starten kann, haben die Kandidierenden nur einen Versuch. Die Spidergrafik kann also nicht beliebig gestaltet werden.<\/p>\n\n\n\n<p>Ich bin mit meinem Resultat ganz zufrieden, auch wenn ich beim Umweltschutz ehrlich gesagt etwas geschummelt habe. Die Fragen sind hier sehr auf staatliche Regulierung ausgerichtet, w\u00e4hrend ich eher mit Anreizen arbeiten w\u00fcrde. Dem gegen\u00fcber empfinde ich mich selber als etwas wirschaftsliberaler als der Spider anzeigt \u2013 wof\u00fcr meine Kollegen der FDP nur ein m\u00fcdes L\u00e4cheln \u00fcbrig haben. <\/p>\n\n\n\n<p>Und das ist gut so.<\/p>\n\n\n\n<p>Mach mit und schau, ob wir matchen!<\/p>\n\n\n\n<p class=\"hinweisbox\">Online: Smartvote<br>Grossratswahlen vom 25.10.2020<br><a href=\"https:\/\/smartvote.ch\/de\/group\/24\/election\/20_bs_leg\/home\" target=\"_blank\" rel=\"noreferrer noopener\">www.smartvote.ch<a href=\"https:\/\/www.srf.ch\/play\/tv\/sendung\/rundschau?id=49863a84-1ab7-4abb-8e69-d8e8bda6c989\" target=\"_blank\" rel=\"noreferrer noopener\"><\/a><\/a><\/p>\n\n\n\n<p class=\"fotoquelle\">Foto zur Notiz: Smart-Spider Johannes Sieber, Smartvote<\/p>\n","protected":false},"excerpt":{"rendered":"<p>791 Personen und ich kandidieren am 25. Oktober f\u00fcr den Grossen Rat. Ich setze mich ein f\u00fcr eine Kulturpolitik f\u00fcr alle Unternehmen der Kultur und mit Bereitschaft zum Wandel. Eine Klimapolitik mit Sinn f\u00fcr Innovation&#8230;<\/p>\n","protected":false},"author":1,"featured_media":2934,"comment_status":"closed","ping_status":"open","sticky":false,"template":"","format":"standard","meta":{"_jetpack_memberships_contains_paid_content":false,"footnotes":""},"categories":[36],"tags":[66],"class_list":["post-2927","post","type-post","status-publish","format-standard","has-post-thumbnail","hentry","category-position","tag-position"],"yoast_head":"<!-- This site is optimized with the Yoast SEO plugin v27.5 - https:\/\/yoast.com\/product\/yoast-seo-wordpress\/ -->\n<title>Mein Smartspider - Johannes Sieber<\/title>\n<meta name=\"robots\" content=\"index, follow, max-snippet:-1, max-image-preview:large, max-video-preview:-1\" \/>\n<link rel=\"canonical\" href=\"https:\/\/www.johannes-sieber.ch\/move\/mein-smartspider\/\" \/>\n<meta property=\"og:locale\" content=\"de_DE\" \/>\n<meta property=\"og:type\" content=\"article\" \/>\n<meta property=\"og:title\" content=\"Mein Smartspider - Johannes Sieber\" \/>\n<meta property=\"og:description\" content=\"791 Personen und ich kandidieren am 25. Oktober f\u00fcr den Grossen Rat. Ich setze mich ein f\u00fcr eine Kulturpolitik f\u00fcr alle Unternehmen der Kultur und mit Bereitschaft zum Wandel. Eine Klimapolitik mit Sinn f\u00fcr Innovation...\" \/>\n<meta property=\"og:url\" content=\"https:\/\/www.johannes-sieber.ch\/move\/mein-smartspider\/\" \/>\n<meta property=\"og:site_name\" content=\"Johannes Sieber\" \/>\n<meta property=\"article:published_time\" content=\"2020-10-02T05:07:00+00:00\" \/>\n<meta property=\"og:image\" content=\"https:\/\/www.johannes-sieber.ch\/move\/wp-content\/uploads\/2020\/09\/20200904_SmartSpider_JohannesSieber-notiz_l3.jpg\" \/>\n\t<meta property=\"og:image:width\" content=\"1035\" \/>\n\t<meta property=\"og:image:height\" content=\"500\" \/>\n\t<meta property=\"og:image:type\" content=\"image\/jpeg\" \/>\n<meta name=\"author\" content=\"Johannes Sieber\" \/>\n<meta name=\"twitter:card\" content=\"summary_large_image\" \/>\n<meta name=\"twitter:creator\" content=\"@https:\/\/twitter.com\/JohannesSieber\" \/>\n<meta name=\"twitter:site\" content=\"@JohannesSieber\" \/>\n<meta name=\"twitter:label1\" content=\"Verfasst von\" \/>\n\t<meta name=\"twitter:data1\" content=\"Johannes Sieber\" \/>\n\t<meta name=\"twitter:label2\" content=\"Gesch\u00e4tzte Lesezeit\" \/>\n\t<meta name=\"twitter:data2\" content=\"1\u00a0Minute\" \/>\n<script type=\"application\/ld+json\" class=\"yoast-schema-graph\">{\"@context\":\"https:\\\/\\\/schema.org\",\"@graph\":[{\"@type\":\"Article\",\"@id\":\"https:\\\/\\\/www.johannes-sieber.ch\\\/move\\\/mein-smartspider\\\/#article\",\"isPartOf\":{\"@id\":\"https:\\\/\\\/www.johannes-sieber.ch\\\/move\\\/mein-smartspider\\\/\"},\"author\":{\"name\":\"Johannes Sieber\",\"@id\":\"https:\\\/\\\/www.johannes-sieber.ch\\\/move\\\/#\\\/schema\\\/person\\\/d92682c5f067a49d1c1f925bd5422e14\"},\"headline\":\"Mein Smartspider\",\"datePublished\":\"2020-10-02T05:07:00+00:00\",\"mainEntityOfPage\":{\"@id\":\"https:\\\/\\\/www.johannes-sieber.ch\\\/move\\\/mein-smartspider\\\/\"},\"wordCount\":230,\"publisher\":{\"@id\":\"https:\\\/\\\/www.johannes-sieber.ch\\\/move\\\/#\\\/schema\\\/person\\\/d92682c5f067a49d1c1f925bd5422e14\"},\"image\":{\"@id\":\"https:\\\/\\\/www.johannes-sieber.ch\\\/move\\\/mein-smartspider\\\/#primaryimage\"},\"thumbnailUrl\":\"https:\\\/\\\/www.johannes-sieber.ch\\\/move\\\/wp-content\\\/uploads\\\/2020\\\/09\\\/20200904_SmartSpider_JohannesSieber-notiz_l3.jpg\",\"keywords\":[\"Position\"],\"articleSection\":[\"Position\"],\"inLanguage\":\"de\"},{\"@type\":\"WebPage\",\"@id\":\"https:\\\/\\\/www.johannes-sieber.ch\\\/move\\\/mein-smartspider\\\/\",\"url\":\"https:\\\/\\\/www.johannes-sieber.ch\\\/move\\\/mein-smartspider\\\/\",\"name\":\"Mein Smartspider - Johannes Sieber\",\"isPartOf\":{\"@id\":\"https:\\\/\\\/www.johannes-sieber.ch\\\/move\\\/#website\"},\"primaryImageOfPage\":{\"@id\":\"https:\\\/\\\/www.johannes-sieber.ch\\\/move\\\/mein-smartspider\\\/#primaryimage\"},\"image\":{\"@id\":\"https:\\\/\\\/www.johannes-sieber.ch\\\/move\\\/mein-smartspider\\\/#primaryimage\"},\"thumbnailUrl\":\"https:\\\/\\\/www.johannes-sieber.ch\\\/move\\\/wp-content\\\/uploads\\\/2020\\\/09\\\/20200904_SmartSpider_JohannesSieber-notiz_l3.jpg\",\"datePublished\":\"2020-10-02T05:07:00+00:00\",\"breadcrumb\":{\"@id\":\"https:\\\/\\\/www.johannes-sieber.ch\\\/move\\\/mein-smartspider\\\/#breadcrumb\"},\"inLanguage\":\"de\",\"potentialAction\":[{\"@type\":\"ReadAction\",\"target\":[\"https:\\\/\\\/www.johannes-sieber.ch\\\/move\\\/mein-smartspider\\\/\"]}]},{\"@type\":\"ImageObject\",\"inLanguage\":\"de\",\"@id\":\"https:\\\/\\\/www.johannes-sieber.ch\\\/move\\\/mein-smartspider\\\/#primaryimage\",\"url\":\"https:\\\/\\\/www.johannes-sieber.ch\\\/move\\\/wp-content\\\/uploads\\\/2020\\\/09\\\/20200904_SmartSpider_JohannesSieber-notiz_l3.jpg\",\"contentUrl\":\"https:\\\/\\\/www.johannes-sieber.ch\\\/move\\\/wp-content\\\/uploads\\\/2020\\\/09\\\/20200904_SmartSpider_JohannesSieber-notiz_l3.jpg\",\"width\":1035,\"height\":500,\"caption\":\"SmartSpider_JohannesSieber\"},{\"@type\":\"BreadcrumbList\",\"@id\":\"https:\\\/\\\/www.johannes-sieber.ch\\\/move\\\/mein-smartspider\\\/#breadcrumb\",\"itemListElement\":[{\"@type\":\"ListItem\",\"position\":1,\"name\":\"Startseite\",\"item\":\"https:\\\/\\\/www.johannes-sieber.ch\\\/move\\\/\"},{\"@type\":\"ListItem\",\"position\":2,\"name\":\"Mein Smartspider\"}]},{\"@type\":\"WebSite\",\"@id\":\"https:\\\/\\\/www.johannes-sieber.ch\\\/move\\\/#website\",\"url\":\"https:\\\/\\\/www.johannes-sieber.ch\\\/move\\\/\",\"name\":\"Johannes Sieber\",\"description\":\"Notizen zu Kultur, Klima, Stadt &amp; Menschen\",\"publisher\":{\"@id\":\"https:\\\/\\\/www.johannes-sieber.ch\\\/move\\\/#\\\/schema\\\/person\\\/d92682c5f067a49d1c1f925bd5422e14\"},\"potentialAction\":[{\"@type\":\"SearchAction\",\"target\":{\"@type\":\"EntryPoint\",\"urlTemplate\":\"https:\\\/\\\/www.johannes-sieber.ch\\\/move\\\/?s={search_term_string}\"},\"query-input\":{\"@type\":\"PropertyValueSpecification\",\"valueRequired\":true,\"valueName\":\"search_term_string\"}}],\"inLanguage\":\"de\"},{\"@type\":[\"Person\",\"Organization\"],\"@id\":\"https:\\\/\\\/www.johannes-sieber.ch\\\/move\\\/#\\\/schema\\\/person\\\/d92682c5f067a49d1c1f925bd5422e14\",\"name\":\"Johannes Sieber\",\"image\":{\"@type\":\"ImageObject\",\"inLanguage\":\"de\",\"@id\":\"https:\\\/\\\/secure.gravatar.com\\\/avatar\\\/31f81941f5205fb74a8b0f15334401b3be15721e177e88208533a81bf8dae247?s=96&d=mm&r=g\",\"url\":\"https:\\\/\\\/secure.gravatar.com\\\/avatar\\\/31f81941f5205fb74a8b0f15334401b3be15721e177e88208533a81bf8dae247?s=96&d=mm&r=g\",\"contentUrl\":\"https:\\\/\\\/secure.gravatar.com\\\/avatar\\\/31f81941f5205fb74a8b0f15334401b3be15721e177e88208533a81bf8dae247?s=96&d=mm&r=g\",\"caption\":\"Johannes Sieber\"},\"logo\":{\"@id\":\"https:\\\/\\\/secure.gravatar.com\\\/avatar\\\/31f81941f5205fb74a8b0f15334401b3be15721e177e88208533a81bf8dae247?s=96&d=mm&r=g\"},\"sameAs\":[\"https:\\\/\\\/www.johannes-sieber.ch\\\/\",\"https:\\\/\\\/www.instagram.com\\\/johannes__sieber\",\"https:\\\/\\\/x.com\\\/https:\\\/\\\/twitter.com\\\/JohannesSieber\"],\"url\":\"https:\\\/\\\/www.johannes-sieber.ch\\\/move\\\/author\\\/admin\\\/\"}]}<\/script>\n<!-- \/ Yoast SEO plugin. -->","yoast_head_json":{"title":"Mein Smartspider - Johannes Sieber","robots":{"index":"index","follow":"follow","max-snippet":"max-snippet:-1","max-image-preview":"max-image-preview:large","max-video-preview":"max-video-preview:-1"},"canonical":"https:\/\/www.johannes-sieber.ch\/move\/mein-smartspider\/","og_locale":"de_DE","og_type":"article","og_title":"Mein Smartspider - Johannes Sieber","og_description":"791 Personen und ich kandidieren am 25. Oktober f\u00fcr den Grossen Rat. Ich setze mich ein f\u00fcr eine Kulturpolitik f\u00fcr alle Unternehmen der Kultur und mit Bereitschaft zum Wandel. Eine Klimapolitik mit Sinn f\u00fcr Innovation...","og_url":"https:\/\/www.johannes-sieber.ch\/move\/mein-smartspider\/","og_site_name":"Johannes Sieber","article_published_time":"2020-10-02T05:07:00+00:00","og_image":[{"width":1035,"height":500,"url":"https:\/\/www.johannes-sieber.ch\/move\/wp-content\/uploads\/2020\/09\/20200904_SmartSpider_JohannesSieber-notiz_l3.jpg","type":"image\/jpeg"}],"author":"Johannes Sieber","twitter_card":"summary_large_image","twitter_creator":"@https:\/\/twitter.com\/JohannesSieber","twitter_site":"@JohannesSieber","twitter_misc":{"Verfasst von":"Johannes Sieber","Gesch\u00e4tzte Lesezeit":"1\u00a0Minute"},"schema":{"@context":"https:\/\/schema.org","@graph":[{"@type":"Article","@id":"https:\/\/www.johannes-sieber.ch\/move\/mein-smartspider\/#article","isPartOf":{"@id":"https:\/\/www.johannes-sieber.ch\/move\/mein-smartspider\/"},"author":{"name":"Johannes Sieber","@id":"https:\/\/www.johannes-sieber.ch\/move\/#\/schema\/person\/d92682c5f067a49d1c1f925bd5422e14"},"headline":"Mein Smartspider","datePublished":"2020-10-02T05:07:00+00:00","mainEntityOfPage":{"@id":"https:\/\/www.johannes-sieber.ch\/move\/mein-smartspider\/"},"wordCount":230,"publisher":{"@id":"https:\/\/www.johannes-sieber.ch\/move\/#\/schema\/person\/d92682c5f067a49d1c1f925bd5422e14"},"image":{"@id":"https:\/\/www.johannes-sieber.ch\/move\/mein-smartspider\/#primaryimage"},"thumbnailUrl":"https:\/\/www.johannes-sieber.ch\/move\/wp-content\/uploads\/2020\/09\/20200904_SmartSpider_JohannesSieber-notiz_l3.jpg","keywords":["Position"],"articleSection":["Position"],"inLanguage":"de"},{"@type":"WebPage","@id":"https:\/\/www.johannes-sieber.ch\/move\/mein-smartspider\/","url":"https:\/\/www.johannes-sieber.ch\/move\/mein-smartspider\/","name":"Mein Smartspider - Johannes Sieber","isPartOf":{"@id":"https:\/\/www.johannes-sieber.ch\/move\/#website"},"primaryImageOfPage":{"@id":"https:\/\/www.johannes-sieber.ch\/move\/mein-smartspider\/#primaryimage"},"image":{"@id":"https:\/\/www.johannes-sieber.ch\/move\/mein-smartspider\/#primaryimage"},"thumbnailUrl":"https:\/\/www.johannes-sieber.ch\/move\/wp-content\/uploads\/2020\/09\/20200904_SmartSpider_JohannesSieber-notiz_l3.jpg","datePublished":"2020-10-02T05:07:00+00:00","breadcrumb":{"@id":"https:\/\/www.johannes-sieber.ch\/move\/mein-smartspider\/#breadcrumb"},"inLanguage":"de","potentialAction":[{"@type":"ReadAction","target":["https:\/\/www.johannes-sieber.ch\/move\/mein-smartspider\/"]}]},{"@type":"ImageObject","inLanguage":"de","@id":"https:\/\/www.johannes-sieber.ch\/move\/mein-smartspider\/#primaryimage","url":"https:\/\/www.johannes-sieber.ch\/move\/wp-content\/uploads\/2020\/09\/20200904_SmartSpider_JohannesSieber-notiz_l3.jpg","contentUrl":"https:\/\/www.johannes-sieber.ch\/move\/wp-content\/uploads\/2020\/09\/20200904_SmartSpider_JohannesSieber-notiz_l3.jpg","width":1035,"height":500,"caption":"SmartSpider_JohannesSieber"},{"@type":"BreadcrumbList","@id":"https:\/\/www.johannes-sieber.ch\/move\/mein-smartspider\/#breadcrumb","itemListElement":[{"@type":"ListItem","position":1,"name":"Startseite","item":"https:\/\/www.johannes-sieber.ch\/move\/"},{"@type":"ListItem","position":2,"name":"Mein Smartspider"}]},{"@type":"WebSite","@id":"https:\/\/www.johannes-sieber.ch\/move\/#website","url":"https:\/\/www.johannes-sieber.ch\/move\/","name":"Johannes Sieber","description":"Notizen zu Kultur, Klima, Stadt &amp; Menschen","publisher":{"@id":"https:\/\/www.johannes-sieber.ch\/move\/#\/schema\/person\/d92682c5f067a49d1c1f925bd5422e14"},"potentialAction":[{"@type":"SearchAction","target":{"@type":"EntryPoint","urlTemplate":"https:\/\/www.johannes-sieber.ch\/move\/?s={search_term_string}"},"query-input":{"@type":"PropertyValueSpecification","valueRequired":true,"valueName":"search_term_string"}}],"inLanguage":"de"},{"@type":["Person","Organization"],"@id":"https:\/\/www.johannes-sieber.ch\/move\/#\/schema\/person\/d92682c5f067a49d1c1f925bd5422e14","name":"Johannes Sieber","image":{"@type":"ImageObject","inLanguage":"de","@id":"https:\/\/secure.gravatar.com\/avatar\/31f81941f5205fb74a8b0f15334401b3be15721e177e88208533a81bf8dae247?s=96&d=mm&r=g","url":"https:\/\/secure.gravatar.com\/avatar\/31f81941f5205fb74a8b0f15334401b3be15721e177e88208533a81bf8dae247?s=96&d=mm&r=g","contentUrl":"https:\/\/secure.gravatar.com\/avatar\/31f81941f5205fb74a8b0f15334401b3be15721e177e88208533a81bf8dae247?s=96&d=mm&r=g","caption":"Johannes Sieber"},"logo":{"@id":"https:\/\/secure.gravatar.com\/avatar\/31f81941f5205fb74a8b0f15334401b3be15721e177e88208533a81bf8dae247?s=96&d=mm&r=g"},"sameAs":["https:\/\/www.johannes-sieber.ch\/","https:\/\/www.instagram.com\/johannes__sieber","https:\/\/x.com\/https:\/\/twitter.com\/JohannesSieber"],"url":"https:\/\/www.johannes-sieber.ch\/move\/author\/admin\/"}]}},"jetpack_featured_media_url":"https:\/\/www.johannes-sieber.ch\/move\/wp-content\/uploads\/2020\/09\/20200904_SmartSpider_JohannesSieber-notiz_l3.jpg","jetpack_sharing_enabled":true,"_links":{"self":[{"href":"https:\/\/www.johannes-sieber.ch\/move\/wp-json\/wp\/v2\/posts\/2927","targetHints":{"allow":["GET"]}}],"collection":[{"href":"https:\/\/www.johannes-sieber.ch\/move\/wp-json\/wp\/v2\/posts"}],"about":[{"href":"https:\/\/www.johannes-sieber.ch\/move\/wp-json\/wp\/v2\/types\/post"}],"author":[{"embeddable":true,"href":"https:\/\/www.johannes-sieber.ch\/move\/wp-json\/wp\/v2\/users\/1"}],"replies":[{"embeddable":true,"href":"https:\/\/www.johannes-sieber.ch\/move\/wp-json\/wp\/v2\/comments?post=2927"}],"version-history":[{"count":22,"href":"https:\/\/www.johannes-sieber.ch\/move\/wp-json\/wp\/v2\/posts\/2927\/revisions"}],"predecessor-version":[{"id":3234,"href":"https:\/\/www.johannes-sieber.ch\/move\/wp-json\/wp\/v2\/posts\/2927\/revisions\/3234"}],"wp:featuredmedia":[{"embeddable":true,"href":"https:\/\/www.johannes-sieber.ch\/move\/wp-json\/wp\/v2\/media\/2934"}],"wp:attachment":[{"href":"https:\/\/www.johannes-sieber.ch\/move\/wp-json\/wp\/v2\/media?parent=2927"}],"wp:term":[{"taxonomy":"category","embeddable":true,"href":"https:\/\/www.johannes-sieber.ch\/move\/wp-json\/wp\/v2\/categories?post=2927"},{"taxonomy":"post_tag","embeddable":true,"href":"https:\/\/www.johannes-sieber.ch\/move\/wp-json\/wp\/v2\/tags?post=2927"}],"curies":[{"name":"wp","href":"https:\/\/api.w.org\/{rel}","templated":true}]}}