{"id":2967,"date":"2020-09-21T10:00:32","date_gmt":"2020-09-21T09:00:32","guid":{"rendered":"https:\/\/www.johannes-sieber.ch\/move\/?p=2967"},"modified":"2020-09-24T12:52:01","modified_gmt":"2020-09-24T11:52:01","slug":"wahlen-halt","status":"publish","type":"post","link":"https:\/\/www.johannes-sieber.ch\/move\/wahlen-halt\/","title":{"rendered":"Wahlen. Halt!"},"content":{"rendered":"\n<p>Warum du f\u00fcr die kommenden Wahlen kurz innehalten solltest, bevor du die Partei w\u00e4hlst, die du immer w\u00e4hlst, weil du sie schon immer gew\u00e4hlt hast. Das liest du in dieser Notiz.<\/p>\n\n\n\n<p>Kaum sind die <a rel=\"noreferrer noopener\" href=\"https:\/\/www.johannes-sieber.ch\/move\/tag\/abstimmung_27.9.2020\/\" target=\"_blank\">Abstimmungen<\/a> durch, also heute in einer Woche, flattert das Couvert mit den Wahlzetteln ins Haus. Am 25. Oktober 2020 sind die Gesamterneuerungswahlen der Basler Regierung und des Parlaments, dem Grossen Rat. Schon seit Wochen k\u00fcndet sich das an: Es grinsen die Kandidierenden von Pappkartons und Plakatw\u00e4nden, Briefk\u00e4sten und Socialmedia werden geflutet mit unz\u00e4hligen Parteiprogrammen und noch mehr Wahlversprechen. Das wird im kommenden Monat noch zunehmen.<\/p>\n\n\n\n<p>In einer Woche also kommen die Wahlcouverts. Und viele werden tun, was sie immer tun: Gar nichts.  Die Wahlbeteiligung hat im vergangenen Jahrhundert laufend abgenommen. H\u00e4tten wir auf 1968 nicht das kommunale Frauenstimmrecht und 1992 nicht das Stimmrecht f\u00fcr 18- und 19-j\u00e4hrige eingef\u00fchrt, die Kurve w\u00e4re wohl zwischenzeitlich nahe Null.<\/p>\n\n\n\n<p>W\u00e4ren da nicht die Andern. Auch sie werden tun, was sie immer tun: Das Couvert \u00f6ffnen, die Liste der Partei z\u00fccken, die sie schon immer w\u00e4hlten, weil sie die schon immer w\u00e4hlten, und diese postwendend zur\u00fccksenden. Erledigt.<\/p>\n\n\n\n<p>Dabei lohnt es sich bei diesen Wahlen ganz besonders, sich etwas n\u00e4her mit den Parteien und ihren Kandidierenden auseinanderzusetzen. Es gibt gute Gr\u00fcnde f\u00fcr die Frage: Hat die Partei, haben die Gross- und Regierungsr\u00e4te, die du vor vier Jahren gew\u00e4hlt hast, ihre Versprechen eingel\u00f6st? Oder zumindest deine Erwartungen erf\u00fcllt? Sind ihre Konzepte, ihre Programme, ihre L\u00f6sungsvorschl\u00e4ge f\u00fcr die Herausforderungen unserer Zeit praktikabel? Wie verhalten sie sich in der Covid-19 Krise? Wie sehen sie und wie gehen sie in die Zukunft? Das sind Fragen, die uns besch\u00e4ftigen sollen.<\/p>\n\n\n\n<p>Willst du wirklich mit der FDP warten, bis der Markt auch die Klimawende selber regelt? Oder mit der LDP weiter den Status Quo konservieren, obwohl Covid-19 uns zur Ver\u00e4nderung zwingt? Ist soziale Politik tats\u00e4chlich nur bei der SP zu bekommen und wie h\u00e4lt die Partei es mit der Gleichstellung tats\u00e4chlich? Verfolgen die Gr\u00fcnen eine Klima-Politik, in der du deine Zukunft siehst und wie \u00fcberzeugend agieren sie in der Museumspolitik? Hat die BastA! praktikable Vorschl\u00e4ge oder zw\u00e4ngelt sie noch immer, als w\u00e4re sie eine sympathische Minderheitspartei, die sich nicht l\u00e4ngst beim grossen B\u00fcndnis angebiedert hat? Aber vor allem: ist vielleicht der K\u00f6nigsweg nicht doch eher der der GLP, die mit Anreizen und Innovation Wirtschaft mit Klimaschutz erm\u00f6glicht und Gleichstellungspolitik aktiv lebt, statt sie bloss in feministischen Manifesten kleinzudrucken?<\/p>\n\n\n\n<p>Klar, ich bin befangen. Aber mit gutem Grund. In der Gr\u00fcnliberalen Partei finden sich t\u00e4glich neue politisch aktive Menschen wieder, die in der Machtpolitik der Etablierten keine Zukunft sehen. Nicht f\u00fcr Basel und auch nicht f\u00fcr die Welt.<\/p>\n\n\n\n<p>Darum mein Vorschlag: Stell dir diese Fragen. Und gerne noch ein paar dazu. Bevor du die Liste w\u00e4hlst, die du immer w\u00e4hlst, weil du sie schon immer gew\u00e4hlt hast.<\/p>\n\n\n\n<p>In diesem Sinne: gute Wahl!<\/p>\n\n\n\n<p>Ahja, meine <a href=\"https:\/\/www.johannes-sieber.ch\/move\/tag\/forderungen\/\">Forderungen zu Kultur, Klima und Gleichstellung<\/a> findest du hier.<\/p>\n\n\n\n<p class=\"hinweisbox\">Online: Basel, Statistisches Amt<br>Wahlberechtigte, Wahlbeteiligung und verwendete Listen<br><a href=\"https:\/\/www.johannes-sieber.ch\/move\/gleichstellung\/\" target=\"_blank\" rel=\"noreferrer noopener\">ww<\/a><a href=\"https:\/\/www.statistik.bs.ch\/zahlen\/tabellen\/17-politik.html\" target=\"_blank\" rel=\"noreferrer noopener\">w.statistik.bs.ch<a href=\"https:\/\/www.johannes-sieber.ch\/move\/gleichstellung\/\" target=\"_blank\" rel=\"noreferrer noopener\"><\/a><\/a><\/p>\n\n\n\n<p class=\"fotoquelle\">Javier Allegue Barros on Unsplaash<\/p>\n","protected":false},"excerpt":{"rendered":"<p>Warum du f\u00fcr die kommenden Wahlen kurz innehalten solltest, bevor du die Partei w\u00e4hlst, die du immer w\u00e4hlst, weil du sie schon immer gew\u00e4hlt hast. Das liest du in dieser Notiz. Kaum sind die Abstimmungen&#8230;<\/p>\n","protected":false},"author":1,"featured_media":2969,"comment_status":"closed","ping_status":"open","sticky":false,"template":"","format":"standard","meta":{"_jetpack_memberships_contains_paid_content":false,"footnotes":""},"categories":[36],"tags":[66,68],"class_list":["post-2967","post","type-post","status-publish","format-standard","has-post-thumbnail","hentry","category-position","tag-position","tag-wahlen"],"yoast_head":"<!-- This site is optimized with the Yoast SEO plugin v27.5 - https:\/\/yoast.com\/product\/yoast-seo-wordpress\/ -->\n<title>Wahlen. Halt! - Johannes Sieber<\/title>\n<meta name=\"robots\" content=\"index, follow, max-snippet:-1, max-image-preview:large, max-video-preview:-1\" \/>\n<link rel=\"canonical\" href=\"https:\/\/www.johannes-sieber.ch\/move\/wahlen-halt\/\" \/>\n<meta property=\"og:locale\" content=\"de_DE\" \/>\n<meta property=\"og:type\" content=\"article\" \/>\n<meta property=\"og:title\" content=\"Wahlen. Halt! - Johannes Sieber\" \/>\n<meta property=\"og:description\" content=\"Warum du f\u00fcr die kommenden Wahlen kurz innehalten solltest, bevor du die Partei w\u00e4hlst, die du immer w\u00e4hlst, weil du sie schon immer gew\u00e4hlt hast. Das liest du in dieser Notiz. Kaum sind die Abstimmungen...\" \/>\n<meta property=\"og:url\" content=\"https:\/\/www.johannes-sieber.ch\/move\/wahlen-halt\/\" \/>\n<meta property=\"og:site_name\" content=\"Johannes Sieber\" \/>\n<meta property=\"article:published_time\" content=\"2020-09-21T09:00:32+00:00\" \/>\n<meta property=\"article:modified_time\" content=\"2020-09-24T11:52:01+00:00\" \/>\n<meta property=\"og:image\" content=\"https:\/\/www.johannes-sieber.ch\/move\/wp-content\/uploads\/2020\/09\/javier-allegue-barros-C7B-ExXpOIE-unsplash-scaled.jpg\" \/>\n\t<meta property=\"og:image:width\" content=\"2560\" \/>\n\t<meta property=\"og:image:height\" content=\"1707\" \/>\n\t<meta property=\"og:image:type\" content=\"image\/jpeg\" \/>\n<meta name=\"author\" content=\"Johannes Sieber\" \/>\n<meta name=\"twitter:card\" content=\"summary_large_image\" \/>\n<meta name=\"twitter:creator\" content=\"@https:\/\/twitter.com\/JohannesSieber\" \/>\n<meta name=\"twitter:site\" content=\"@JohannesSieber\" \/>\n<meta name=\"twitter:label1\" content=\"Verfasst von\" \/>\n\t<meta name=\"twitter:data1\" content=\"Johannes Sieber\" \/>\n\t<meta name=\"twitter:label2\" content=\"Gesch\u00e4tzte Lesezeit\" \/>\n\t<meta name=\"twitter:data2\" content=\"3\u00a0Minuten\" \/>\n<script type=\"application\/ld+json\" class=\"yoast-schema-graph\">{\"@context\":\"https:\\\/\\\/schema.org\",\"@graph\":[{\"@type\":\"Article\",\"@id\":\"https:\\\/\\\/www.johannes-sieber.ch\\\/move\\\/wahlen-halt\\\/#article\",\"isPartOf\":{\"@id\":\"https:\\\/\\\/www.johannes-sieber.ch\\\/move\\\/wahlen-halt\\\/\"},\"author\":{\"name\":\"Johannes Sieber\",\"@id\":\"https:\\\/\\\/www.johannes-sieber.ch\\\/move\\\/#\\\/schema\\\/person\\\/d92682c5f067a49d1c1f925bd5422e14\"},\"headline\":\"Wahlen. Halt!\",\"datePublished\":\"2020-09-21T09:00:32+00:00\",\"dateModified\":\"2020-09-24T11:52:01+00:00\",\"mainEntityOfPage\":{\"@id\":\"https:\\\/\\\/www.johannes-sieber.ch\\\/move\\\/wahlen-halt\\\/\"},\"wordCount\":547,\"publisher\":{\"@id\":\"https:\\\/\\\/www.johannes-sieber.ch\\\/move\\\/#\\\/schema\\\/person\\\/d92682c5f067a49d1c1f925bd5422e14\"},\"image\":{\"@id\":\"https:\\\/\\\/www.johannes-sieber.ch\\\/move\\\/wahlen-halt\\\/#primaryimage\"},\"thumbnailUrl\":\"https:\\\/\\\/www.johannes-sieber.ch\\\/move\\\/wp-content\\\/uploads\\\/2020\\\/09\\\/javier-allegue-barros-C7B-ExXpOIE-unsplash-scaled.jpg\",\"keywords\":[\"Position\",\"Wahlen\"],\"articleSection\":[\"Position\"],\"inLanguage\":\"de\"},{\"@type\":\"WebPage\",\"@id\":\"https:\\\/\\\/www.johannes-sieber.ch\\\/move\\\/wahlen-halt\\\/\",\"url\":\"https:\\\/\\\/www.johannes-sieber.ch\\\/move\\\/wahlen-halt\\\/\",\"name\":\"Wahlen. Halt! - Johannes Sieber\",\"isPartOf\":{\"@id\":\"https:\\\/\\\/www.johannes-sieber.ch\\\/move\\\/#website\"},\"primaryImageOfPage\":{\"@id\":\"https:\\\/\\\/www.johannes-sieber.ch\\\/move\\\/wahlen-halt\\\/#primaryimage\"},\"image\":{\"@id\":\"https:\\\/\\\/www.johannes-sieber.ch\\\/move\\\/wahlen-halt\\\/#primaryimage\"},\"thumbnailUrl\":\"https:\\\/\\\/www.johannes-sieber.ch\\\/move\\\/wp-content\\\/uploads\\\/2020\\\/09\\\/javier-allegue-barros-C7B-ExXpOIE-unsplash-scaled.jpg\",\"datePublished\":\"2020-09-21T09:00:32+00:00\",\"dateModified\":\"2020-09-24T11:52:01+00:00\",\"breadcrumb\":{\"@id\":\"https:\\\/\\\/www.johannes-sieber.ch\\\/move\\\/wahlen-halt\\\/#breadcrumb\"},\"inLanguage\":\"de\",\"potentialAction\":[{\"@type\":\"ReadAction\",\"target\":[\"https:\\\/\\\/www.johannes-sieber.ch\\\/move\\\/wahlen-halt\\\/\"]}]},{\"@type\":\"ImageObject\",\"inLanguage\":\"de\",\"@id\":\"https:\\\/\\\/www.johannes-sieber.ch\\\/move\\\/wahlen-halt\\\/#primaryimage\",\"url\":\"https:\\\/\\\/www.johannes-sieber.ch\\\/move\\\/wp-content\\\/uploads\\\/2020\\\/09\\\/javier-allegue-barros-C7B-ExXpOIE-unsplash-scaled.jpg\",\"contentUrl\":\"https:\\\/\\\/www.johannes-sieber.ch\\\/move\\\/wp-content\\\/uploads\\\/2020\\\/09\\\/javier-allegue-barros-C7B-ExXpOIE-unsplash-scaled.jpg\",\"width\":2560,\"height\":1707,\"caption\":\"Wahlen Wegweiser\"},{\"@type\":\"BreadcrumbList\",\"@id\":\"https:\\\/\\\/www.johannes-sieber.ch\\\/move\\\/wahlen-halt\\\/#breadcrumb\",\"itemListElement\":[{\"@type\":\"ListItem\",\"position\":1,\"name\":\"Startseite\",\"item\":\"https:\\\/\\\/www.johannes-sieber.ch\\\/move\\\/\"},{\"@type\":\"ListItem\",\"position\":2,\"name\":\"Wahlen. Halt!\"}]},{\"@type\":\"WebSite\",\"@id\":\"https:\\\/\\\/www.johannes-sieber.ch\\\/move\\\/#website\",\"url\":\"https:\\\/\\\/www.johannes-sieber.ch\\\/move\\\/\",\"name\":\"Johannes Sieber\",\"description\":\"Notizen zu Kultur, Klima, Stadt &amp; Menschen\",\"publisher\":{\"@id\":\"https:\\\/\\\/www.johannes-sieber.ch\\\/move\\\/#\\\/schema\\\/person\\\/d92682c5f067a49d1c1f925bd5422e14\"},\"potentialAction\":[{\"@type\":\"SearchAction\",\"target\":{\"@type\":\"EntryPoint\",\"urlTemplate\":\"https:\\\/\\\/www.johannes-sieber.ch\\\/move\\\/?s={search_term_string}\"},\"query-input\":{\"@type\":\"PropertyValueSpecification\",\"valueRequired\":true,\"valueName\":\"search_term_string\"}}],\"inLanguage\":\"de\"},{\"@type\":[\"Person\",\"Organization\"],\"@id\":\"https:\\\/\\\/www.johannes-sieber.ch\\\/move\\\/#\\\/schema\\\/person\\\/d92682c5f067a49d1c1f925bd5422e14\",\"name\":\"Johannes Sieber\",\"image\":{\"@type\":\"ImageObject\",\"inLanguage\":\"de\",\"@id\":\"https:\\\/\\\/secure.gravatar.com\\\/avatar\\\/31f81941f5205fb74a8b0f15334401b3be15721e177e88208533a81bf8dae247?s=96&d=mm&r=g\",\"url\":\"https:\\\/\\\/secure.gravatar.com\\\/avatar\\\/31f81941f5205fb74a8b0f15334401b3be15721e177e88208533a81bf8dae247?s=96&d=mm&r=g\",\"contentUrl\":\"https:\\\/\\\/secure.gravatar.com\\\/avatar\\\/31f81941f5205fb74a8b0f15334401b3be15721e177e88208533a81bf8dae247?s=96&d=mm&r=g\",\"caption\":\"Johannes Sieber\"},\"logo\":{\"@id\":\"https:\\\/\\\/secure.gravatar.com\\\/avatar\\\/31f81941f5205fb74a8b0f15334401b3be15721e177e88208533a81bf8dae247?s=96&d=mm&r=g\"},\"sameAs\":[\"https:\\\/\\\/www.johannes-sieber.ch\\\/\",\"https:\\\/\\\/www.instagram.com\\\/johannes__sieber\",\"https:\\\/\\\/x.com\\\/https:\\\/\\\/twitter.com\\\/JohannesSieber\"],\"url\":\"https:\\\/\\\/www.johannes-sieber.ch\\\/move\\\/author\\\/admin\\\/\"}]}<\/script>\n<!-- \/ Yoast SEO plugin. -->","yoast_head_json":{"title":"Wahlen. Halt! - Johannes Sieber","robots":{"index":"index","follow":"follow","max-snippet":"max-snippet:-1","max-image-preview":"max-image-preview:large","max-video-preview":"max-video-preview:-1"},"canonical":"https:\/\/www.johannes-sieber.ch\/move\/wahlen-halt\/","og_locale":"de_DE","og_type":"article","og_title":"Wahlen. Halt! - Johannes Sieber","og_description":"Warum du f\u00fcr die kommenden Wahlen kurz innehalten solltest, bevor du die Partei w\u00e4hlst, die du immer w\u00e4hlst, weil du sie schon immer gew\u00e4hlt hast. Das liest du in dieser Notiz. Kaum sind die Abstimmungen...","og_url":"https:\/\/www.johannes-sieber.ch\/move\/wahlen-halt\/","og_site_name":"Johannes Sieber","article_published_time":"2020-09-21T09:00:32+00:00","article_modified_time":"2020-09-24T11:52:01+00:00","og_image":[{"width":2560,"height":1707,"url":"https:\/\/www.johannes-sieber.ch\/move\/wp-content\/uploads\/2020\/09\/javier-allegue-barros-C7B-ExXpOIE-unsplash-scaled.jpg","type":"image\/jpeg"}],"author":"Johannes Sieber","twitter_card":"summary_large_image","twitter_creator":"@https:\/\/twitter.com\/JohannesSieber","twitter_site":"@JohannesSieber","twitter_misc":{"Verfasst von":"Johannes Sieber","Gesch\u00e4tzte Lesezeit":"3\u00a0Minuten"},"schema":{"@context":"https:\/\/schema.org","@graph":[{"@type":"Article","@id":"https:\/\/www.johannes-sieber.ch\/move\/wahlen-halt\/#article","isPartOf":{"@id":"https:\/\/www.johannes-sieber.ch\/move\/wahlen-halt\/"},"author":{"name":"Johannes Sieber","@id":"https:\/\/www.johannes-sieber.ch\/move\/#\/schema\/person\/d92682c5f067a49d1c1f925bd5422e14"},"headline":"Wahlen. Halt!","datePublished":"2020-09-21T09:00:32+00:00","dateModified":"2020-09-24T11:52:01+00:00","mainEntityOfPage":{"@id":"https:\/\/www.johannes-sieber.ch\/move\/wahlen-halt\/"},"wordCount":547,"publisher":{"@id":"https:\/\/www.johannes-sieber.ch\/move\/#\/schema\/person\/d92682c5f067a49d1c1f925bd5422e14"},"image":{"@id":"https:\/\/www.johannes-sieber.ch\/move\/wahlen-halt\/#primaryimage"},"thumbnailUrl":"https:\/\/www.johannes-sieber.ch\/move\/wp-content\/uploads\/2020\/09\/javier-allegue-barros-C7B-ExXpOIE-unsplash-scaled.jpg","keywords":["Position","Wahlen"],"articleSection":["Position"],"inLanguage":"de"},{"@type":"WebPage","@id":"https:\/\/www.johannes-sieber.ch\/move\/wahlen-halt\/","url":"https:\/\/www.johannes-sieber.ch\/move\/wahlen-halt\/","name":"Wahlen. Halt! - Johannes Sieber","isPartOf":{"@id":"https:\/\/www.johannes-sieber.ch\/move\/#website"},"primaryImageOfPage":{"@id":"https:\/\/www.johannes-sieber.ch\/move\/wahlen-halt\/#primaryimage"},"image":{"@id":"https:\/\/www.johannes-sieber.ch\/move\/wahlen-halt\/#primaryimage"},"thumbnailUrl":"https:\/\/www.johannes-sieber.ch\/move\/wp-content\/uploads\/2020\/09\/javier-allegue-barros-C7B-ExXpOIE-unsplash-scaled.jpg","datePublished":"2020-09-21T09:00:32+00:00","dateModified":"2020-09-24T11:52:01+00:00","breadcrumb":{"@id":"https:\/\/www.johannes-sieber.ch\/move\/wahlen-halt\/#breadcrumb"},"inLanguage":"de","potentialAction":[{"@type":"ReadAction","target":["https:\/\/www.johannes-sieber.ch\/move\/wahlen-halt\/"]}]},{"@type":"ImageObject","inLanguage":"de","@id":"https:\/\/www.johannes-sieber.ch\/move\/wahlen-halt\/#primaryimage","url":"https:\/\/www.johannes-sieber.ch\/move\/wp-content\/uploads\/2020\/09\/javier-allegue-barros-C7B-ExXpOIE-unsplash-scaled.jpg","contentUrl":"https:\/\/www.johannes-sieber.ch\/move\/wp-content\/uploads\/2020\/09\/javier-allegue-barros-C7B-ExXpOIE-unsplash-scaled.jpg","width":2560,"height":1707,"caption":"Wahlen Wegweiser"},{"@type":"BreadcrumbList","@id":"https:\/\/www.johannes-sieber.ch\/move\/wahlen-halt\/#breadcrumb","itemListElement":[{"@type":"ListItem","position":1,"name":"Startseite","item":"https:\/\/www.johannes-sieber.ch\/move\/"},{"@type":"ListItem","position":2,"name":"Wahlen. Halt!"}]},{"@type":"WebSite","@id":"https:\/\/www.johannes-sieber.ch\/move\/#website","url":"https:\/\/www.johannes-sieber.ch\/move\/","name":"Johannes Sieber","description":"Notizen zu Kultur, Klima, Stadt &amp; Menschen","publisher":{"@id":"https:\/\/www.johannes-sieber.ch\/move\/#\/schema\/person\/d92682c5f067a49d1c1f925bd5422e14"},"potentialAction":[{"@type":"SearchAction","target":{"@type":"EntryPoint","urlTemplate":"https:\/\/www.johannes-sieber.ch\/move\/?s={search_term_string}"},"query-input":{"@type":"PropertyValueSpecification","valueRequired":true,"valueName":"search_term_string"}}],"inLanguage":"de"},{"@type":["Person","Organization"],"@id":"https:\/\/www.johannes-sieber.ch\/move\/#\/schema\/person\/d92682c5f067a49d1c1f925bd5422e14","name":"Johannes Sieber","image":{"@type":"ImageObject","inLanguage":"de","@id":"https:\/\/secure.gravatar.com\/avatar\/31f81941f5205fb74a8b0f15334401b3be15721e177e88208533a81bf8dae247?s=96&d=mm&r=g","url":"https:\/\/secure.gravatar.com\/avatar\/31f81941f5205fb74a8b0f15334401b3be15721e177e88208533a81bf8dae247?s=96&d=mm&r=g","contentUrl":"https:\/\/secure.gravatar.com\/avatar\/31f81941f5205fb74a8b0f15334401b3be15721e177e88208533a81bf8dae247?s=96&d=mm&r=g","caption":"Johannes Sieber"},"logo":{"@id":"https:\/\/secure.gravatar.com\/avatar\/31f81941f5205fb74a8b0f15334401b3be15721e177e88208533a81bf8dae247?s=96&d=mm&r=g"},"sameAs":["https:\/\/www.johannes-sieber.ch\/","https:\/\/www.instagram.com\/johannes__sieber","https:\/\/x.com\/https:\/\/twitter.com\/JohannesSieber"],"url":"https:\/\/www.johannes-sieber.ch\/move\/author\/admin\/"}]}},"jetpack_featured_media_url":"https:\/\/www.johannes-sieber.ch\/move\/wp-content\/uploads\/2020\/09\/javier-allegue-barros-C7B-ExXpOIE-unsplash-scaled.jpg","jetpack_sharing_enabled":true,"_links":{"self":[{"href":"https:\/\/www.johannes-sieber.ch\/move\/wp-json\/wp\/v2\/posts\/2967","targetHints":{"allow":["GET"]}}],"collection":[{"href":"https:\/\/www.johannes-sieber.ch\/move\/wp-json\/wp\/v2\/posts"}],"about":[{"href":"https:\/\/www.johannes-sieber.ch\/move\/wp-json\/wp\/v2\/types\/post"}],"author":[{"embeddable":true,"href":"https:\/\/www.johannes-sieber.ch\/move\/wp-json\/wp\/v2\/users\/1"}],"replies":[{"embeddable":true,"href":"https:\/\/www.johannes-sieber.ch\/move\/wp-json\/wp\/v2\/comments?post=2967"}],"version-history":[{"count":43,"href":"https:\/\/www.johannes-sieber.ch\/move\/wp-json\/wp\/v2\/posts\/2967\/revisions"}],"predecessor-version":[{"id":3159,"href":"https:\/\/www.johannes-sieber.ch\/move\/wp-json\/wp\/v2\/posts\/2967\/revisions\/3159"}],"wp:featuredmedia":[{"embeddable":true,"href":"https:\/\/www.johannes-sieber.ch\/move\/wp-json\/wp\/v2\/media\/2969"}],"wp:attachment":[{"href":"https:\/\/www.johannes-sieber.ch\/move\/wp-json\/wp\/v2\/media?parent=2967"}],"wp:term":[{"taxonomy":"category","embeddable":true,"href":"https:\/\/www.johannes-sieber.ch\/move\/wp-json\/wp\/v2\/categories?post=2967"},{"taxonomy":"post_tag","embeddable":true,"href":"https:\/\/www.johannes-sieber.ch\/move\/wp-json\/wp\/v2\/tags?post=2967"}],"curies":[{"name":"wp","href":"https:\/\/api.w.org\/{rel}","templated":true}]}}