{"id":3121,"date":"2020-09-23T13:36:02","date_gmt":"2020-09-23T12:36:02","guid":{"rendered":"https:\/\/www.johannes-sieber.ch\/move\/?p=3121"},"modified":"2020-09-26T09:40:16","modified_gmt":"2020-09-26T08:40:16","slug":"esther-keller-for-president","status":"publish","type":"post","link":"https:\/\/www.johannes-sieber.ch\/move\/esther-keller-for-president\/","title":{"rendered":"Esther Keller for President"},"content":{"rendered":"\n<p>Ich w\u00e4hle Esther Keller in die Regierung von Basel-Stadt. Sie soll unsere Stadt als Pr\u00e4sidentin vertreten. Sie hat die dazu n\u00f6tigen kommunikativen F\u00e4higkeiten und ihre progressiven politischen Positionen f\u00fchren uns in die Zukunft, in der ich leben m\u00f6chte:<\/p>\n\n\n\n<p><strong>Gemeinsam gegen den Klimawandel, zusammen f\u00fcr kulturelle Vielfalt, durch Digitalisierung eine effizientere Verwaltung, mehr Lebensqualit\u00e4t f\u00fcr alle und eine Region \u00fcber die Kantons- und Landesgrenzen hinaus.<\/strong><\/p>\n\n\n\n<p>Esther Keller kenne ich schon l\u00e4nger. Wir arbeiteten in den letzten Jahren erfolgreich f\u00fcr ein diverseres Basel zusammen. Sie hat nicht nur einen sicheren und \u00fcberzeugenden Auftritt, sondern h\u00f6rt auch gut zu und kann auch dann vermitteln, wenn es aussichtslos scheint.<\/p>\n\n\n\n<p>Aber nicht nur das.  Basel muss aus der alten Leier von \u00abrot\/gr\u00fcn\u00bb versus \u00abb\u00fcrgerlich\u00bb heraus kommen. Diese Rede langweilt mich nicht nur, sie steht auch einer sachlichen, l\u00f6sungsorientierten Politik im Weg. Ideologische Politik und Machtpolitik haben ausgedient. Schluss damit!<\/p>\n\n\n\n<p>Wie nerv\u00f6s die kleine Glp mit einer Kandidatin wie Esther Keller die grossen Parteien macht, l\u00e4sst sich am Gebaren von SP bis FDP erkennen. W\u00e4hrend der SP-Pr\u00e4sident verzweifelt versucht, die Glp als neue FDP zu behaupten, spricht diese der Glp die Wirtschaftsfreundlichkeit ab. Zurecht sind sie beide nerv\u00f6s, Stimmen an die Sachpolitik zu verlieren.<\/p>\n\n\n\n<p>M\u00f6gen ihre \u00c4ngste wahr werden!<\/p>\n\n\n\n<p>Informiere dich \u00fcber Esther Keller und ihre Positionen hier:<\/p>\n\n\n\n<p class=\"hinweisbox\">Website: Basel2025<br>Wahlkampf Website Esther Keller<br><a href=\"https:\/\/www.basel2025.ch\/\" target=\"_blank\" rel=\"noreferrer noopener\">www.basel2025.ch<\/a><\/p>\n\n\n\n<p class=\"hinweisbox\">Zeitung: bzBasel, 26.09.2020\n<br>Mit Energie f\u00fcr die Extrameile: Esther Keller im Portr\u00e4t\n<br><a href=\"https:\/\/www.bzbasel.ch\/basel\/basel-stadt\/mit-energie-fuer-die-extrameile-esther-keller-im-portraet-139274821\" target=\"_blank\" rel=\"noreferrer noopener\">bz Zeitung f\u00fcr Basel und die Region<\/a><\/p>\n\n\n\n<p class=\"hinweisbox\">Online: Primenews, 21.09.2020<br>\u00abBasel hat die Digitali\u00adsierung komp\u00adlett ver\u00adschlafen\u00bb<br><a href=\"https:\/\/primenews.ch\/articles\/2020\/09\/basel-hat-die-digitalisierung-komplett-verschlafen\" target=\"_blank\" rel=\"noreferrer noopener\">Primenews<\/a><\/p>\n\n\n\n<p class=\"hinweisbox\">Fernsehen: Telebasel, 07.09.2020<br>4. Wahlkampf-Talk: Die Gr\u00fcne, die Liberale und die Gr\u00fcnliberale<br><a href=\"https:\/\/telebasel.ch\/2020\/09\/07\/4-wahlkampf-talk-elisabeth-ackermann-esther-keller-stephanie-eymann\/?channel=501741\" target=\"_blank\" rel=\"noreferrer noopener\">Telebasel<\/a><\/p>\n\n\n\n<p class=\"hinweisbox\">Zeitung: bzBasel, 05.08.2020<br>Esther Keller zum Regierungswahlkampf: \u00abIch will zeigen, dass ich N\u00e4he zulasse\u00bb<br><a href=\"https:\/\/www.bzbasel.ch\/basel\/basel-stadt\/esther-keller-zum-regierungswahlkampf-ich-will-zeigen-dass-ich-naehe-zulasse-138669893\" target=\"_blank\" rel=\"noreferrer noopener\">bz &#8211; Zeitung f\u00fcr die Region Basel<\/a><\/p>\n\n\n\n<p class=\"hinweisbox\">Fernsehen: Telebasel, 21.05.2020<br>GLP nominiert Esther Keller f\u00fcr den Regierungsrat<br><a href=\"https:\/\/telebasel.ch\/2020\/05\/21\/glp-nominiert-esther-keller-fuer-den-regierungsrat\/?channel=105100\" target=\"_blank\" rel=\"noreferrer noopener\">Telebasel<\/a><\/p>\n","protected":false},"excerpt":{"rendered":"<p>Ich w\u00e4hle Esther Keller in die Regierung von Basel-Stadt. Sie soll unsere Stadt als Pr\u00e4sidentin vertreten. Sie hat die dazu n\u00f6tigen kommunikativen F\u00e4higkeiten und ihre progressiven politischen Positionen f\u00fchren uns in die Zukunft, in der&#8230;<\/p>\n","protected":false},"author":1,"featured_media":3123,"comment_status":"closed","ping_status":"open","sticky":false,"template":"","format":"standard","meta":{"_jetpack_memberships_contains_paid_content":false,"footnotes":""},"categories":[36],"tags":[66,68],"class_list":["post-3121","post","type-post","status-publish","format-standard","has-post-thumbnail","hentry","category-position","tag-position","tag-wahlen"],"yoast_head":"<!-- This site is optimized with the Yoast SEO plugin v27.5 - https:\/\/yoast.com\/product\/yoast-seo-wordpress\/ -->\n<title>Esther Keller for President - Johannes Sieber<\/title>\n<meta name=\"robots\" content=\"index, follow, max-snippet:-1, max-image-preview:large, max-video-preview:-1\" \/>\n<link rel=\"canonical\" href=\"https:\/\/www.johannes-sieber.ch\/move\/esther-keller-for-president\/\" \/>\n<meta property=\"og:locale\" content=\"de_DE\" \/>\n<meta property=\"og:type\" content=\"article\" \/>\n<meta property=\"og:title\" content=\"Esther Keller for President - Johannes Sieber\" \/>\n<meta property=\"og:description\" content=\"Ich w\u00e4hle Esther Keller in die Regierung von Basel-Stadt. Sie soll unsere Stadt als Pr\u00e4sidentin vertreten. Sie hat die dazu n\u00f6tigen kommunikativen F\u00e4higkeiten und ihre progressiven politischen Positionen f\u00fchren uns in die Zukunft, in der...\" \/>\n<meta property=\"og:url\" content=\"https:\/\/www.johannes-sieber.ch\/move\/esther-keller-for-president\/\" \/>\n<meta property=\"og:site_name\" content=\"Johannes Sieber\" \/>\n<meta property=\"article:published_time\" content=\"2020-09-23T12:36:02+00:00\" \/>\n<meta property=\"article:modified_time\" content=\"2020-09-26T08:40:16+00:00\" \/>\n<meta property=\"og:image\" content=\"https:\/\/www.johannes-sieber.ch\/move\/wp-content\/uploads\/2020\/09\/estherkeller-scaled.jpg\" \/>\n\t<meta property=\"og:image:width\" content=\"2560\" \/>\n\t<meta property=\"og:image:height\" content=\"1437\" \/>\n\t<meta property=\"og:image:type\" content=\"image\/jpeg\" \/>\n<meta name=\"author\" content=\"Johannes Sieber\" \/>\n<meta name=\"twitter:card\" content=\"summary_large_image\" \/>\n<meta name=\"twitter:creator\" content=\"@https:\/\/twitter.com\/JohannesSieber\" \/>\n<meta name=\"twitter:site\" content=\"@JohannesSieber\" \/>\n<meta name=\"twitter:label1\" content=\"Verfasst von\" \/>\n\t<meta name=\"twitter:data1\" content=\"Johannes Sieber\" \/>\n\t<meta name=\"twitter:label2\" content=\"Gesch\u00e4tzte Lesezeit\" \/>\n\t<meta name=\"twitter:data2\" content=\"2\u00a0Minuten\" \/>\n<script type=\"application\/ld+json\" class=\"yoast-schema-graph\">{\"@context\":\"https:\\\/\\\/schema.org\",\"@graph\":[{\"@type\":\"Article\",\"@id\":\"https:\\\/\\\/www.johannes-sieber.ch\\\/move\\\/esther-keller-for-president\\\/#article\",\"isPartOf\":{\"@id\":\"https:\\\/\\\/www.johannes-sieber.ch\\\/move\\\/esther-keller-for-president\\\/\"},\"author\":{\"name\":\"Johannes Sieber\",\"@id\":\"https:\\\/\\\/www.johannes-sieber.ch\\\/move\\\/#\\\/schema\\\/person\\\/d92682c5f067a49d1c1f925bd5422e14\"},\"headline\":\"Esther Keller for President\",\"datePublished\":\"2020-09-23T12:36:02+00:00\",\"dateModified\":\"2020-09-26T08:40:16+00:00\",\"mainEntityOfPage\":{\"@id\":\"https:\\\/\\\/www.johannes-sieber.ch\\\/move\\\/esther-keller-for-president\\\/\"},\"wordCount\":326,\"publisher\":{\"@id\":\"https:\\\/\\\/www.johannes-sieber.ch\\\/move\\\/#\\\/schema\\\/person\\\/d92682c5f067a49d1c1f925bd5422e14\"},\"image\":{\"@id\":\"https:\\\/\\\/www.johannes-sieber.ch\\\/move\\\/esther-keller-for-president\\\/#primaryimage\"},\"thumbnailUrl\":\"https:\\\/\\\/www.johannes-sieber.ch\\\/move\\\/wp-content\\\/uploads\\\/2020\\\/09\\\/estherkeller-scaled.jpg\",\"keywords\":[\"Position\",\"Wahlen\"],\"articleSection\":[\"Position\"],\"inLanguage\":\"de\"},{\"@type\":\"WebPage\",\"@id\":\"https:\\\/\\\/www.johannes-sieber.ch\\\/move\\\/esther-keller-for-president\\\/\",\"url\":\"https:\\\/\\\/www.johannes-sieber.ch\\\/move\\\/esther-keller-for-president\\\/\",\"name\":\"Esther Keller for President - Johannes Sieber\",\"isPartOf\":{\"@id\":\"https:\\\/\\\/www.johannes-sieber.ch\\\/move\\\/#website\"},\"primaryImageOfPage\":{\"@id\":\"https:\\\/\\\/www.johannes-sieber.ch\\\/move\\\/esther-keller-for-president\\\/#primaryimage\"},\"image\":{\"@id\":\"https:\\\/\\\/www.johannes-sieber.ch\\\/move\\\/esther-keller-for-president\\\/#primaryimage\"},\"thumbnailUrl\":\"https:\\\/\\\/www.johannes-sieber.ch\\\/move\\\/wp-content\\\/uploads\\\/2020\\\/09\\\/estherkeller-scaled.jpg\",\"datePublished\":\"2020-09-23T12:36:02+00:00\",\"dateModified\":\"2020-09-26T08:40:16+00:00\",\"breadcrumb\":{\"@id\":\"https:\\\/\\\/www.johannes-sieber.ch\\\/move\\\/esther-keller-for-president\\\/#breadcrumb\"},\"inLanguage\":\"de\",\"potentialAction\":[{\"@type\":\"ReadAction\",\"target\":[\"https:\\\/\\\/www.johannes-sieber.ch\\\/move\\\/esther-keller-for-president\\\/\"]}]},{\"@type\":\"ImageObject\",\"inLanguage\":\"de\",\"@id\":\"https:\\\/\\\/www.johannes-sieber.ch\\\/move\\\/esther-keller-for-president\\\/#primaryimage\",\"url\":\"https:\\\/\\\/www.johannes-sieber.ch\\\/move\\\/wp-content\\\/uploads\\\/2020\\\/09\\\/estherkeller-scaled.jpg\",\"contentUrl\":\"https:\\\/\\\/www.johannes-sieber.ch\\\/move\\\/wp-content\\\/uploads\\\/2020\\\/09\\\/estherkeller-scaled.jpg\",\"width\":2560,\"height\":1437,\"caption\":\"Esther Keller\"},{\"@type\":\"BreadcrumbList\",\"@id\":\"https:\\\/\\\/www.johannes-sieber.ch\\\/move\\\/esther-keller-for-president\\\/#breadcrumb\",\"itemListElement\":[{\"@type\":\"ListItem\",\"position\":1,\"name\":\"Startseite\",\"item\":\"https:\\\/\\\/www.johannes-sieber.ch\\\/move\\\/\"},{\"@type\":\"ListItem\",\"position\":2,\"name\":\"Esther Keller for President\"}]},{\"@type\":\"WebSite\",\"@id\":\"https:\\\/\\\/www.johannes-sieber.ch\\\/move\\\/#website\",\"url\":\"https:\\\/\\\/www.johannes-sieber.ch\\\/move\\\/\",\"name\":\"Johannes Sieber\",\"description\":\"Notizen zu Kultur, Klima, Stadt &amp; Menschen\",\"publisher\":{\"@id\":\"https:\\\/\\\/www.johannes-sieber.ch\\\/move\\\/#\\\/schema\\\/person\\\/d92682c5f067a49d1c1f925bd5422e14\"},\"potentialAction\":[{\"@type\":\"SearchAction\",\"target\":{\"@type\":\"EntryPoint\",\"urlTemplate\":\"https:\\\/\\\/www.johannes-sieber.ch\\\/move\\\/?s={search_term_string}\"},\"query-input\":{\"@type\":\"PropertyValueSpecification\",\"valueRequired\":true,\"valueName\":\"search_term_string\"}}],\"inLanguage\":\"de\"},{\"@type\":[\"Person\",\"Organization\"],\"@id\":\"https:\\\/\\\/www.johannes-sieber.ch\\\/move\\\/#\\\/schema\\\/person\\\/d92682c5f067a49d1c1f925bd5422e14\",\"name\":\"Johannes Sieber\",\"image\":{\"@type\":\"ImageObject\",\"inLanguage\":\"de\",\"@id\":\"https:\\\/\\\/secure.gravatar.com\\\/avatar\\\/31f81941f5205fb74a8b0f15334401b3be15721e177e88208533a81bf8dae247?s=96&d=mm&r=g\",\"url\":\"https:\\\/\\\/secure.gravatar.com\\\/avatar\\\/31f81941f5205fb74a8b0f15334401b3be15721e177e88208533a81bf8dae247?s=96&d=mm&r=g\",\"contentUrl\":\"https:\\\/\\\/secure.gravatar.com\\\/avatar\\\/31f81941f5205fb74a8b0f15334401b3be15721e177e88208533a81bf8dae247?s=96&d=mm&r=g\",\"caption\":\"Johannes Sieber\"},\"logo\":{\"@id\":\"https:\\\/\\\/secure.gravatar.com\\\/avatar\\\/31f81941f5205fb74a8b0f15334401b3be15721e177e88208533a81bf8dae247?s=96&d=mm&r=g\"},\"sameAs\":[\"https:\\\/\\\/www.johannes-sieber.ch\\\/\",\"https:\\\/\\\/www.instagram.com\\\/johannes__sieber\",\"https:\\\/\\\/x.com\\\/https:\\\/\\\/twitter.com\\\/JohannesSieber\"],\"url\":\"https:\\\/\\\/www.johannes-sieber.ch\\\/move\\\/author\\\/admin\\\/\"}]}<\/script>\n<!-- \/ Yoast SEO plugin. -->","yoast_head_json":{"title":"Esther Keller for President - Johannes Sieber","robots":{"index":"index","follow":"follow","max-snippet":"max-snippet:-1","max-image-preview":"max-image-preview:large","max-video-preview":"max-video-preview:-1"},"canonical":"https:\/\/www.johannes-sieber.ch\/move\/esther-keller-for-president\/","og_locale":"de_DE","og_type":"article","og_title":"Esther Keller for President - Johannes Sieber","og_description":"Ich w\u00e4hle Esther Keller in die Regierung von Basel-Stadt. Sie soll unsere Stadt als Pr\u00e4sidentin vertreten. Sie hat die dazu n\u00f6tigen kommunikativen F\u00e4higkeiten und ihre progressiven politischen Positionen f\u00fchren uns in die Zukunft, in der...","og_url":"https:\/\/www.johannes-sieber.ch\/move\/esther-keller-for-president\/","og_site_name":"Johannes Sieber","article_published_time":"2020-09-23T12:36:02+00:00","article_modified_time":"2020-09-26T08:40:16+00:00","og_image":[{"width":2560,"height":1437,"url":"https:\/\/www.johannes-sieber.ch\/move\/wp-content\/uploads\/2020\/09\/estherkeller-scaled.jpg","type":"image\/jpeg"}],"author":"Johannes Sieber","twitter_card":"summary_large_image","twitter_creator":"@https:\/\/twitter.com\/JohannesSieber","twitter_site":"@JohannesSieber","twitter_misc":{"Verfasst von":"Johannes Sieber","Gesch\u00e4tzte Lesezeit":"2\u00a0Minuten"},"schema":{"@context":"https:\/\/schema.org","@graph":[{"@type":"Article","@id":"https:\/\/www.johannes-sieber.ch\/move\/esther-keller-for-president\/#article","isPartOf":{"@id":"https:\/\/www.johannes-sieber.ch\/move\/esther-keller-for-president\/"},"author":{"name":"Johannes Sieber","@id":"https:\/\/www.johannes-sieber.ch\/move\/#\/schema\/person\/d92682c5f067a49d1c1f925bd5422e14"},"headline":"Esther Keller for President","datePublished":"2020-09-23T12:36:02+00:00","dateModified":"2020-09-26T08:40:16+00:00","mainEntityOfPage":{"@id":"https:\/\/www.johannes-sieber.ch\/move\/esther-keller-for-president\/"},"wordCount":326,"publisher":{"@id":"https:\/\/www.johannes-sieber.ch\/move\/#\/schema\/person\/d92682c5f067a49d1c1f925bd5422e14"},"image":{"@id":"https:\/\/www.johannes-sieber.ch\/move\/esther-keller-for-president\/#primaryimage"},"thumbnailUrl":"https:\/\/www.johannes-sieber.ch\/move\/wp-content\/uploads\/2020\/09\/estherkeller-scaled.jpg","keywords":["Position","Wahlen"],"articleSection":["Position"],"inLanguage":"de"},{"@type":"WebPage","@id":"https:\/\/www.johannes-sieber.ch\/move\/esther-keller-for-president\/","url":"https:\/\/www.johannes-sieber.ch\/move\/esther-keller-for-president\/","name":"Esther Keller for President - Johannes Sieber","isPartOf":{"@id":"https:\/\/www.johannes-sieber.ch\/move\/#website"},"primaryImageOfPage":{"@id":"https:\/\/www.johannes-sieber.ch\/move\/esther-keller-for-president\/#primaryimage"},"image":{"@id":"https:\/\/www.johannes-sieber.ch\/move\/esther-keller-for-president\/#primaryimage"},"thumbnailUrl":"https:\/\/www.johannes-sieber.ch\/move\/wp-content\/uploads\/2020\/09\/estherkeller-scaled.jpg","datePublished":"2020-09-23T12:36:02+00:00","dateModified":"2020-09-26T08:40:16+00:00","breadcrumb":{"@id":"https:\/\/www.johannes-sieber.ch\/move\/esther-keller-for-president\/#breadcrumb"},"inLanguage":"de","potentialAction":[{"@type":"ReadAction","target":["https:\/\/www.johannes-sieber.ch\/move\/esther-keller-for-president\/"]}]},{"@type":"ImageObject","inLanguage":"de","@id":"https:\/\/www.johannes-sieber.ch\/move\/esther-keller-for-president\/#primaryimage","url":"https:\/\/www.johannes-sieber.ch\/move\/wp-content\/uploads\/2020\/09\/estherkeller-scaled.jpg","contentUrl":"https:\/\/www.johannes-sieber.ch\/move\/wp-content\/uploads\/2020\/09\/estherkeller-scaled.jpg","width":2560,"height":1437,"caption":"Esther Keller"},{"@type":"BreadcrumbList","@id":"https:\/\/www.johannes-sieber.ch\/move\/esther-keller-for-president\/#breadcrumb","itemListElement":[{"@type":"ListItem","position":1,"name":"Startseite","item":"https:\/\/www.johannes-sieber.ch\/move\/"},{"@type":"ListItem","position":2,"name":"Esther Keller for President"}]},{"@type":"WebSite","@id":"https:\/\/www.johannes-sieber.ch\/move\/#website","url":"https:\/\/www.johannes-sieber.ch\/move\/","name":"Johannes Sieber","description":"Notizen zu Kultur, Klima, Stadt &amp; Menschen","publisher":{"@id":"https:\/\/www.johannes-sieber.ch\/move\/#\/schema\/person\/d92682c5f067a49d1c1f925bd5422e14"},"potentialAction":[{"@type":"SearchAction","target":{"@type":"EntryPoint","urlTemplate":"https:\/\/www.johannes-sieber.ch\/move\/?s={search_term_string}"},"query-input":{"@type":"PropertyValueSpecification","valueRequired":true,"valueName":"search_term_string"}}],"inLanguage":"de"},{"@type":["Person","Organization"],"@id":"https:\/\/www.johannes-sieber.ch\/move\/#\/schema\/person\/d92682c5f067a49d1c1f925bd5422e14","name":"Johannes Sieber","image":{"@type":"ImageObject","inLanguage":"de","@id":"https:\/\/secure.gravatar.com\/avatar\/31f81941f5205fb74a8b0f15334401b3be15721e177e88208533a81bf8dae247?s=96&d=mm&r=g","url":"https:\/\/secure.gravatar.com\/avatar\/31f81941f5205fb74a8b0f15334401b3be15721e177e88208533a81bf8dae247?s=96&d=mm&r=g","contentUrl":"https:\/\/secure.gravatar.com\/avatar\/31f81941f5205fb74a8b0f15334401b3be15721e177e88208533a81bf8dae247?s=96&d=mm&r=g","caption":"Johannes Sieber"},"logo":{"@id":"https:\/\/secure.gravatar.com\/avatar\/31f81941f5205fb74a8b0f15334401b3be15721e177e88208533a81bf8dae247?s=96&d=mm&r=g"},"sameAs":["https:\/\/www.johannes-sieber.ch\/","https:\/\/www.instagram.com\/johannes__sieber","https:\/\/x.com\/https:\/\/twitter.com\/JohannesSieber"],"url":"https:\/\/www.johannes-sieber.ch\/move\/author\/admin\/"}]}},"jetpack_featured_media_url":"https:\/\/www.johannes-sieber.ch\/move\/wp-content\/uploads\/2020\/09\/estherkeller-scaled.jpg","jetpack_sharing_enabled":true,"_links":{"self":[{"href":"https:\/\/www.johannes-sieber.ch\/move\/wp-json\/wp\/v2\/posts\/3121","targetHints":{"allow":["GET"]}}],"collection":[{"href":"https:\/\/www.johannes-sieber.ch\/move\/wp-json\/wp\/v2\/posts"}],"about":[{"href":"https:\/\/www.johannes-sieber.ch\/move\/wp-json\/wp\/v2\/types\/post"}],"author":[{"embeddable":true,"href":"https:\/\/www.johannes-sieber.ch\/move\/wp-json\/wp\/v2\/users\/1"}],"replies":[{"embeddable":true,"href":"https:\/\/www.johannes-sieber.ch\/move\/wp-json\/wp\/v2\/comments?post=3121"}],"version-history":[{"count":27,"href":"https:\/\/www.johannes-sieber.ch\/move\/wp-json\/wp\/v2\/posts\/3121\/revisions"}],"predecessor-version":[{"id":3198,"href":"https:\/\/www.johannes-sieber.ch\/move\/wp-json\/wp\/v2\/posts\/3121\/revisions\/3198"}],"wp:featuredmedia":[{"embeddable":true,"href":"https:\/\/www.johannes-sieber.ch\/move\/wp-json\/wp\/v2\/media\/3123"}],"wp:attachment":[{"href":"https:\/\/www.johannes-sieber.ch\/move\/wp-json\/wp\/v2\/media?parent=3121"}],"wp:term":[{"taxonomy":"category","embeddable":true,"href":"https:\/\/www.johannes-sieber.ch\/move\/wp-json\/wp\/v2\/categories?post=3121"},{"taxonomy":"post_tag","embeddable":true,"href":"https:\/\/www.johannes-sieber.ch\/move\/wp-json\/wp\/v2\/tags?post=3121"}],"curies":[{"name":"wp","href":"https:\/\/api.w.org\/{rel}","templated":true}]}}