{"id":3160,"date":"2020-09-24T15:10:14","date_gmt":"2020-09-24T14:10:14","guid":{"rendered":"https:\/\/www.johannes-sieber.ch\/move\/?p=3160"},"modified":"2020-09-29T05:16:39","modified_gmt":"2020-09-29T04:16:39","slug":"anpassung-geschlechtsidentitaet","status":"publish","type":"post","link":"https:\/\/www.johannes-sieber.ch\/move\/anpassung-geschlechtsidentitaet\/","title":{"rendered":"Anpassung Geschlecht"},"content":{"rendered":"\n<p>Es ist ein ewig Ding um das Menschengeschlecht. Hoffentlich nicht mehr ganz so lange. Ein erster grosser Schritt dazu hat der Nationalrat heute gemacht: Der Wechsel der Geschlechtsidentit\u00e4t auf amtlichen Papieren soll einfacher werden. Und das ist gut so.<\/p>\n\n\n\n<p>F\u00fcr die meisten von uns stellt sich die Frage nicht, ob wir Junge oder M\u00e4dchen, Mann oder Frau sind. Wir sind es einfach. Das geht vielen anders und ich muss zugeben, dass ich lange nicht verstanden habe warum.<\/p>\n\n\n\n<p>Fakt ist, dass es sehr viele Menschen gibt, f\u00fcr welche die Diskrepanz zwischen zugeordnetem und empfundenem Geschlecht derart gross ist, dass sie darunter leiden. Aufgrund von Bartwuchs oder anderen K\u00f6rpermerkmalen st\u00e4ndig als etwas gelesen zu werden, das man nicht ist \u2013 das bedeutet Stress. Stress, der den Alltag und das Leben bestimmt. Darum ist die Selbstmordrate bei Menschen mit Transidentit\u00e4t signifikant h\u00f6her als bei (uns?) Cis-Menschen, die sich mit der ihnen zugeordneten Geschlechtsidentit\u00e4t stimmig f\u00fchlen.<\/p>\n\n\n\n<p>Die eigene Biographie und der pers\u00f6nliche Bezug zu Geschlecht, Gender und Identit\u00e4t ist darum gar nicht relevant f\u00fcr die Anerkennung des Leids von Menschen, f\u00fcr die das anders ist. Darum ist es gut, dass der Nationalrat heute, zumindest auf administrativer Ebene, ein unn\u00f6tiges Hindernis beseitigt hat. Die offizielle Schweiz anerkennt damit nicht nur das Leiden, sondern Menschen in ihrer Identit\u00e4t. Und das schafft ein St\u00fcck Freiheit, die ganz bestimmt niemandem etwas nimmt.<\/p>\n\n\n\n<p>Als n\u00e4chstes wird der St\u00e4nderat dar\u00fcber befinden.<\/p>\n\n\n\n<p class=\"hinweisbox\">Website: <br>Genderbread Person <br><a rel=\"noreferrer noopener\" href=\"https:\/\/www.genderbread.org\" target=\"_blank\">www.genderbread.org<\/a> <\/p>\n\n\n\n<p class=\"hinweisbox\">Online: SRF, Gesellschaft, Ethik, Religion <br>Er \u2013 sie \u2013 was? \u2013 Wenn das Geschlecht nicht fix ist <br><a rel=\"noreferrer noopener\" href=\"https:\/\/www.srf.ch\/sendungen\/myschool\/er-sie-was-wenn-das-geschlecht-nicht-fix-ist\" target=\"_blank\">Schweizer Radio und Fernsehen<\/a> <\/p>\n\n\n\n<p class=\"hinweisbox\">Fernsehen: SRF, 10vor10, 23.09.2020 <br>Mias Geschichtze <br><a rel=\"noreferrer noopener\" href=\"https:\/\/www.srf.ch\/play\/tv\/10vor10\/video\/mias-geschichte?urn=urn:srf:video:71eceea9-874d-4962-9e4f-cb79b0ad2805\" target=\"_blank\">Schweizer Radio und Fernsehen<\/a> <\/p>\n\n\n\n<p class=\"hinweisbox\">Fernsehen: SRF, 24.09.2020 <br>Wechsel der Geschlechtsidentit\u00e4t bald einfacher <br><a rel=\"noreferrer noopener\" href=\"https:\/\/www.srf.ch\/news\/schweiz\/beide-raete-nahezug-einig-wechsel-der-geschlechtsidentitaet-bald-einfacher\" target=\"_blank\">Schweizer Radio und Fernsehen<\/a> <\/p>\n\n\n\n<p class=\"hinweisbox\">Website <br>Transgender Network Switzerland <br><a rel=\"noreferrer noopener\" href=\"https:\/\/www.tgns.ch\/de\/\" target=\"_blank\">www.tgns.ch<\/a> <\/p>\n\n\n\n<p class=\"fotoquelle\">Foto zur Notiz: SRF<\/p>\n","protected":false},"excerpt":{"rendered":"<p>Es ist ein ewig Ding um das Menschengeschlecht. Hoffentlich nicht mehr ganz so lange. Ein erster grosser Schritt dazu hat der Nationalrat heute gemacht: Der Wechsel der Geschlechtsidentit\u00e4t auf amtlichen Papieren soll einfacher werden. Und&#8230;<\/p>\n","protected":false},"author":1,"featured_media":0,"comment_status":"closed","ping_status":"open","sticky":false,"template":"","format":"standard","meta":{"_jetpack_memberships_contains_paid_content":false,"footnotes":""},"categories":[38,36],"tags":[40],"class_list":["post-3160","post","type-post","status-publish","format-standard","hentry","category-gleichstellung","category-position","tag-lgbtiq"],"yoast_head":"<!-- This site is optimized with the Yoast SEO plugin v27.4 - https:\/\/yoast.com\/product\/yoast-seo-wordpress\/ -->\n<title>Anpassung Geschlecht - Johannes Sieber<\/title>\n<meta name=\"robots\" content=\"index, follow, max-snippet:-1, max-image-preview:large, max-video-preview:-1\" \/>\n<link rel=\"canonical\" href=\"https:\/\/www.johannes-sieber.ch\/move\/anpassung-geschlechtsidentitaet\/\" \/>\n<meta property=\"og:locale\" content=\"de_DE\" \/>\n<meta property=\"og:type\" content=\"article\" \/>\n<meta property=\"og:title\" content=\"Anpassung Geschlecht - Johannes Sieber\" \/>\n<meta property=\"og:description\" content=\"Es ist ein ewig Ding um das Menschengeschlecht. Hoffentlich nicht mehr ganz so lange. Ein erster grosser Schritt dazu hat der Nationalrat heute gemacht: Der Wechsel der Geschlechtsidentit\u00e4t auf amtlichen Papieren soll einfacher werden. Und...\" \/>\n<meta property=\"og:url\" content=\"https:\/\/www.johannes-sieber.ch\/move\/anpassung-geschlechtsidentitaet\/\" \/>\n<meta property=\"og:site_name\" content=\"Johannes Sieber\" \/>\n<meta property=\"article:published_time\" content=\"2020-09-24T14:10:14+00:00\" \/>\n<meta property=\"article:modified_time\" content=\"2020-09-29T04:16:39+00:00\" \/>\n<meta property=\"og:image\" content=\"https:\/\/www.johannes-sieber.ch\/move\/wp-content\/uploads\/2020\/09\/transgender_symbol_hand.png\" \/>\n\t<meta property=\"og:image:width\" content=\"2470\" \/>\n\t<meta property=\"og:image:height\" content=\"1480\" \/>\n\t<meta property=\"og:image:type\" content=\"image\/png\" \/>\n<meta name=\"author\" content=\"Johannes Sieber\" \/>\n<meta name=\"twitter:card\" content=\"summary_large_image\" \/>\n<meta name=\"twitter:creator\" content=\"@https:\/\/twitter.com\/JohannesSieber\" \/>\n<meta name=\"twitter:site\" content=\"@JohannesSieber\" \/>\n<meta name=\"twitter:label1\" content=\"Verfasst von\" \/>\n\t<meta name=\"twitter:data1\" content=\"Johannes Sieber\" \/>\n\t<meta name=\"twitter:label2\" content=\"Gesch\u00e4tzte Lesezeit\" \/>\n\t<meta name=\"twitter:data2\" content=\"2\u00a0Minuten\" \/>\n<script type=\"application\/ld+json\" class=\"yoast-schema-graph\">{\"@context\":\"https:\\\/\\\/schema.org\",\"@graph\":[{\"@type\":\"Article\",\"@id\":\"https:\\\/\\\/www.johannes-sieber.ch\\\/move\\\/anpassung-geschlechtsidentitaet\\\/#article\",\"isPartOf\":{\"@id\":\"https:\\\/\\\/www.johannes-sieber.ch\\\/move\\\/anpassung-geschlechtsidentitaet\\\/\"},\"author\":{\"name\":\"Johannes Sieber\",\"@id\":\"https:\\\/\\\/www.johannes-sieber.ch\\\/move\\\/#\\\/schema\\\/person\\\/d92682c5f067a49d1c1f925bd5422e14\"},\"headline\":\"Anpassung Geschlecht\",\"datePublished\":\"2020-09-24T14:10:14+00:00\",\"dateModified\":\"2020-09-29T04:16:39+00:00\",\"mainEntityOfPage\":{\"@id\":\"https:\\\/\\\/www.johannes-sieber.ch\\\/move\\\/anpassung-geschlechtsidentitaet\\\/\"},\"wordCount\":308,\"publisher\":{\"@id\":\"https:\\\/\\\/www.johannes-sieber.ch\\\/move\\\/#\\\/schema\\\/person\\\/d92682c5f067a49d1c1f925bd5422e14\"},\"keywords\":[\"LGBTIQ\"],\"articleSection\":[\"Gleichstellung\",\"Position\"],\"inLanguage\":\"de\"},{\"@type\":\"WebPage\",\"@id\":\"https:\\\/\\\/www.johannes-sieber.ch\\\/move\\\/anpassung-geschlechtsidentitaet\\\/\",\"url\":\"https:\\\/\\\/www.johannes-sieber.ch\\\/move\\\/anpassung-geschlechtsidentitaet\\\/\",\"name\":\"Anpassung Geschlecht - Johannes Sieber\",\"isPartOf\":{\"@id\":\"https:\\\/\\\/www.johannes-sieber.ch\\\/move\\\/#website\"},\"datePublished\":\"2020-09-24T14:10:14+00:00\",\"dateModified\":\"2020-09-29T04:16:39+00:00\",\"breadcrumb\":{\"@id\":\"https:\\\/\\\/www.johannes-sieber.ch\\\/move\\\/anpassung-geschlechtsidentitaet\\\/#breadcrumb\"},\"inLanguage\":\"de\",\"potentialAction\":[{\"@type\":\"ReadAction\",\"target\":[\"https:\\\/\\\/www.johannes-sieber.ch\\\/move\\\/anpassung-geschlechtsidentitaet\\\/\"]}]},{\"@type\":\"BreadcrumbList\",\"@id\":\"https:\\\/\\\/www.johannes-sieber.ch\\\/move\\\/anpassung-geschlechtsidentitaet\\\/#breadcrumb\",\"itemListElement\":[{\"@type\":\"ListItem\",\"position\":1,\"name\":\"Startseite\",\"item\":\"https:\\\/\\\/www.johannes-sieber.ch\\\/move\\\/\"},{\"@type\":\"ListItem\",\"position\":2,\"name\":\"Anpassung Geschlecht\"}]},{\"@type\":\"WebSite\",\"@id\":\"https:\\\/\\\/www.johannes-sieber.ch\\\/move\\\/#website\",\"url\":\"https:\\\/\\\/www.johannes-sieber.ch\\\/move\\\/\",\"name\":\"Johannes Sieber\",\"description\":\"Notizen zu Kultur, Klima, Stadt &amp; Menschen\",\"publisher\":{\"@id\":\"https:\\\/\\\/www.johannes-sieber.ch\\\/move\\\/#\\\/schema\\\/person\\\/d92682c5f067a49d1c1f925bd5422e14\"},\"potentialAction\":[{\"@type\":\"SearchAction\",\"target\":{\"@type\":\"EntryPoint\",\"urlTemplate\":\"https:\\\/\\\/www.johannes-sieber.ch\\\/move\\\/?s={search_term_string}\"},\"query-input\":{\"@type\":\"PropertyValueSpecification\",\"valueRequired\":true,\"valueName\":\"search_term_string\"}}],\"inLanguage\":\"de\"},{\"@type\":[\"Person\",\"Organization\"],\"@id\":\"https:\\\/\\\/www.johannes-sieber.ch\\\/move\\\/#\\\/schema\\\/person\\\/d92682c5f067a49d1c1f925bd5422e14\",\"name\":\"Johannes Sieber\",\"image\":{\"@type\":\"ImageObject\",\"inLanguage\":\"de\",\"@id\":\"https:\\\/\\\/secure.gravatar.com\\\/avatar\\\/31f81941f5205fb74a8b0f15334401b3be15721e177e88208533a81bf8dae247?s=96&d=mm&r=g\",\"url\":\"https:\\\/\\\/secure.gravatar.com\\\/avatar\\\/31f81941f5205fb74a8b0f15334401b3be15721e177e88208533a81bf8dae247?s=96&d=mm&r=g\",\"contentUrl\":\"https:\\\/\\\/secure.gravatar.com\\\/avatar\\\/31f81941f5205fb74a8b0f15334401b3be15721e177e88208533a81bf8dae247?s=96&d=mm&r=g\",\"caption\":\"Johannes Sieber\"},\"logo\":{\"@id\":\"https:\\\/\\\/secure.gravatar.com\\\/avatar\\\/31f81941f5205fb74a8b0f15334401b3be15721e177e88208533a81bf8dae247?s=96&d=mm&r=g\"},\"sameAs\":[\"https:\\\/\\\/www.johannes-sieber.ch\\\/\",\"https:\\\/\\\/www.instagram.com\\\/johannes__sieber\",\"https:\\\/\\\/x.com\\\/https:\\\/\\\/twitter.com\\\/JohannesSieber\"],\"url\":\"https:\\\/\\\/www.johannes-sieber.ch\\\/move\\\/author\\\/admin\\\/\"}]}<\/script>\n<!-- \/ Yoast SEO plugin. -->","yoast_head_json":{"title":"Anpassung Geschlecht - Johannes Sieber","robots":{"index":"index","follow":"follow","max-snippet":"max-snippet:-1","max-image-preview":"max-image-preview:large","max-video-preview":"max-video-preview:-1"},"canonical":"https:\/\/www.johannes-sieber.ch\/move\/anpassung-geschlechtsidentitaet\/","og_locale":"de_DE","og_type":"article","og_title":"Anpassung Geschlecht - Johannes Sieber","og_description":"Es ist ein ewig Ding um das Menschengeschlecht. Hoffentlich nicht mehr ganz so lange. Ein erster grosser Schritt dazu hat der Nationalrat heute gemacht: Der Wechsel der Geschlechtsidentit\u00e4t auf amtlichen Papieren soll einfacher werden. Und...","og_url":"https:\/\/www.johannes-sieber.ch\/move\/anpassung-geschlechtsidentitaet\/","og_site_name":"Johannes Sieber","article_published_time":"2020-09-24T14:10:14+00:00","article_modified_time":"2020-09-29T04:16:39+00:00","og_image":[{"width":2470,"height":1480,"url":"https:\/\/www.johannes-sieber.ch\/move\/wp-content\/uploads\/2020\/09\/transgender_symbol_hand.png","type":"image\/png"}],"author":"Johannes Sieber","twitter_card":"summary_large_image","twitter_creator":"@https:\/\/twitter.com\/JohannesSieber","twitter_site":"@JohannesSieber","twitter_misc":{"Verfasst von":"Johannes Sieber","Gesch\u00e4tzte Lesezeit":"2\u00a0Minuten"},"schema":{"@context":"https:\/\/schema.org","@graph":[{"@type":"Article","@id":"https:\/\/www.johannes-sieber.ch\/move\/anpassung-geschlechtsidentitaet\/#article","isPartOf":{"@id":"https:\/\/www.johannes-sieber.ch\/move\/anpassung-geschlechtsidentitaet\/"},"author":{"name":"Johannes Sieber","@id":"https:\/\/www.johannes-sieber.ch\/move\/#\/schema\/person\/d92682c5f067a49d1c1f925bd5422e14"},"headline":"Anpassung Geschlecht","datePublished":"2020-09-24T14:10:14+00:00","dateModified":"2020-09-29T04:16:39+00:00","mainEntityOfPage":{"@id":"https:\/\/www.johannes-sieber.ch\/move\/anpassung-geschlechtsidentitaet\/"},"wordCount":308,"publisher":{"@id":"https:\/\/www.johannes-sieber.ch\/move\/#\/schema\/person\/d92682c5f067a49d1c1f925bd5422e14"},"keywords":["LGBTIQ"],"articleSection":["Gleichstellung","Position"],"inLanguage":"de"},{"@type":"WebPage","@id":"https:\/\/www.johannes-sieber.ch\/move\/anpassung-geschlechtsidentitaet\/","url":"https:\/\/www.johannes-sieber.ch\/move\/anpassung-geschlechtsidentitaet\/","name":"Anpassung Geschlecht - Johannes Sieber","isPartOf":{"@id":"https:\/\/www.johannes-sieber.ch\/move\/#website"},"datePublished":"2020-09-24T14:10:14+00:00","dateModified":"2020-09-29T04:16:39+00:00","breadcrumb":{"@id":"https:\/\/www.johannes-sieber.ch\/move\/anpassung-geschlechtsidentitaet\/#breadcrumb"},"inLanguage":"de","potentialAction":[{"@type":"ReadAction","target":["https:\/\/www.johannes-sieber.ch\/move\/anpassung-geschlechtsidentitaet\/"]}]},{"@type":"BreadcrumbList","@id":"https:\/\/www.johannes-sieber.ch\/move\/anpassung-geschlechtsidentitaet\/#breadcrumb","itemListElement":[{"@type":"ListItem","position":1,"name":"Startseite","item":"https:\/\/www.johannes-sieber.ch\/move\/"},{"@type":"ListItem","position":2,"name":"Anpassung Geschlecht"}]},{"@type":"WebSite","@id":"https:\/\/www.johannes-sieber.ch\/move\/#website","url":"https:\/\/www.johannes-sieber.ch\/move\/","name":"Johannes Sieber","description":"Notizen zu Kultur, Klima, Stadt &amp; Menschen","publisher":{"@id":"https:\/\/www.johannes-sieber.ch\/move\/#\/schema\/person\/d92682c5f067a49d1c1f925bd5422e14"},"potentialAction":[{"@type":"SearchAction","target":{"@type":"EntryPoint","urlTemplate":"https:\/\/www.johannes-sieber.ch\/move\/?s={search_term_string}"},"query-input":{"@type":"PropertyValueSpecification","valueRequired":true,"valueName":"search_term_string"}}],"inLanguage":"de"},{"@type":["Person","Organization"],"@id":"https:\/\/www.johannes-sieber.ch\/move\/#\/schema\/person\/d92682c5f067a49d1c1f925bd5422e14","name":"Johannes Sieber","image":{"@type":"ImageObject","inLanguage":"de","@id":"https:\/\/secure.gravatar.com\/avatar\/31f81941f5205fb74a8b0f15334401b3be15721e177e88208533a81bf8dae247?s=96&d=mm&r=g","url":"https:\/\/secure.gravatar.com\/avatar\/31f81941f5205fb74a8b0f15334401b3be15721e177e88208533a81bf8dae247?s=96&d=mm&r=g","contentUrl":"https:\/\/secure.gravatar.com\/avatar\/31f81941f5205fb74a8b0f15334401b3be15721e177e88208533a81bf8dae247?s=96&d=mm&r=g","caption":"Johannes Sieber"},"logo":{"@id":"https:\/\/secure.gravatar.com\/avatar\/31f81941f5205fb74a8b0f15334401b3be15721e177e88208533a81bf8dae247?s=96&d=mm&r=g"},"sameAs":["https:\/\/www.johannes-sieber.ch\/","https:\/\/www.instagram.com\/johannes__sieber","https:\/\/x.com\/https:\/\/twitter.com\/JohannesSieber"],"url":"https:\/\/www.johannes-sieber.ch\/move\/author\/admin\/"}]}},"jetpack_featured_media_url":"","jetpack_sharing_enabled":true,"_links":{"self":[{"href":"https:\/\/www.johannes-sieber.ch\/move\/wp-json\/wp\/v2\/posts\/3160","targetHints":{"allow":["GET"]}}],"collection":[{"href":"https:\/\/www.johannes-sieber.ch\/move\/wp-json\/wp\/v2\/posts"}],"about":[{"href":"https:\/\/www.johannes-sieber.ch\/move\/wp-json\/wp\/v2\/types\/post"}],"author":[{"embeddable":true,"href":"https:\/\/www.johannes-sieber.ch\/move\/wp-json\/wp\/v2\/users\/1"}],"replies":[{"embeddable":true,"href":"https:\/\/www.johannes-sieber.ch\/move\/wp-json\/wp\/v2\/comments?post=3160"}],"version-history":[{"count":33,"href":"https:\/\/www.johannes-sieber.ch\/move\/wp-json\/wp\/v2\/posts\/3160\/revisions"}],"predecessor-version":[{"id":3228,"href":"https:\/\/www.johannes-sieber.ch\/move\/wp-json\/wp\/v2\/posts\/3160\/revisions\/3228"}],"wp:attachment":[{"href":"https:\/\/www.johannes-sieber.ch\/move\/wp-json\/wp\/v2\/media?parent=3160"}],"wp:term":[{"taxonomy":"category","embeddable":true,"href":"https:\/\/www.johannes-sieber.ch\/move\/wp-json\/wp\/v2\/categories?post=3160"},{"taxonomy":"post_tag","embeddable":true,"href":"https:\/\/www.johannes-sieber.ch\/move\/wp-json\/wp\/v2\/tags?post=3160"}],"curies":[{"name":"wp","href":"https:\/\/api.w.org\/{rel}","templated":true}]}}