{"id":3489,"date":"2020-11-07T11:50:35","date_gmt":"2020-11-07T10:50:35","guid":{"rendered":"https:\/\/www.johannes-sieber.ch\/move\/?p=3489"},"modified":"2020-11-18T09:40:38","modified_gmt":"2020-11-18T08:40:38","slug":"was-bringt-symbolpolitik","status":"publish","type":"post","link":"https:\/\/www.johannes-sieber.ch\/move\/was-bringt-symbolpolitik\/","title":{"rendered":"Was bringt Symbolpolitik?"},"content":{"rendered":"\n<p>W\u00e4hrend in den USA der noch-Pr\u00e4sident Donald Trump seine W\u00e4hlerstimmen im Susquehanna River den Bundesstaat Pennsylvania hinunter schwimmen sieht und er aufgrund verwirrter TV-Auftritte aus Live-\u00dcbertragungen geschnitten werden muss, l\u00e4uft sich die Schweiz warm f\u00fcr ein n\u00e4chstes Abstimmungs-Wochenende. Mit einigen Parallelen bez\u00fcglich Gespr\u00e4chskultur.<\/p>\n\n\n\n<p>Gleich zwei Initiativen bitten am 29. November zur Urne, die an Symbolik nichts zu w\u00fcnschen \u00fcbrig lassen. Die Konzernverantwortungsinitiative (KVI) will, dass Konzerne ihre Verantwortung gegen\u00fcber Umwelt und Menschenrechten wahr nehmen, und die Kriegsgesch\u00e4fte-Initiative (GSoA-Initiative) will der Waffenindustrie den Geldhahn zudrehen.<\/p>\n\n\n\n<p>Was gibt es da noch zu \u00fcberlegen? 2 x Ja! Oder?<\/p>\n\n\n\n<p>K\u00f6nnte man meinen. Doch sp\u00e4testens nach der Arena von gestern Freitag ist (zumindest im Bezug auf die GSoA-Initiative) klar: So einfach ist es nicht. Je gut 25 Minuten redeten die Berf\u00fcrworter (u.a. Lewin Lempert, GsoA; Julia K\u00fcng, Junge Gr\u00fcne) und Gegner (u.a. Guy Parmelin, Bundesrat; Maja Riniker, FDP) der Initiative aneinander vorbei und konterten die Argumente der Gegen\u00fcber gef\u00fchlte 100 Mal mit \u00abdas stimmt nicht\u00bb.<\/p>\n\n\n\n<p>Ja, was denn nun?<\/p>\n\n\n\n<p>Bundesrat und Parlament empfehlen beide Initiativen abzulehen. Die KVI w\u00fcrde zu Rechtsunsicherheit f\u00fchren, die GSoA-Initaitive w\u00fcrde ihr Ziel verfehlen. Bestehende Gesetze w\u00fcrden ausreichen. Beide Initiativen w\u00fcrden den Finanz- resp. Wirtschaftstandort schw\u00e4chen und KMUs gef\u00e4hrden. Die Ziele k\u00f6nnten nur mit international abgestimmten Abkommen erreicht werden.<\/p>\n\n\n\n<p>Die Bef\u00fcrworter hingegen setzen auf Ethik und Moral: Unternehmen, die etwa auf Kinderarbeit setzen oder Fl\u00fcsse vergiften, sollen neu nach Schweizer Recht daf\u00fcr geradestehen. R\u00fccksichtslosigkeit d\u00fcrfe kein Wettbewerbsvorteil sein (KVI). Finanzinstitute sollen die Rendite zur Sicherung unserer Altersvorsorge fernab von R\u00fcstungsunternehmen erzielen (GSoA-Initiative).<\/p>\n\n\n\n<p>\u00dcberlegen ist also durchaus angezeigt. Denn ein Zeichen setzen, dem keine Wirkung folgt, ist nicht mehr als leere Symbolpolitik. Das kann man tun, bringt aber nichts. Symbol-Vorlagen werden so oder so sp\u00e4testens in der Gesetzgebung verw\u00e4ssert. Schadet auch nichts? Das wird sich zeigen.<\/p>\n\n\n\n<p><strong>Position: <\/strong>Ich stimme am 29. November 1 x Ja zur KVI, weil meiner Einsch\u00e4tzung nach die Auflagen f\u00fcr Unternehmen (z.B. Nachweis \u00dcberpr\u00fcfung) weniger einschneidend sind als behauptet wird und die Wirkung (meinetwegen Symbolkraft) auf Fragen zu Umwelt und Menschenrechte positiv und wichtig sind. Ich stimme 1 x Nein zur GSoA-Initaitive, weil ich meine, dass die existierenden Gesetze ausreichend sind und es vor allem strengere Kontrollen (resp. \u00fcberhaupt Kontrollen) braucht, um sie durchzusetzen. Die GSoA-Initaitive nimmt die ganze Maschinenindustrie unn\u00f6tig in Sippenhaft. Es leuchtet mir nicht ein, warum ein Hersteller von Platinen bestraft werden soll, weil seine Produkte nicht nur f\u00fcr Personal-Computer, sondern auch zur Steuerung von Luftabwehr-Einrichtungen eingesetzt werden k\u00f6nnen.<\/p>\n\n\n\n<p><em>Nachtrag vom 18.11.2020: Lisa Mathys hat mich freundlicherweise darauf aufmerksam gemacht, das sogenannte dual-use Produkte, also Produkte, die in unver\u00e4nderter Form sowohl f\u00fcr nicht-milit\u00e4rische Zwecke wie auch f\u00fcr milit\u00e4rische Zwecke verwendet werden k\u00f6nnen, nicht als Kriegsmaterial definiert sind. Der Platinenhersteller w\u00fcrde also erst vom geforderten Gesetz betroffen, wenn sein Unternehmen mehr als 5% des Umsatzes durch eine, f\u00fcr milit\u00e4rische Zwecke ver\u00e4nderte Platine erzielen w\u00fcrde. Dann w\u00e4ren finanzielle Investments von Nationalbank, Stiftungen und Pensionskassen mit Sitz in der Schweiz in diesen Platinenhersteller verboten.<\/em><\/p>\n\n\n\n<p class=\"hinweisbox\">Fernsehen: SRF Arena, 07.11.2020 <br>\u00abAbstimmungs-Arena\u00bb zur Kriegsgesch\u00e4fteinitiative <br><a rel=\"noreferrer noopener\" href=\"https:\/\/www.srf.ch\/play\/tv\/arena\/video\/abstimmungs-arena-zur-kriegsgeschaefteinitiative?urn=urn:srf:video:1d016bc9-2ab0-4460-9ca3-0276a3f6ed09\" target=\"_blank\">Schweizer Radio und Fernsehen<\/a> <\/p>\n\n\n\n<p class=\"hinweisbox\">Fernsehen: SRF Arena, 30.10.2020 <br>\u00abAbstimmungs-Arena\u00bb zur Konzernverantwortungsinitiative <br><a rel=\"noreferrer noopener\" href=\"https:\/\/www.srf.ch\/play\/tv\/arena\/video\/abstimmungs-arena-zur-konzernverantwortungsinitiative?urn=urn:srf:video:a1a54687-eae7-4579-9735-07a1a4227899\" target=\"_blank\">Schweizer Radio und Fernsehen<\/a> <\/p>\n\n\n\n<p class=\"hinweisbox\">Zeitung: Tagesanzeiger, 31.10.2020 <br>Banken vergeben Kredite an Produzenten von Atomwaffen Tagesanzeiger <br><a rel=\"noreferrer noopener\" href=\"https:\/\/www.tagesanzeiger.ch\/banken-vergeben-kredite-an-produzenten-von-atomwaffen-537832977063\" target=\"_blank\">Tagesanzeiger<\/a> <\/p>\n\n\n\n<p class=\"hinweisbox\">Zeitung: bzBasel <br>Dossier Kriegsgesch\u00e4fte-Initiative <br><a rel=\"noreferrer noopener\" href=\"https:\/\/www.bzbasel.ch\/dossier\/kriegsgesch%C3%A4fte-initiative\" target=\"_blank\">bz &#8211; Zeitung f\u00fcr die Region Basel<\/a> <\/p>\n\n\n\n<p class=\"hinweisbox\">Zeitung: bzBasel <br>Dossier Konzernverantwortungsinitiative <br><a rel=\"noreferrer noopener\" href=\"https:\/\/www.bzbasel.ch\/dossier\/konzernverantwortungsinitiative-abstimmung\" target=\"_blank\">bz &#8211; Zeitung f\u00fcr die Region Basel<\/a> <\/p>\n\n\n\n<p class=\"hinweisbox\">Zeitung: Tagesanzeiger, 4.11.2020 <br>Unsere Wirtschaft braucht dieses G\u00fctesiegel<br><a rel=\"noreferrer noopener\" href=\"https:\/\/www.tagesanzeiger.ch\/unsere-wirtschaft-braucht-dieses-guetesiegel-979535549906\" target=\"_blank\">Tagesanzeiger<\/a> <\/p>\n\n\n\n<p class=\"hinweisbox\">Online: Bundesrat <br>Volksabstimmung vom 29. November 2020 <br><a rel=\"noreferrer noopener\" href=\"https:\/\/www.admin.ch\/gov\/de\/start\/dokumentation\/abstimmungen\/20201129.html\" target=\"_blank\">Das Portal der Schweizer Regierung<\/a> <\/p>\n\n\n\n<p class=\"fotoquelle\">Foto zur Notiz: Adrian Moser <\/p>\n","protected":false},"excerpt":{"rendered":"<p>W\u00e4hrend in den USA der noch-Pr\u00e4sident Donald Trump seine W\u00e4hlerstimmen im Susquehanna River den Bundesstaat Pennsylvania hinunter schwimmen sieht und er aufgrund verwirrter TV-Auftritte aus Live-\u00dcbertragungen geschnitten werden muss, l\u00e4uft sich die Schweiz warm f\u00fcr&#8230;<\/p>\n","protected":false},"author":1,"featured_media":3491,"comment_status":"closed","ping_status":"open","sticky":false,"template":"","format":"standard","meta":{"_jetpack_memberships_contains_paid_content":false,"footnotes":""},"categories":[36],"tags":[65,82],"class_list":["post-3489","post","type-post","status-publish","format-standard","has-post-thumbnail","hentry","category-position","tag-abstimmung","tag-abstimmungen"],"yoast_head":"<!-- This site is optimized with the Yoast SEO plugin v27.5 - https:\/\/yoast.com\/product\/yoast-seo-wordpress\/ -->\n<title>Was bringt Symbolpolitik? - Johannes Sieber<\/title>\n<meta name=\"robots\" content=\"index, follow, max-snippet:-1, max-image-preview:large, max-video-preview:-1\" \/>\n<link rel=\"canonical\" href=\"https:\/\/www.johannes-sieber.ch\/move\/was-bringt-symbolpolitik\/\" \/>\n<meta property=\"og:locale\" content=\"de_DE\" \/>\n<meta property=\"og:type\" content=\"article\" \/>\n<meta property=\"og:title\" content=\"Was bringt Symbolpolitik? - Johannes Sieber\" \/>\n<meta property=\"og:description\" content=\"W\u00e4hrend in den USA der noch-Pr\u00e4sident Donald Trump seine W\u00e4hlerstimmen im Susquehanna River den Bundesstaat Pennsylvania hinunter schwimmen sieht und er aufgrund verwirrter TV-Auftritte aus Live-\u00dcbertragungen geschnitten werden muss, l\u00e4uft sich die Schweiz warm f\u00fcr...\" \/>\n<meta property=\"og:url\" content=\"https:\/\/www.johannes-sieber.ch\/move\/was-bringt-symbolpolitik\/\" \/>\n<meta property=\"og:site_name\" content=\"Johannes Sieber\" \/>\n<meta property=\"article:published_time\" content=\"2020-11-07T10:50:35+00:00\" \/>\n<meta property=\"article:modified_time\" content=\"2020-11-18T08:40:38+00:00\" \/>\n<meta property=\"og:image\" content=\"https:\/\/www.johannes-sieber.ch\/move\/wp-content\/uploads\/2020\/11\/grosi.jpg\" \/>\n\t<meta property=\"og:image:width\" content=\"1600\" \/>\n\t<meta property=\"og:image:height\" content=\"1067\" \/>\n\t<meta property=\"og:image:type\" content=\"image\/jpeg\" \/>\n<meta name=\"author\" content=\"Johannes Sieber\" \/>\n<meta name=\"twitter:card\" content=\"summary_large_image\" \/>\n<meta name=\"twitter:creator\" content=\"@https:\/\/twitter.com\/JohannesSieber\" \/>\n<meta name=\"twitter:site\" content=\"@JohannesSieber\" \/>\n<meta name=\"twitter:label1\" content=\"Verfasst von\" \/>\n\t<meta name=\"twitter:data1\" content=\"Johannes Sieber\" \/>\n\t<meta name=\"twitter:label2\" content=\"Gesch\u00e4tzte Lesezeit\" \/>\n\t<meta name=\"twitter:data2\" content=\"3\u00a0Minuten\" \/>\n<script type=\"application\/ld+json\" class=\"yoast-schema-graph\">{\"@context\":\"https:\\\/\\\/schema.org\",\"@graph\":[{\"@type\":\"Article\",\"@id\":\"https:\\\/\\\/www.johannes-sieber.ch\\\/move\\\/was-bringt-symbolpolitik\\\/#article\",\"isPartOf\":{\"@id\":\"https:\\\/\\\/www.johannes-sieber.ch\\\/move\\\/was-bringt-symbolpolitik\\\/\"},\"author\":{\"name\":\"Johannes Sieber\",\"@id\":\"https:\\\/\\\/www.johannes-sieber.ch\\\/move\\\/#\\\/schema\\\/person\\\/d92682c5f067a49d1c1f925bd5422e14\"},\"headline\":\"Was bringt Symbolpolitik?\",\"datePublished\":\"2020-11-07T10:50:35+00:00\",\"dateModified\":\"2020-11-18T08:40:38+00:00\",\"mainEntityOfPage\":{\"@id\":\"https:\\\/\\\/www.johannes-sieber.ch\\\/move\\\/was-bringt-symbolpolitik\\\/\"},\"wordCount\":617,\"publisher\":{\"@id\":\"https:\\\/\\\/www.johannes-sieber.ch\\\/move\\\/#\\\/schema\\\/person\\\/d92682c5f067a49d1c1f925bd5422e14\"},\"image\":{\"@id\":\"https:\\\/\\\/www.johannes-sieber.ch\\\/move\\\/was-bringt-symbolpolitik\\\/#primaryimage\"},\"thumbnailUrl\":\"https:\\\/\\\/www.johannes-sieber.ch\\\/move\\\/wp-content\\\/uploads\\\/2020\\\/11\\\/grosi.jpg\",\"keywords\":[\"Abstimmung\",\"Abstimmungen\"],\"articleSection\":[\"Position\"],\"inLanguage\":\"de\"},{\"@type\":\"WebPage\",\"@id\":\"https:\\\/\\\/www.johannes-sieber.ch\\\/move\\\/was-bringt-symbolpolitik\\\/\",\"url\":\"https:\\\/\\\/www.johannes-sieber.ch\\\/move\\\/was-bringt-symbolpolitik\\\/\",\"name\":\"Was bringt Symbolpolitik? - Johannes Sieber\",\"isPartOf\":{\"@id\":\"https:\\\/\\\/www.johannes-sieber.ch\\\/move\\\/#website\"},\"primaryImageOfPage\":{\"@id\":\"https:\\\/\\\/www.johannes-sieber.ch\\\/move\\\/was-bringt-symbolpolitik\\\/#primaryimage\"},\"image\":{\"@id\":\"https:\\\/\\\/www.johannes-sieber.ch\\\/move\\\/was-bringt-symbolpolitik\\\/#primaryimage\"},\"thumbnailUrl\":\"https:\\\/\\\/www.johannes-sieber.ch\\\/move\\\/wp-content\\\/uploads\\\/2020\\\/11\\\/grosi.jpg\",\"datePublished\":\"2020-11-07T10:50:35+00:00\",\"dateModified\":\"2020-11-18T08:40:38+00:00\",\"breadcrumb\":{\"@id\":\"https:\\\/\\\/www.johannes-sieber.ch\\\/move\\\/was-bringt-symbolpolitik\\\/#breadcrumb\"},\"inLanguage\":\"de\",\"potentialAction\":[{\"@type\":\"ReadAction\",\"target\":[\"https:\\\/\\\/www.johannes-sieber.ch\\\/move\\\/was-bringt-symbolpolitik\\\/\"]}]},{\"@type\":\"ImageObject\",\"inLanguage\":\"de\",\"@id\":\"https:\\\/\\\/www.johannes-sieber.ch\\\/move\\\/was-bringt-symbolpolitik\\\/#primaryimage\",\"url\":\"https:\\\/\\\/www.johannes-sieber.ch\\\/move\\\/wp-content\\\/uploads\\\/2020\\\/11\\\/grosi.jpg\",\"contentUrl\":\"https:\\\/\\\/www.johannes-sieber.ch\\\/move\\\/wp-content\\\/uploads\\\/2020\\\/11\\\/grosi.jpg\",\"width\":1600,\"height\":1067,\"caption\":\"Grosi by Adrian Moser\"},{\"@type\":\"BreadcrumbList\",\"@id\":\"https:\\\/\\\/www.johannes-sieber.ch\\\/move\\\/was-bringt-symbolpolitik\\\/#breadcrumb\",\"itemListElement\":[{\"@type\":\"ListItem\",\"position\":1,\"name\":\"Startseite\",\"item\":\"https:\\\/\\\/www.johannes-sieber.ch\\\/move\\\/\"},{\"@type\":\"ListItem\",\"position\":2,\"name\":\"Was bringt Symbolpolitik?\"}]},{\"@type\":\"WebSite\",\"@id\":\"https:\\\/\\\/www.johannes-sieber.ch\\\/move\\\/#website\",\"url\":\"https:\\\/\\\/www.johannes-sieber.ch\\\/move\\\/\",\"name\":\"Johannes Sieber\",\"description\":\"Notizen zu Kultur, Klima, Stadt &amp; Menschen\",\"publisher\":{\"@id\":\"https:\\\/\\\/www.johannes-sieber.ch\\\/move\\\/#\\\/schema\\\/person\\\/d92682c5f067a49d1c1f925bd5422e14\"},\"potentialAction\":[{\"@type\":\"SearchAction\",\"target\":{\"@type\":\"EntryPoint\",\"urlTemplate\":\"https:\\\/\\\/www.johannes-sieber.ch\\\/move\\\/?s={search_term_string}\"},\"query-input\":{\"@type\":\"PropertyValueSpecification\",\"valueRequired\":true,\"valueName\":\"search_term_string\"}}],\"inLanguage\":\"de\"},{\"@type\":[\"Person\",\"Organization\"],\"@id\":\"https:\\\/\\\/www.johannes-sieber.ch\\\/move\\\/#\\\/schema\\\/person\\\/d92682c5f067a49d1c1f925bd5422e14\",\"name\":\"Johannes Sieber\",\"image\":{\"@type\":\"ImageObject\",\"inLanguage\":\"de\",\"@id\":\"https:\\\/\\\/secure.gravatar.com\\\/avatar\\\/31f81941f5205fb74a8b0f15334401b3be15721e177e88208533a81bf8dae247?s=96&d=mm&r=g\",\"url\":\"https:\\\/\\\/secure.gravatar.com\\\/avatar\\\/31f81941f5205fb74a8b0f15334401b3be15721e177e88208533a81bf8dae247?s=96&d=mm&r=g\",\"contentUrl\":\"https:\\\/\\\/secure.gravatar.com\\\/avatar\\\/31f81941f5205fb74a8b0f15334401b3be15721e177e88208533a81bf8dae247?s=96&d=mm&r=g\",\"caption\":\"Johannes Sieber\"},\"logo\":{\"@id\":\"https:\\\/\\\/secure.gravatar.com\\\/avatar\\\/31f81941f5205fb74a8b0f15334401b3be15721e177e88208533a81bf8dae247?s=96&d=mm&r=g\"},\"sameAs\":[\"https:\\\/\\\/www.johannes-sieber.ch\\\/\",\"https:\\\/\\\/www.instagram.com\\\/johannes__sieber\",\"https:\\\/\\\/x.com\\\/https:\\\/\\\/twitter.com\\\/JohannesSieber\"],\"url\":\"https:\\\/\\\/www.johannes-sieber.ch\\\/move\\\/author\\\/admin\\\/\"}]}<\/script>\n<!-- \/ Yoast SEO plugin. -->","yoast_head_json":{"title":"Was bringt Symbolpolitik? - Johannes Sieber","robots":{"index":"index","follow":"follow","max-snippet":"max-snippet:-1","max-image-preview":"max-image-preview:large","max-video-preview":"max-video-preview:-1"},"canonical":"https:\/\/www.johannes-sieber.ch\/move\/was-bringt-symbolpolitik\/","og_locale":"de_DE","og_type":"article","og_title":"Was bringt Symbolpolitik? - Johannes Sieber","og_description":"W\u00e4hrend in den USA der noch-Pr\u00e4sident Donald Trump seine W\u00e4hlerstimmen im Susquehanna River den Bundesstaat Pennsylvania hinunter schwimmen sieht und er aufgrund verwirrter TV-Auftritte aus Live-\u00dcbertragungen geschnitten werden muss, l\u00e4uft sich die Schweiz warm f\u00fcr...","og_url":"https:\/\/www.johannes-sieber.ch\/move\/was-bringt-symbolpolitik\/","og_site_name":"Johannes Sieber","article_published_time":"2020-11-07T10:50:35+00:00","article_modified_time":"2020-11-18T08:40:38+00:00","og_image":[{"width":1600,"height":1067,"url":"https:\/\/www.johannes-sieber.ch\/move\/wp-content\/uploads\/2020\/11\/grosi.jpg","type":"image\/jpeg"}],"author":"Johannes Sieber","twitter_card":"summary_large_image","twitter_creator":"@https:\/\/twitter.com\/JohannesSieber","twitter_site":"@JohannesSieber","twitter_misc":{"Verfasst von":"Johannes Sieber","Gesch\u00e4tzte Lesezeit":"3\u00a0Minuten"},"schema":{"@context":"https:\/\/schema.org","@graph":[{"@type":"Article","@id":"https:\/\/www.johannes-sieber.ch\/move\/was-bringt-symbolpolitik\/#article","isPartOf":{"@id":"https:\/\/www.johannes-sieber.ch\/move\/was-bringt-symbolpolitik\/"},"author":{"name":"Johannes Sieber","@id":"https:\/\/www.johannes-sieber.ch\/move\/#\/schema\/person\/d92682c5f067a49d1c1f925bd5422e14"},"headline":"Was bringt Symbolpolitik?","datePublished":"2020-11-07T10:50:35+00:00","dateModified":"2020-11-18T08:40:38+00:00","mainEntityOfPage":{"@id":"https:\/\/www.johannes-sieber.ch\/move\/was-bringt-symbolpolitik\/"},"wordCount":617,"publisher":{"@id":"https:\/\/www.johannes-sieber.ch\/move\/#\/schema\/person\/d92682c5f067a49d1c1f925bd5422e14"},"image":{"@id":"https:\/\/www.johannes-sieber.ch\/move\/was-bringt-symbolpolitik\/#primaryimage"},"thumbnailUrl":"https:\/\/www.johannes-sieber.ch\/move\/wp-content\/uploads\/2020\/11\/grosi.jpg","keywords":["Abstimmung","Abstimmungen"],"articleSection":["Position"],"inLanguage":"de"},{"@type":"WebPage","@id":"https:\/\/www.johannes-sieber.ch\/move\/was-bringt-symbolpolitik\/","url":"https:\/\/www.johannes-sieber.ch\/move\/was-bringt-symbolpolitik\/","name":"Was bringt Symbolpolitik? - Johannes Sieber","isPartOf":{"@id":"https:\/\/www.johannes-sieber.ch\/move\/#website"},"primaryImageOfPage":{"@id":"https:\/\/www.johannes-sieber.ch\/move\/was-bringt-symbolpolitik\/#primaryimage"},"image":{"@id":"https:\/\/www.johannes-sieber.ch\/move\/was-bringt-symbolpolitik\/#primaryimage"},"thumbnailUrl":"https:\/\/www.johannes-sieber.ch\/move\/wp-content\/uploads\/2020\/11\/grosi.jpg","datePublished":"2020-11-07T10:50:35+00:00","dateModified":"2020-11-18T08:40:38+00:00","breadcrumb":{"@id":"https:\/\/www.johannes-sieber.ch\/move\/was-bringt-symbolpolitik\/#breadcrumb"},"inLanguage":"de","potentialAction":[{"@type":"ReadAction","target":["https:\/\/www.johannes-sieber.ch\/move\/was-bringt-symbolpolitik\/"]}]},{"@type":"ImageObject","inLanguage":"de","@id":"https:\/\/www.johannes-sieber.ch\/move\/was-bringt-symbolpolitik\/#primaryimage","url":"https:\/\/www.johannes-sieber.ch\/move\/wp-content\/uploads\/2020\/11\/grosi.jpg","contentUrl":"https:\/\/www.johannes-sieber.ch\/move\/wp-content\/uploads\/2020\/11\/grosi.jpg","width":1600,"height":1067,"caption":"Grosi by Adrian Moser"},{"@type":"BreadcrumbList","@id":"https:\/\/www.johannes-sieber.ch\/move\/was-bringt-symbolpolitik\/#breadcrumb","itemListElement":[{"@type":"ListItem","position":1,"name":"Startseite","item":"https:\/\/www.johannes-sieber.ch\/move\/"},{"@type":"ListItem","position":2,"name":"Was bringt Symbolpolitik?"}]},{"@type":"WebSite","@id":"https:\/\/www.johannes-sieber.ch\/move\/#website","url":"https:\/\/www.johannes-sieber.ch\/move\/","name":"Johannes Sieber","description":"Notizen zu Kultur, Klima, Stadt &amp; Menschen","publisher":{"@id":"https:\/\/www.johannes-sieber.ch\/move\/#\/schema\/person\/d92682c5f067a49d1c1f925bd5422e14"},"potentialAction":[{"@type":"SearchAction","target":{"@type":"EntryPoint","urlTemplate":"https:\/\/www.johannes-sieber.ch\/move\/?s={search_term_string}"},"query-input":{"@type":"PropertyValueSpecification","valueRequired":true,"valueName":"search_term_string"}}],"inLanguage":"de"},{"@type":["Person","Organization"],"@id":"https:\/\/www.johannes-sieber.ch\/move\/#\/schema\/person\/d92682c5f067a49d1c1f925bd5422e14","name":"Johannes Sieber","image":{"@type":"ImageObject","inLanguage":"de","@id":"https:\/\/secure.gravatar.com\/avatar\/31f81941f5205fb74a8b0f15334401b3be15721e177e88208533a81bf8dae247?s=96&d=mm&r=g","url":"https:\/\/secure.gravatar.com\/avatar\/31f81941f5205fb74a8b0f15334401b3be15721e177e88208533a81bf8dae247?s=96&d=mm&r=g","contentUrl":"https:\/\/secure.gravatar.com\/avatar\/31f81941f5205fb74a8b0f15334401b3be15721e177e88208533a81bf8dae247?s=96&d=mm&r=g","caption":"Johannes Sieber"},"logo":{"@id":"https:\/\/secure.gravatar.com\/avatar\/31f81941f5205fb74a8b0f15334401b3be15721e177e88208533a81bf8dae247?s=96&d=mm&r=g"},"sameAs":["https:\/\/www.johannes-sieber.ch\/","https:\/\/www.instagram.com\/johannes__sieber","https:\/\/x.com\/https:\/\/twitter.com\/JohannesSieber"],"url":"https:\/\/www.johannes-sieber.ch\/move\/author\/admin\/"}]}},"jetpack_featured_media_url":"https:\/\/www.johannes-sieber.ch\/move\/wp-content\/uploads\/2020\/11\/grosi.jpg","jetpack_sharing_enabled":true,"_links":{"self":[{"href":"https:\/\/www.johannes-sieber.ch\/move\/wp-json\/wp\/v2\/posts\/3489","targetHints":{"allow":["GET"]}}],"collection":[{"href":"https:\/\/www.johannes-sieber.ch\/move\/wp-json\/wp\/v2\/posts"}],"about":[{"href":"https:\/\/www.johannes-sieber.ch\/move\/wp-json\/wp\/v2\/types\/post"}],"author":[{"embeddable":true,"href":"https:\/\/www.johannes-sieber.ch\/move\/wp-json\/wp\/v2\/users\/1"}],"replies":[{"embeddable":true,"href":"https:\/\/www.johannes-sieber.ch\/move\/wp-json\/wp\/v2\/comments?post=3489"}],"version-history":[{"count":38,"href":"https:\/\/www.johannes-sieber.ch\/move\/wp-json\/wp\/v2\/posts\/3489\/revisions"}],"predecessor-version":[{"id":3667,"href":"https:\/\/www.johannes-sieber.ch\/move\/wp-json\/wp\/v2\/posts\/3489\/revisions\/3667"}],"wp:featuredmedia":[{"embeddable":true,"href":"https:\/\/www.johannes-sieber.ch\/move\/wp-json\/wp\/v2\/media\/3491"}],"wp:attachment":[{"href":"https:\/\/www.johannes-sieber.ch\/move\/wp-json\/wp\/v2\/media?parent=3489"}],"wp:term":[{"taxonomy":"category","embeddable":true,"href":"https:\/\/www.johannes-sieber.ch\/move\/wp-json\/wp\/v2\/categories?post=3489"},{"taxonomy":"post_tag","embeddable":true,"href":"https:\/\/www.johannes-sieber.ch\/move\/wp-json\/wp\/v2\/tags?post=3489"}],"curies":[{"name":"wp","href":"https:\/\/api.w.org\/{rel}","templated":true}]}}