{"id":3563,"date":"2020-11-09T12:33:02","date_gmt":"2020-11-09T11:33:02","guid":{"rendered":"https:\/\/www.johannes-sieber.ch\/move\/?p=3563"},"modified":"2020-11-09T13:20:57","modified_gmt":"2020-11-09T12:20:57","slug":"schweigen-fuer-die-kultur","status":"publish","type":"post","link":"https:\/\/www.johannes-sieber.ch\/move\/schweigen-fuer-die-kultur\/","title":{"rendered":"Schweigen f\u00fcr die Kultur"},"content":{"rendered":"\n<p><strong>Heute Montag, 9.11., 18 Uhr bis 18:30 Uhr, Innenstadt<\/strong><\/p>\n\n\n\n<p>Wie die Pandemie in den Griff zu bekommen ist, dar\u00fcber streiten sich bekanntlich die Expert_innen. Und je l\u00e4nger die Pandemie dauert, desto mehr Expert_innen gibt es.<\/p>\n\n\n\n<p>Bald neun Monate begleitet uns nicht nur das Virus und die damit verbundene Planungsunsicherheit, sondern auch der Diskurs dar\u00fcber, welches die dringlichen, welches die notwendigen und welches die angemessenen Schutzmassnahmen sind.<\/p>\n\n\n\n<p>Die einzige Konstante im Prozess ist f\u00fcr einmal nicht nur die Ver\u00e4nderung, sondern auch die Kritik an der Radikalit\u00e4t der Massnahmen. Ob Bar, Beiz, Club oder Konzertsaal: Den Betroffenen fehlt es an Absprache und an Differenzierung.<\/p>\n\n\n\n<p>Mit den neuesten Schutzmassnahmen des Bundes wird die Kultur unbefristet praktisch zum Schweigen gebracht. Das sollten wir als Gesellschaft nicht einfach so hinnehmen. Bei allem Verst\u00e4ndnis f\u00fcr den Ernst der Lage, darf die Stimme der Kultur nicht verstummen.<\/p>\n\n\n\n<p>Hans-Georg Hofmann sagt es auf Telebasel richtig: \u00abKultur ist eben nicht nur Luxus. Sie ist das Fundament f\u00fcr eine bl\u00fchende, gesunde Gesellschaft.\u00bb<\/p>\n\n\n\n<p>Das zu erkennen, ist eine der Chancen dieser Pandemie. Er und das Initiativkomitee der Kundgebung \u00abKulturschweigen\u00bb fordern eine schnelle und transparente Umsetzung der Unterst\u00fctzungsmassnahmen, ein klares Bekenntnis zur Systemrelevanz der Kultur sowie differenzierteres Beurteilen von Gesundheitsrisiken bei Kulturveranstaltungen.<\/p>\n\n\n\n<p>Mich trefft ihr um 18 Uhr an der Schiffl\u00e4nde. Auf 1.5 Meter Abstand und mit Maske.<\/p>\n\n\n\n<p class=\"hinweisbox\">\nSchweigen f\u00fcr die Kultur\n<br>Helvetia ruft\n<br><a rel=\"noreferrer noopener\" href=\"https:\/\/kulturschweigen.ch\/\" target=\"_blank\">www.kulturschweigen.ch<\/a>\n<\/p>\n\n\n\n<p class=\"hinweisbox\">\nFernsehen: Telebasel, 08.11.2020\n<br>Basler Musiker proben den Aufstand\n<br><a rel=\"noreferrer noopener\" href=\"https:\/\/telebasel.ch\/2020\/11\/08\/basler-musiker-proben-den-aufstand\/?channel=105100\" target=\"_blank\">TeleBasel<\/a>\n<\/p>\n\n\n\n<p class=\"hinweisbox\">\nZeitung: bzBasel,  9.11.2020\n<br>Die Kulturszene sitzt im B\u00fcro statt auf der B\u00fchne\n<br><a rel=\"noreferrer noopener\" href=\"https:\/\/www.bzbasel.ch\/basel\/basel-stadt\/die-kulturszene-sitzt-im-buero-statt-auf-der-buehne-139771677\" target=\"_blank\">bz &#8211; Zeitung f\u00fcr die Region Basel<\/a>\n<\/p>\n\n\n\n<p class=\"fotoquelle\">Foto zur Notiz: BBC Creative, Unsplash<\/p>\n","protected":false},"excerpt":{"rendered":"<p>Heute Montag, 9.11., 18 Uhr bis 18:30 Uhr, Innenstadt Wie die Pandemie in den Griff zu bekommen ist, dar\u00fcber streiten sich bekanntlich die Expert_innen. Und je l\u00e4nger die Pandemie dauert, desto mehr Expert_innen gibt es&#8230;.<\/p>\n","protected":false},"author":1,"featured_media":3564,"comment_status":"closed","ping_status":"open","sticky":false,"template":"","format":"standard","meta":{"_jetpack_memberships_contains_paid_content":false,"footnotes":""},"categories":[33],"tags":[15,83],"class_list":["post-3563","post","type-post","status-publish","format-standard","has-post-thumbnail","hentry","category-kultur","tag-kultur","tag-pandemie"],"yoast_head":"<!-- This site is optimized with the Yoast SEO plugin v27.5 - https:\/\/yoast.com\/product\/yoast-seo-wordpress\/ -->\n<title>Schweigen f\u00fcr die Kultur - Johannes Sieber<\/title>\n<meta name=\"robots\" content=\"index, follow, max-snippet:-1, max-image-preview:large, max-video-preview:-1\" \/>\n<link rel=\"canonical\" href=\"https:\/\/www.johannes-sieber.ch\/move\/schweigen-fuer-die-kultur\/\" \/>\n<meta property=\"og:locale\" content=\"de_DE\" \/>\n<meta property=\"og:type\" content=\"article\" \/>\n<meta property=\"og:title\" content=\"Schweigen f\u00fcr die Kultur - Johannes Sieber\" \/>\n<meta property=\"og:description\" content=\"Heute Montag, 9.11., 18 Uhr bis 18:30 Uhr, Innenstadt Wie die Pandemie in den Griff zu bekommen ist, dar\u00fcber streiten sich bekanntlich die Expert_innen. Und je l\u00e4nger die Pandemie dauert, desto mehr Expert_innen gibt es....\" \/>\n<meta property=\"og:url\" content=\"https:\/\/www.johannes-sieber.ch\/move\/schweigen-fuer-die-kultur\/\" \/>\n<meta property=\"og:site_name\" content=\"Johannes Sieber\" \/>\n<meta property=\"article:published_time\" content=\"2020-11-09T11:33:02+00:00\" \/>\n<meta property=\"article:modified_time\" content=\"2020-11-09T12:20:57+00:00\" \/>\n<meta property=\"og:image\" content=\"https:\/\/www.johannes-sieber.ch\/move\/wp-content\/uploads\/2020\/11\/kulturschweigen.jpg\" \/>\n\t<meta property=\"og:image:width\" content=\"2000\" \/>\n\t<meta property=\"og:image:height\" content=\"1607\" \/>\n\t<meta property=\"og:image:type\" content=\"image\/jpeg\" \/>\n<meta name=\"author\" content=\"Johannes Sieber\" \/>\n<meta name=\"twitter:card\" content=\"summary_large_image\" \/>\n<meta name=\"twitter:creator\" content=\"@https:\/\/twitter.com\/JohannesSieber\" \/>\n<meta name=\"twitter:site\" content=\"@JohannesSieber\" \/>\n<meta name=\"twitter:label1\" content=\"Verfasst von\" \/>\n\t<meta name=\"twitter:data1\" content=\"Johannes Sieber\" \/>\n\t<meta name=\"twitter:label2\" content=\"Gesch\u00e4tzte Lesezeit\" \/>\n\t<meta name=\"twitter:data2\" content=\"1\u00a0Minute\" \/>\n<script type=\"application\/ld+json\" class=\"yoast-schema-graph\">{\"@context\":\"https:\\\/\\\/schema.org\",\"@graph\":[{\"@type\":\"Article\",\"@id\":\"https:\\\/\\\/www.johannes-sieber.ch\\\/move\\\/schweigen-fuer-die-kultur\\\/#article\",\"isPartOf\":{\"@id\":\"https:\\\/\\\/www.johannes-sieber.ch\\\/move\\\/schweigen-fuer-die-kultur\\\/\"},\"author\":{\"name\":\"Johannes Sieber\",\"@id\":\"https:\\\/\\\/www.johannes-sieber.ch\\\/move\\\/#\\\/schema\\\/person\\\/d92682c5f067a49d1c1f925bd5422e14\"},\"headline\":\"Schweigen f\u00fcr die Kultur\",\"datePublished\":\"2020-11-09T11:33:02+00:00\",\"dateModified\":\"2020-11-09T12:20:57+00:00\",\"mainEntityOfPage\":{\"@id\":\"https:\\\/\\\/www.johannes-sieber.ch\\\/move\\\/schweigen-fuer-die-kultur\\\/\"},\"wordCount\":275,\"publisher\":{\"@id\":\"https:\\\/\\\/www.johannes-sieber.ch\\\/move\\\/#\\\/schema\\\/person\\\/d92682c5f067a49d1c1f925bd5422e14\"},\"image\":{\"@id\":\"https:\\\/\\\/www.johannes-sieber.ch\\\/move\\\/schweigen-fuer-die-kultur\\\/#primaryimage\"},\"thumbnailUrl\":\"https:\\\/\\\/www.johannes-sieber.ch\\\/move\\\/wp-content\\\/uploads\\\/2020\\\/11\\\/kulturschweigen.jpg\",\"keywords\":[\"Kultur\",\"Pandemie\"],\"articleSection\":[\"Kultur\"],\"inLanguage\":\"de\"},{\"@type\":\"WebPage\",\"@id\":\"https:\\\/\\\/www.johannes-sieber.ch\\\/move\\\/schweigen-fuer-die-kultur\\\/\",\"url\":\"https:\\\/\\\/www.johannes-sieber.ch\\\/move\\\/schweigen-fuer-die-kultur\\\/\",\"name\":\"Schweigen f\u00fcr die Kultur - Johannes Sieber\",\"isPartOf\":{\"@id\":\"https:\\\/\\\/www.johannes-sieber.ch\\\/move\\\/#website\"},\"primaryImageOfPage\":{\"@id\":\"https:\\\/\\\/www.johannes-sieber.ch\\\/move\\\/schweigen-fuer-die-kultur\\\/#primaryimage\"},\"image\":{\"@id\":\"https:\\\/\\\/www.johannes-sieber.ch\\\/move\\\/schweigen-fuer-die-kultur\\\/#primaryimage\"},\"thumbnailUrl\":\"https:\\\/\\\/www.johannes-sieber.ch\\\/move\\\/wp-content\\\/uploads\\\/2020\\\/11\\\/kulturschweigen.jpg\",\"datePublished\":\"2020-11-09T11:33:02+00:00\",\"dateModified\":\"2020-11-09T12:20:57+00:00\",\"breadcrumb\":{\"@id\":\"https:\\\/\\\/www.johannes-sieber.ch\\\/move\\\/schweigen-fuer-die-kultur\\\/#breadcrumb\"},\"inLanguage\":\"de\",\"potentialAction\":[{\"@type\":\"ReadAction\",\"target\":[\"https:\\\/\\\/www.johannes-sieber.ch\\\/move\\\/schweigen-fuer-die-kultur\\\/\"]}]},{\"@type\":\"ImageObject\",\"inLanguage\":\"de\",\"@id\":\"https:\\\/\\\/www.johannes-sieber.ch\\\/move\\\/schweigen-fuer-die-kultur\\\/#primaryimage\",\"url\":\"https:\\\/\\\/www.johannes-sieber.ch\\\/move\\\/wp-content\\\/uploads\\\/2020\\\/11\\\/kulturschweigen.jpg\",\"contentUrl\":\"https:\\\/\\\/www.johannes-sieber.ch\\\/move\\\/wp-content\\\/uploads\\\/2020\\\/11\\\/kulturschweigen.jpg\",\"width\":2000,\"height\":1607,\"caption\":\"Kulturschweigen by BBC Creative, Unsplash\"},{\"@type\":\"BreadcrumbList\",\"@id\":\"https:\\\/\\\/www.johannes-sieber.ch\\\/move\\\/schweigen-fuer-die-kultur\\\/#breadcrumb\",\"itemListElement\":[{\"@type\":\"ListItem\",\"position\":1,\"name\":\"Startseite\",\"item\":\"https:\\\/\\\/www.johannes-sieber.ch\\\/move\\\/\"},{\"@type\":\"ListItem\",\"position\":2,\"name\":\"Schweigen f\u00fcr die Kultur\"}]},{\"@type\":\"WebSite\",\"@id\":\"https:\\\/\\\/www.johannes-sieber.ch\\\/move\\\/#website\",\"url\":\"https:\\\/\\\/www.johannes-sieber.ch\\\/move\\\/\",\"name\":\"Johannes Sieber\",\"description\":\"Notizen zu Kultur, Klima, Stadt &amp; Menschen\",\"publisher\":{\"@id\":\"https:\\\/\\\/www.johannes-sieber.ch\\\/move\\\/#\\\/schema\\\/person\\\/d92682c5f067a49d1c1f925bd5422e14\"},\"potentialAction\":[{\"@type\":\"SearchAction\",\"target\":{\"@type\":\"EntryPoint\",\"urlTemplate\":\"https:\\\/\\\/www.johannes-sieber.ch\\\/move\\\/?s={search_term_string}\"},\"query-input\":{\"@type\":\"PropertyValueSpecification\",\"valueRequired\":true,\"valueName\":\"search_term_string\"}}],\"inLanguage\":\"de\"},{\"@type\":[\"Person\",\"Organization\"],\"@id\":\"https:\\\/\\\/www.johannes-sieber.ch\\\/move\\\/#\\\/schema\\\/person\\\/d92682c5f067a49d1c1f925bd5422e14\",\"name\":\"Johannes Sieber\",\"image\":{\"@type\":\"ImageObject\",\"inLanguage\":\"de\",\"@id\":\"https:\\\/\\\/secure.gravatar.com\\\/avatar\\\/31f81941f5205fb74a8b0f15334401b3be15721e177e88208533a81bf8dae247?s=96&d=mm&r=g\",\"url\":\"https:\\\/\\\/secure.gravatar.com\\\/avatar\\\/31f81941f5205fb74a8b0f15334401b3be15721e177e88208533a81bf8dae247?s=96&d=mm&r=g\",\"contentUrl\":\"https:\\\/\\\/secure.gravatar.com\\\/avatar\\\/31f81941f5205fb74a8b0f15334401b3be15721e177e88208533a81bf8dae247?s=96&d=mm&r=g\",\"caption\":\"Johannes Sieber\"},\"logo\":{\"@id\":\"https:\\\/\\\/secure.gravatar.com\\\/avatar\\\/31f81941f5205fb74a8b0f15334401b3be15721e177e88208533a81bf8dae247?s=96&d=mm&r=g\"},\"sameAs\":[\"https:\\\/\\\/www.johannes-sieber.ch\\\/\",\"https:\\\/\\\/www.instagram.com\\\/johannes__sieber\",\"https:\\\/\\\/x.com\\\/https:\\\/\\\/twitter.com\\\/JohannesSieber\"],\"url\":\"https:\\\/\\\/www.johannes-sieber.ch\\\/move\\\/author\\\/admin\\\/\"}]}<\/script>\n<!-- \/ Yoast SEO plugin. -->","yoast_head_json":{"title":"Schweigen f\u00fcr die Kultur - Johannes Sieber","robots":{"index":"index","follow":"follow","max-snippet":"max-snippet:-1","max-image-preview":"max-image-preview:large","max-video-preview":"max-video-preview:-1"},"canonical":"https:\/\/www.johannes-sieber.ch\/move\/schweigen-fuer-die-kultur\/","og_locale":"de_DE","og_type":"article","og_title":"Schweigen f\u00fcr die Kultur - Johannes Sieber","og_description":"Heute Montag, 9.11., 18 Uhr bis 18:30 Uhr, Innenstadt Wie die Pandemie in den Griff zu bekommen ist, dar\u00fcber streiten sich bekanntlich die Expert_innen. Und je l\u00e4nger die Pandemie dauert, desto mehr Expert_innen gibt es....","og_url":"https:\/\/www.johannes-sieber.ch\/move\/schweigen-fuer-die-kultur\/","og_site_name":"Johannes Sieber","article_published_time":"2020-11-09T11:33:02+00:00","article_modified_time":"2020-11-09T12:20:57+00:00","og_image":[{"width":2000,"height":1607,"url":"https:\/\/www.johannes-sieber.ch\/move\/wp-content\/uploads\/2020\/11\/kulturschweigen.jpg","type":"image\/jpeg"}],"author":"Johannes Sieber","twitter_card":"summary_large_image","twitter_creator":"@https:\/\/twitter.com\/JohannesSieber","twitter_site":"@JohannesSieber","twitter_misc":{"Verfasst von":"Johannes Sieber","Gesch\u00e4tzte Lesezeit":"1\u00a0Minute"},"schema":{"@context":"https:\/\/schema.org","@graph":[{"@type":"Article","@id":"https:\/\/www.johannes-sieber.ch\/move\/schweigen-fuer-die-kultur\/#article","isPartOf":{"@id":"https:\/\/www.johannes-sieber.ch\/move\/schweigen-fuer-die-kultur\/"},"author":{"name":"Johannes Sieber","@id":"https:\/\/www.johannes-sieber.ch\/move\/#\/schema\/person\/d92682c5f067a49d1c1f925bd5422e14"},"headline":"Schweigen f\u00fcr die Kultur","datePublished":"2020-11-09T11:33:02+00:00","dateModified":"2020-11-09T12:20:57+00:00","mainEntityOfPage":{"@id":"https:\/\/www.johannes-sieber.ch\/move\/schweigen-fuer-die-kultur\/"},"wordCount":275,"publisher":{"@id":"https:\/\/www.johannes-sieber.ch\/move\/#\/schema\/person\/d92682c5f067a49d1c1f925bd5422e14"},"image":{"@id":"https:\/\/www.johannes-sieber.ch\/move\/schweigen-fuer-die-kultur\/#primaryimage"},"thumbnailUrl":"https:\/\/www.johannes-sieber.ch\/move\/wp-content\/uploads\/2020\/11\/kulturschweigen.jpg","keywords":["Kultur","Pandemie"],"articleSection":["Kultur"],"inLanguage":"de"},{"@type":"WebPage","@id":"https:\/\/www.johannes-sieber.ch\/move\/schweigen-fuer-die-kultur\/","url":"https:\/\/www.johannes-sieber.ch\/move\/schweigen-fuer-die-kultur\/","name":"Schweigen f\u00fcr die Kultur - Johannes Sieber","isPartOf":{"@id":"https:\/\/www.johannes-sieber.ch\/move\/#website"},"primaryImageOfPage":{"@id":"https:\/\/www.johannes-sieber.ch\/move\/schweigen-fuer-die-kultur\/#primaryimage"},"image":{"@id":"https:\/\/www.johannes-sieber.ch\/move\/schweigen-fuer-die-kultur\/#primaryimage"},"thumbnailUrl":"https:\/\/www.johannes-sieber.ch\/move\/wp-content\/uploads\/2020\/11\/kulturschweigen.jpg","datePublished":"2020-11-09T11:33:02+00:00","dateModified":"2020-11-09T12:20:57+00:00","breadcrumb":{"@id":"https:\/\/www.johannes-sieber.ch\/move\/schweigen-fuer-die-kultur\/#breadcrumb"},"inLanguage":"de","potentialAction":[{"@type":"ReadAction","target":["https:\/\/www.johannes-sieber.ch\/move\/schweigen-fuer-die-kultur\/"]}]},{"@type":"ImageObject","inLanguage":"de","@id":"https:\/\/www.johannes-sieber.ch\/move\/schweigen-fuer-die-kultur\/#primaryimage","url":"https:\/\/www.johannes-sieber.ch\/move\/wp-content\/uploads\/2020\/11\/kulturschweigen.jpg","contentUrl":"https:\/\/www.johannes-sieber.ch\/move\/wp-content\/uploads\/2020\/11\/kulturschweigen.jpg","width":2000,"height":1607,"caption":"Kulturschweigen by BBC Creative, Unsplash"},{"@type":"BreadcrumbList","@id":"https:\/\/www.johannes-sieber.ch\/move\/schweigen-fuer-die-kultur\/#breadcrumb","itemListElement":[{"@type":"ListItem","position":1,"name":"Startseite","item":"https:\/\/www.johannes-sieber.ch\/move\/"},{"@type":"ListItem","position":2,"name":"Schweigen f\u00fcr die Kultur"}]},{"@type":"WebSite","@id":"https:\/\/www.johannes-sieber.ch\/move\/#website","url":"https:\/\/www.johannes-sieber.ch\/move\/","name":"Johannes Sieber","description":"Notizen zu Kultur, Klima, Stadt &amp; Menschen","publisher":{"@id":"https:\/\/www.johannes-sieber.ch\/move\/#\/schema\/person\/d92682c5f067a49d1c1f925bd5422e14"},"potentialAction":[{"@type":"SearchAction","target":{"@type":"EntryPoint","urlTemplate":"https:\/\/www.johannes-sieber.ch\/move\/?s={search_term_string}"},"query-input":{"@type":"PropertyValueSpecification","valueRequired":true,"valueName":"search_term_string"}}],"inLanguage":"de"},{"@type":["Person","Organization"],"@id":"https:\/\/www.johannes-sieber.ch\/move\/#\/schema\/person\/d92682c5f067a49d1c1f925bd5422e14","name":"Johannes Sieber","image":{"@type":"ImageObject","inLanguage":"de","@id":"https:\/\/secure.gravatar.com\/avatar\/31f81941f5205fb74a8b0f15334401b3be15721e177e88208533a81bf8dae247?s=96&d=mm&r=g","url":"https:\/\/secure.gravatar.com\/avatar\/31f81941f5205fb74a8b0f15334401b3be15721e177e88208533a81bf8dae247?s=96&d=mm&r=g","contentUrl":"https:\/\/secure.gravatar.com\/avatar\/31f81941f5205fb74a8b0f15334401b3be15721e177e88208533a81bf8dae247?s=96&d=mm&r=g","caption":"Johannes Sieber"},"logo":{"@id":"https:\/\/secure.gravatar.com\/avatar\/31f81941f5205fb74a8b0f15334401b3be15721e177e88208533a81bf8dae247?s=96&d=mm&r=g"},"sameAs":["https:\/\/www.johannes-sieber.ch\/","https:\/\/www.instagram.com\/johannes__sieber","https:\/\/x.com\/https:\/\/twitter.com\/JohannesSieber"],"url":"https:\/\/www.johannes-sieber.ch\/move\/author\/admin\/"}]}},"jetpack_featured_media_url":"https:\/\/www.johannes-sieber.ch\/move\/wp-content\/uploads\/2020\/11\/kulturschweigen.jpg","jetpack_sharing_enabled":true,"_links":{"self":[{"href":"https:\/\/www.johannes-sieber.ch\/move\/wp-json\/wp\/v2\/posts\/3563","targetHints":{"allow":["GET"]}}],"collection":[{"href":"https:\/\/www.johannes-sieber.ch\/move\/wp-json\/wp\/v2\/posts"}],"about":[{"href":"https:\/\/www.johannes-sieber.ch\/move\/wp-json\/wp\/v2\/types\/post"}],"author":[{"embeddable":true,"href":"https:\/\/www.johannes-sieber.ch\/move\/wp-json\/wp\/v2\/users\/1"}],"replies":[{"embeddable":true,"href":"https:\/\/www.johannes-sieber.ch\/move\/wp-json\/wp\/v2\/comments?post=3563"}],"version-history":[{"count":15,"href":"https:\/\/www.johannes-sieber.ch\/move\/wp-json\/wp\/v2\/posts\/3563\/revisions"}],"predecessor-version":[{"id":3579,"href":"https:\/\/www.johannes-sieber.ch\/move\/wp-json\/wp\/v2\/posts\/3563\/revisions\/3579"}],"wp:featuredmedia":[{"embeddable":true,"href":"https:\/\/www.johannes-sieber.ch\/move\/wp-json\/wp\/v2\/media\/3564"}],"wp:attachment":[{"href":"https:\/\/www.johannes-sieber.ch\/move\/wp-json\/wp\/v2\/media?parent=3563"}],"wp:term":[{"taxonomy":"category","embeddable":true,"href":"https:\/\/www.johannes-sieber.ch\/move\/wp-json\/wp\/v2\/categories?post=3563"},{"taxonomy":"post_tag","embeddable":true,"href":"https:\/\/www.johannes-sieber.ch\/move\/wp-json\/wp\/v2\/tags?post=3563"}],"curies":[{"name":"wp","href":"https:\/\/api.w.org\/{rel}","templated":true}]}}