{"id":3581,"date":"2020-11-11T09:39:21","date_gmt":"2020-11-11T08:39:21","guid":{"rendered":"https:\/\/www.johannes-sieber.ch\/move\/?p=3581"},"modified":"2020-11-11T09:39:22","modified_gmt":"2020-11-11T08:39:22","slug":"schafft-wohnraum","status":"publish","type":"post","link":"https:\/\/www.johannes-sieber.ch\/move\/schafft-wohnraum\/","title":{"rendered":"Schafft Wohnraum!"},"content":{"rendered":"\n<p>Am 29. November stimmen wir in Basel-Stadt \u00fcber das neue Wohnraumf\u00f6rderungsgesetz ab, das der Grosse Rat im April beschlossen hat. Dagegen wurde das Referendum ergriffen. Der Regierungsrat und der Grosse Rat empfehlen ein Ja zur \u00c4nderung des Wohnraumf\u00f6rdergesetzes. Ich ebenso:<\/p>\n\n\n\n<p><strong>Ja zum neuen Wohnraumf\u00f6rdergesetz.<\/strong><\/p>\n\n\n\n<p><strong>Begr\u00fcndung<\/strong>: Im Zentrum der Bem\u00fchungen f\u00fcr eine gute Situation f\u00fcr Mietende in Basel muss das Schaffen von neuem, bezahlbarem Wohnraum stehen. Dazu brauchen wir die F\u00f6rderung von gemeinn\u00fctzigem Wohnungsbau. Durch das Schaffen von Wohnraum steigt die Leerstandquote, was den Mietzins dr\u00fcckt. Wir sind auf dem richtigen Weg: In den letzten zwei Jahren konnte der Leerstand um ein halbes auf ein Prozent gesteigert werden. Noch einmal so viel und die Wohnungsnot ist bei 1.5% Leerstand \u00fcberwunden. Das sollte unser Ziel sein.<\/p>\n\n\n\n<p>Zwar kritisiert das Referendums-Komitee zurecht, dass der Wohnschutz mit dem Gesetz nicht absolut gegeben ist. Es fragt sich allerdings welches Gesetz das gew\u00e4hrleisten k\u00f6nnte, ohne gleichzeitig den kantonalen Wohnungsmarkt zu verstaatlichen. Die Interessen der Mieter_innen wie auch die Interessen der Eigent\u00fcmer_innen sind zu ber\u00fccksichtigen. Vor allem aber ist mit einem Nein zum vorliegenden Gesetz noch kein neues geschrieben. Ein Nein zum Gesetz erf\u00fcllt die Forderungen der Gegner nicht.<\/p>\n\n\n\n<p><strong>Hintergrund<\/strong>: Im Oktober 2018 wurde in Basel die Wohnschutzinitiative f\u00fcr den Erhalt und die Schaffung von bezahlbarem Wohnraum gutgeheissen. Das kam nicht von ungef\u00e4hr: Die Wohnungsnot in Basel war gross, die Leerstandsquote betrug in den acht Jahren davor gerademal ein halbes Prozent und gar weniger. Das trieb die Mieten in die H\u00f6he und damit die Angst der Mietenden, nach Erneuerungen am Mietobjekt und Mietzinserh\u00f6hungen aus dem Quartier oder gar der Stadt verdr\u00e4ngt zu werden.<\/p>\n\n\n\n<p>Gleichzeitig waren auf der Erlenmatt verschiedene Projekte bereits in vollem Gange. Unter anderem engagierte sich die Stiftung Habitat an der Signalstrasse, mit dem Ziel, Boden der Spekulation zu entziehen und zahlbaren Wohnraum f\u00fcr Menschen in allen Lebenslagen zu schaffen. Ihr Projekt \u00abQuartierentwicklung Erlenmatt Ost\u00bb endete 2019 und geht 2023 in die zweite Etappe.<\/p>\n\n\n\n<p>Als der Grossrat im April diesen Jahres die Gesetzesvorlage der Regierung debatierte, war die Leerstandsquote bereits auf 1% gestiegen. Die Situation hatte sich entspannt, definiert sich aber noch immer um ein halbes Prozent unter der im Initiative-Text definierten Wohnungsnotsquote von 1.5 Prozent. Gem\u00e4ss angenommener Initiative muss der Staat darum mit einer Bewilligungspflicht daf\u00fcr sorgen, dass insbesondere langj\u00e4hrige und \u00e4ltere Mieter vor K\u00fcndigungen und Mietzinserh\u00f6hungen in Folge von Sanierungen, Umbauten und Abbr\u00fcchen gesch\u00fctzt werden.<\/p>\n\n\n\n<p>Eben diesen Schutz sieht der Mieterverband im Gesetz ungen\u00fcgend realisiert, weshalb er das Referendum ergriffen hat. Er sieht im Gesetz zu viele Schlupfl\u00f6cher und verlangt eine st\u00e4rkere Regulierung durch den Staat. Die Bef\u00fcrworter verstehen das Gesetz als guten Kompromiss zwischen Eigent\u00fcmer_innen und Mieter_innen.<\/p>\n\n\n\n<p>Um seinen Interessen Nachdruck zu verleihen, lancierte der Mieterverband bereits eine neue Initaitive mit dem Namen \u00abJa zum ECHTEN Wohnschutz\u00bb. Sie ist mit 3000 Unterschriften zustande gekommen.<\/p>\n\n\n\n<p class=\"hinweisbox\">Online: Basel-Stadt, Wahlen und Abstimmungen <br>Vorlage 5: Wohnraumf\u00f6rdergesetz <br><a rel=\"noreferrer noopener\" href=\"https:\/\/www.staatskanzlei.bs.ch\/politische-rechte\/wahlen-abstimmungen\/vorlage-5.html\" target=\"_blank\">Basel-Stadt, Staatskanzlei<\/a> <\/p>\n\n\n\n<p class=\"hinweisbox\">\nOnline: Bajour, Abstimmung konkret\n<br>H\u00e4tte das Wohnraumf\u00f6rdergesetz die Embolo-Massenk\u00fcndigung verhindert?<br><a rel=\"noreferrer noopener\" href=\"https:\/\/bajour.ch\/a\/6VO90BYvrkzzvvFn\/hatte-das-wohnraumfordergesetz-die-embolo-massenkundigung-verhindert\" target=\"_blank\">Bajour<\/a>\n<\/p>\n\n\n\n<p class=\"hinweisbox\">Zeitung: bzBasel, 10.11.2020 <br>Unerw\u00fcnschte Abstimmungskampfhilfe: Zwei Massenk\u00fcndigungen in Basel w\u00e4hrend Mieterschutz-Debatte <br><a rel=\"noreferrer noopener\" href=\"https:\/\/www.bzbasel.ch\/basel\/basel-stadt\/unerwuenschte-abstimmungskampfhilfe-zwei-massenkuendigungen-in-basel-waehrend-mieterschutz-debatte-139808501\" target=\"_blank\">bz &#8211; Zeitung f\u00fcr die Region Basel<\/a> <\/p>\n\n\n\n<p class=\"hinweisbox\">Zeitung: Basler Zeitung, 7.11.2020 (Abo) <br>Keine Zust\u00e4nde wie in Genf oder Berlin <br><a rel=\"noreferrer noopener\" href=\"https:\/\/www.bazonline.ch\/keine-zustaende-wie-in-genf-oder-berlin-137973745342\" target=\"_blank\">Basler Zeitung<\/a> <\/p>\n\n\n\n<p class=\"hinweisbox\">Fernsehen: Telebasel, 24.04.2020 <br>Grosser Rat schw\u00e4cht Forderungen der Wohnschutzinitiative ab Telebasel <br><a rel=\"noreferrer noopener\" href=\"https:\/\/telebasel.ch\/2020\/04\/23\/grosser-rat-schwaecht-forderungen-der-wohnschutzinitiative-ab\/?channel=105100\" target=\"_blank\">Telebasel<\/a> <\/p>\n\n\n\n<p class=\"hinweisbox\">Online: Stiftung Habitat <br>Projekt Quartierentwicklung Erlenbatt Ost <br><a rel=\"noreferrer noopener\" href=\"https:\/\/www.stiftung-habitat.ch\/sh\/liegenschaften\/haeuser-und-projekte\/erlenmatt-ost.html\" target=\"_blank\">Stiftung Habitat<\/a> <\/p>\n\n\n\n<p class=\"hinweisbox\">Website <br>Bschiss-Gesetz NEIN <br><a rel=\"noreferrer noopener\" href=\"https:\/\/bschiss-gesetz.ch\/\" target=\"_blank\">www.bschiss-gesetz.ch<\/a> <\/p>\n\n\n\n<p class=\"hinweisbox\">Website <br>Vern\u00fcnftiger Wohnschutz <br><a rel=\"noreferrer noopener\" href=\"https:\/\/vern\u00fcnftiger-wohnschutz.ch\" target=\"_blank\">www.vern\u00fcnftiger-wohnschutz.ch<\/a> <\/p>\n\n\n\n<p class=\"fotoquelle\">Foto zur Notiz: Stiftung Habitat, Projekt Quartierentwicklung Erlenmatt Ost<\/p>\n","protected":false},"excerpt":{"rendered":"<p>Am 29. November stimmen wir in Basel-Stadt \u00fcber das neue Wohnraumf\u00f6rderungsgesetz ab, das der Grosse Rat im April beschlossen hat. Dagegen wurde das Referendum ergriffen. Der Regierungsrat und der Grosse Rat empfehlen ein Ja zur&#8230;<\/p>\n","protected":false},"author":1,"featured_media":3583,"comment_status":"closed","ping_status":"open","sticky":false,"template":"","format":"standard","meta":{"_jetpack_memberships_contains_paid_content":false,"footnotes":""},"categories":[36],"tags":[65,84],"class_list":["post-3581","post","type-post","status-publish","format-standard","has-post-thumbnail","hentry","category-position","tag-abstimmung","tag-stadtentwicklung"],"yoast_head":"<!-- This site is optimized with the Yoast SEO plugin v27.5 - https:\/\/yoast.com\/product\/yoast-seo-wordpress\/ -->\n<title>Schafft Wohnraum! - Johannes Sieber<\/title>\n<meta name=\"robots\" content=\"index, follow, max-snippet:-1, max-image-preview:large, max-video-preview:-1\" \/>\n<link rel=\"canonical\" href=\"https:\/\/www.johannes-sieber.ch\/move\/schafft-wohnraum\/\" \/>\n<meta property=\"og:locale\" content=\"de_DE\" \/>\n<meta property=\"og:type\" content=\"article\" \/>\n<meta property=\"og:title\" content=\"Schafft Wohnraum! - Johannes Sieber\" \/>\n<meta property=\"og:description\" content=\"Am 29. November stimmen wir in Basel-Stadt \u00fcber das neue Wohnraumf\u00f6rderungsgesetz ab, das der Grosse Rat im April beschlossen hat. Dagegen wurde das Referendum ergriffen. Der Regierungsrat und der Grosse Rat empfehlen ein Ja zur...\" \/>\n<meta property=\"og:url\" content=\"https:\/\/www.johannes-sieber.ch\/move\/schafft-wohnraum\/\" \/>\n<meta property=\"og:site_name\" content=\"Johannes Sieber\" \/>\n<meta property=\"article:published_time\" content=\"2020-11-11T08:39:21+00:00\" \/>\n<meta property=\"article:modified_time\" content=\"2020-11-11T08:39:22+00:00\" \/>\n<meta property=\"og:image\" content=\"https:\/\/www.johannes-sieber.ch\/move\/wp-content\/uploads\/2020\/11\/erlenmatt.jpg\" \/>\n\t<meta property=\"og:image:width\" content=\"1600\" \/>\n\t<meta property=\"og:image:height\" content=\"1066\" \/>\n\t<meta property=\"og:image:type\" content=\"image\/jpeg\" \/>\n<meta name=\"author\" content=\"Johannes Sieber\" \/>\n<meta name=\"twitter:card\" content=\"summary_large_image\" \/>\n<meta name=\"twitter:creator\" content=\"@https:\/\/twitter.com\/JohannesSieber\" \/>\n<meta name=\"twitter:site\" content=\"@JohannesSieber\" \/>\n<meta name=\"twitter:label1\" content=\"Verfasst von\" \/>\n\t<meta name=\"twitter:data1\" content=\"Johannes Sieber\" \/>\n\t<meta name=\"twitter:label2\" content=\"Gesch\u00e4tzte Lesezeit\" \/>\n\t<meta name=\"twitter:data2\" content=\"3\u00a0Minuten\" \/>\n<script type=\"application\/ld+json\" class=\"yoast-schema-graph\">{\"@context\":\"https:\\\/\\\/schema.org\",\"@graph\":[{\"@type\":\"Article\",\"@id\":\"https:\\\/\\\/www.johannes-sieber.ch\\\/move\\\/schafft-wohnraum\\\/#article\",\"isPartOf\":{\"@id\":\"https:\\\/\\\/www.johannes-sieber.ch\\\/move\\\/schafft-wohnraum\\\/\"},\"author\":{\"name\":\"Johannes Sieber\",\"@id\":\"https:\\\/\\\/www.johannes-sieber.ch\\\/move\\\/#\\\/schema\\\/person\\\/d92682c5f067a49d1c1f925bd5422e14\"},\"headline\":\"Schafft Wohnraum!\",\"datePublished\":\"2020-11-11T08:39:21+00:00\",\"dateModified\":\"2020-11-11T08:39:22+00:00\",\"mainEntityOfPage\":{\"@id\":\"https:\\\/\\\/www.johannes-sieber.ch\\\/move\\\/schafft-wohnraum\\\/\"},\"wordCount\":596,\"publisher\":{\"@id\":\"https:\\\/\\\/www.johannes-sieber.ch\\\/move\\\/#\\\/schema\\\/person\\\/d92682c5f067a49d1c1f925bd5422e14\"},\"image\":{\"@id\":\"https:\\\/\\\/www.johannes-sieber.ch\\\/move\\\/schafft-wohnraum\\\/#primaryimage\"},\"thumbnailUrl\":\"https:\\\/\\\/www.johannes-sieber.ch\\\/move\\\/wp-content\\\/uploads\\\/2020\\\/11\\\/erlenmatt.jpg\",\"keywords\":[\"Abstimmung\",\"Stadtentwicklung\"],\"articleSection\":[\"Position\"],\"inLanguage\":\"de\"},{\"@type\":\"WebPage\",\"@id\":\"https:\\\/\\\/www.johannes-sieber.ch\\\/move\\\/schafft-wohnraum\\\/\",\"url\":\"https:\\\/\\\/www.johannes-sieber.ch\\\/move\\\/schafft-wohnraum\\\/\",\"name\":\"Schafft Wohnraum! - Johannes Sieber\",\"isPartOf\":{\"@id\":\"https:\\\/\\\/www.johannes-sieber.ch\\\/move\\\/#website\"},\"primaryImageOfPage\":{\"@id\":\"https:\\\/\\\/www.johannes-sieber.ch\\\/move\\\/schafft-wohnraum\\\/#primaryimage\"},\"image\":{\"@id\":\"https:\\\/\\\/www.johannes-sieber.ch\\\/move\\\/schafft-wohnraum\\\/#primaryimage\"},\"thumbnailUrl\":\"https:\\\/\\\/www.johannes-sieber.ch\\\/move\\\/wp-content\\\/uploads\\\/2020\\\/11\\\/erlenmatt.jpg\",\"datePublished\":\"2020-11-11T08:39:21+00:00\",\"dateModified\":\"2020-11-11T08:39:22+00:00\",\"breadcrumb\":{\"@id\":\"https:\\\/\\\/www.johannes-sieber.ch\\\/move\\\/schafft-wohnraum\\\/#breadcrumb\"},\"inLanguage\":\"de\",\"potentialAction\":[{\"@type\":\"ReadAction\",\"target\":[\"https:\\\/\\\/www.johannes-sieber.ch\\\/move\\\/schafft-wohnraum\\\/\"]}]},{\"@type\":\"ImageObject\",\"inLanguage\":\"de\",\"@id\":\"https:\\\/\\\/www.johannes-sieber.ch\\\/move\\\/schafft-wohnraum\\\/#primaryimage\",\"url\":\"https:\\\/\\\/www.johannes-sieber.ch\\\/move\\\/wp-content\\\/uploads\\\/2020\\\/11\\\/erlenmatt.jpg\",\"contentUrl\":\"https:\\\/\\\/www.johannes-sieber.ch\\\/move\\\/wp-content\\\/uploads\\\/2020\\\/11\\\/erlenmatt.jpg\",\"width\":1600,\"height\":1066,\"caption\":\"Erlenmatt by Stiftung Habitat\"},{\"@type\":\"BreadcrumbList\",\"@id\":\"https:\\\/\\\/www.johannes-sieber.ch\\\/move\\\/schafft-wohnraum\\\/#breadcrumb\",\"itemListElement\":[{\"@type\":\"ListItem\",\"position\":1,\"name\":\"Startseite\",\"item\":\"https:\\\/\\\/www.johannes-sieber.ch\\\/move\\\/\"},{\"@type\":\"ListItem\",\"position\":2,\"name\":\"Schafft Wohnraum!\"}]},{\"@type\":\"WebSite\",\"@id\":\"https:\\\/\\\/www.johannes-sieber.ch\\\/move\\\/#website\",\"url\":\"https:\\\/\\\/www.johannes-sieber.ch\\\/move\\\/\",\"name\":\"Johannes Sieber\",\"description\":\"Notizen zu Kultur, Klima, Stadt &amp; Menschen\",\"publisher\":{\"@id\":\"https:\\\/\\\/www.johannes-sieber.ch\\\/move\\\/#\\\/schema\\\/person\\\/d92682c5f067a49d1c1f925bd5422e14\"},\"potentialAction\":[{\"@type\":\"SearchAction\",\"target\":{\"@type\":\"EntryPoint\",\"urlTemplate\":\"https:\\\/\\\/www.johannes-sieber.ch\\\/move\\\/?s={search_term_string}\"},\"query-input\":{\"@type\":\"PropertyValueSpecification\",\"valueRequired\":true,\"valueName\":\"search_term_string\"}}],\"inLanguage\":\"de\"},{\"@type\":[\"Person\",\"Organization\"],\"@id\":\"https:\\\/\\\/www.johannes-sieber.ch\\\/move\\\/#\\\/schema\\\/person\\\/d92682c5f067a49d1c1f925bd5422e14\",\"name\":\"Johannes Sieber\",\"image\":{\"@type\":\"ImageObject\",\"inLanguage\":\"de\",\"@id\":\"https:\\\/\\\/secure.gravatar.com\\\/avatar\\\/31f81941f5205fb74a8b0f15334401b3be15721e177e88208533a81bf8dae247?s=96&d=mm&r=g\",\"url\":\"https:\\\/\\\/secure.gravatar.com\\\/avatar\\\/31f81941f5205fb74a8b0f15334401b3be15721e177e88208533a81bf8dae247?s=96&d=mm&r=g\",\"contentUrl\":\"https:\\\/\\\/secure.gravatar.com\\\/avatar\\\/31f81941f5205fb74a8b0f15334401b3be15721e177e88208533a81bf8dae247?s=96&d=mm&r=g\",\"caption\":\"Johannes Sieber\"},\"logo\":{\"@id\":\"https:\\\/\\\/secure.gravatar.com\\\/avatar\\\/31f81941f5205fb74a8b0f15334401b3be15721e177e88208533a81bf8dae247?s=96&d=mm&r=g\"},\"sameAs\":[\"https:\\\/\\\/www.johannes-sieber.ch\\\/\",\"https:\\\/\\\/www.instagram.com\\\/johannes__sieber\",\"https:\\\/\\\/x.com\\\/https:\\\/\\\/twitter.com\\\/JohannesSieber\"],\"url\":\"https:\\\/\\\/www.johannes-sieber.ch\\\/move\\\/author\\\/admin\\\/\"}]}<\/script>\n<!-- \/ Yoast SEO plugin. -->","yoast_head_json":{"title":"Schafft Wohnraum! - Johannes Sieber","robots":{"index":"index","follow":"follow","max-snippet":"max-snippet:-1","max-image-preview":"max-image-preview:large","max-video-preview":"max-video-preview:-1"},"canonical":"https:\/\/www.johannes-sieber.ch\/move\/schafft-wohnraum\/","og_locale":"de_DE","og_type":"article","og_title":"Schafft Wohnraum! - Johannes Sieber","og_description":"Am 29. November stimmen wir in Basel-Stadt \u00fcber das neue Wohnraumf\u00f6rderungsgesetz ab, das der Grosse Rat im April beschlossen hat. Dagegen wurde das Referendum ergriffen. Der Regierungsrat und der Grosse Rat empfehlen ein Ja zur...","og_url":"https:\/\/www.johannes-sieber.ch\/move\/schafft-wohnraum\/","og_site_name":"Johannes Sieber","article_published_time":"2020-11-11T08:39:21+00:00","article_modified_time":"2020-11-11T08:39:22+00:00","og_image":[{"width":1600,"height":1066,"url":"https:\/\/www.johannes-sieber.ch\/move\/wp-content\/uploads\/2020\/11\/erlenmatt.jpg","type":"image\/jpeg"}],"author":"Johannes Sieber","twitter_card":"summary_large_image","twitter_creator":"@https:\/\/twitter.com\/JohannesSieber","twitter_site":"@JohannesSieber","twitter_misc":{"Verfasst von":"Johannes Sieber","Gesch\u00e4tzte Lesezeit":"3\u00a0Minuten"},"schema":{"@context":"https:\/\/schema.org","@graph":[{"@type":"Article","@id":"https:\/\/www.johannes-sieber.ch\/move\/schafft-wohnraum\/#article","isPartOf":{"@id":"https:\/\/www.johannes-sieber.ch\/move\/schafft-wohnraum\/"},"author":{"name":"Johannes Sieber","@id":"https:\/\/www.johannes-sieber.ch\/move\/#\/schema\/person\/d92682c5f067a49d1c1f925bd5422e14"},"headline":"Schafft Wohnraum!","datePublished":"2020-11-11T08:39:21+00:00","dateModified":"2020-11-11T08:39:22+00:00","mainEntityOfPage":{"@id":"https:\/\/www.johannes-sieber.ch\/move\/schafft-wohnraum\/"},"wordCount":596,"publisher":{"@id":"https:\/\/www.johannes-sieber.ch\/move\/#\/schema\/person\/d92682c5f067a49d1c1f925bd5422e14"},"image":{"@id":"https:\/\/www.johannes-sieber.ch\/move\/schafft-wohnraum\/#primaryimage"},"thumbnailUrl":"https:\/\/www.johannes-sieber.ch\/move\/wp-content\/uploads\/2020\/11\/erlenmatt.jpg","keywords":["Abstimmung","Stadtentwicklung"],"articleSection":["Position"],"inLanguage":"de"},{"@type":"WebPage","@id":"https:\/\/www.johannes-sieber.ch\/move\/schafft-wohnraum\/","url":"https:\/\/www.johannes-sieber.ch\/move\/schafft-wohnraum\/","name":"Schafft Wohnraum! - Johannes Sieber","isPartOf":{"@id":"https:\/\/www.johannes-sieber.ch\/move\/#website"},"primaryImageOfPage":{"@id":"https:\/\/www.johannes-sieber.ch\/move\/schafft-wohnraum\/#primaryimage"},"image":{"@id":"https:\/\/www.johannes-sieber.ch\/move\/schafft-wohnraum\/#primaryimage"},"thumbnailUrl":"https:\/\/www.johannes-sieber.ch\/move\/wp-content\/uploads\/2020\/11\/erlenmatt.jpg","datePublished":"2020-11-11T08:39:21+00:00","dateModified":"2020-11-11T08:39:22+00:00","breadcrumb":{"@id":"https:\/\/www.johannes-sieber.ch\/move\/schafft-wohnraum\/#breadcrumb"},"inLanguage":"de","potentialAction":[{"@type":"ReadAction","target":["https:\/\/www.johannes-sieber.ch\/move\/schafft-wohnraum\/"]}]},{"@type":"ImageObject","inLanguage":"de","@id":"https:\/\/www.johannes-sieber.ch\/move\/schafft-wohnraum\/#primaryimage","url":"https:\/\/www.johannes-sieber.ch\/move\/wp-content\/uploads\/2020\/11\/erlenmatt.jpg","contentUrl":"https:\/\/www.johannes-sieber.ch\/move\/wp-content\/uploads\/2020\/11\/erlenmatt.jpg","width":1600,"height":1066,"caption":"Erlenmatt by Stiftung Habitat"},{"@type":"BreadcrumbList","@id":"https:\/\/www.johannes-sieber.ch\/move\/schafft-wohnraum\/#breadcrumb","itemListElement":[{"@type":"ListItem","position":1,"name":"Startseite","item":"https:\/\/www.johannes-sieber.ch\/move\/"},{"@type":"ListItem","position":2,"name":"Schafft Wohnraum!"}]},{"@type":"WebSite","@id":"https:\/\/www.johannes-sieber.ch\/move\/#website","url":"https:\/\/www.johannes-sieber.ch\/move\/","name":"Johannes Sieber","description":"Notizen zu Kultur, Klima, Stadt &amp; Menschen","publisher":{"@id":"https:\/\/www.johannes-sieber.ch\/move\/#\/schema\/person\/d92682c5f067a49d1c1f925bd5422e14"},"potentialAction":[{"@type":"SearchAction","target":{"@type":"EntryPoint","urlTemplate":"https:\/\/www.johannes-sieber.ch\/move\/?s={search_term_string}"},"query-input":{"@type":"PropertyValueSpecification","valueRequired":true,"valueName":"search_term_string"}}],"inLanguage":"de"},{"@type":["Person","Organization"],"@id":"https:\/\/www.johannes-sieber.ch\/move\/#\/schema\/person\/d92682c5f067a49d1c1f925bd5422e14","name":"Johannes Sieber","image":{"@type":"ImageObject","inLanguage":"de","@id":"https:\/\/secure.gravatar.com\/avatar\/31f81941f5205fb74a8b0f15334401b3be15721e177e88208533a81bf8dae247?s=96&d=mm&r=g","url":"https:\/\/secure.gravatar.com\/avatar\/31f81941f5205fb74a8b0f15334401b3be15721e177e88208533a81bf8dae247?s=96&d=mm&r=g","contentUrl":"https:\/\/secure.gravatar.com\/avatar\/31f81941f5205fb74a8b0f15334401b3be15721e177e88208533a81bf8dae247?s=96&d=mm&r=g","caption":"Johannes Sieber"},"logo":{"@id":"https:\/\/secure.gravatar.com\/avatar\/31f81941f5205fb74a8b0f15334401b3be15721e177e88208533a81bf8dae247?s=96&d=mm&r=g"},"sameAs":["https:\/\/www.johannes-sieber.ch\/","https:\/\/www.instagram.com\/johannes__sieber","https:\/\/x.com\/https:\/\/twitter.com\/JohannesSieber"],"url":"https:\/\/www.johannes-sieber.ch\/move\/author\/admin\/"}]}},"jetpack_featured_media_url":"https:\/\/www.johannes-sieber.ch\/move\/wp-content\/uploads\/2020\/11\/erlenmatt.jpg","jetpack_sharing_enabled":true,"_links":{"self":[{"href":"https:\/\/www.johannes-sieber.ch\/move\/wp-json\/wp\/v2\/posts\/3581","targetHints":{"allow":["GET"]}}],"collection":[{"href":"https:\/\/www.johannes-sieber.ch\/move\/wp-json\/wp\/v2\/posts"}],"about":[{"href":"https:\/\/www.johannes-sieber.ch\/move\/wp-json\/wp\/v2\/types\/post"}],"author":[{"embeddable":true,"href":"https:\/\/www.johannes-sieber.ch\/move\/wp-json\/wp\/v2\/users\/1"}],"replies":[{"embeddable":true,"href":"https:\/\/www.johannes-sieber.ch\/move\/wp-json\/wp\/v2\/comments?post=3581"}],"version-history":[{"count":61,"href":"https:\/\/www.johannes-sieber.ch\/move\/wp-json\/wp\/v2\/posts\/3581\/revisions"}],"predecessor-version":[{"id":3645,"href":"https:\/\/www.johannes-sieber.ch\/move\/wp-json\/wp\/v2\/posts\/3581\/revisions\/3645"}],"wp:featuredmedia":[{"embeddable":true,"href":"https:\/\/www.johannes-sieber.ch\/move\/wp-json\/wp\/v2\/media\/3583"}],"wp:attachment":[{"href":"https:\/\/www.johannes-sieber.ch\/move\/wp-json\/wp\/v2\/media?parent=3581"}],"wp:term":[{"taxonomy":"category","embeddable":true,"href":"https:\/\/www.johannes-sieber.ch\/move\/wp-json\/wp\/v2\/categories?post=3581"},{"taxonomy":"post_tag","embeddable":true,"href":"https:\/\/www.johannes-sieber.ch\/move\/wp-json\/wp\/v2\/tags?post=3581"}],"curies":[{"name":"wp","href":"https:\/\/api.w.org\/{rel}","templated":true}]}}