{"id":4202,"date":"2021-01-31T13:14:15","date_gmt":"2021-01-31T12:14:15","guid":{"rendered":"https:\/\/www.johannes-sieber.ch\/move\/?p=4202"},"modified":"2021-03-06T16:57:44","modified_gmt":"2021-03-06T15:57:44","slug":"nein-zum-burkaverbot","status":"publish","type":"post","link":"https:\/\/www.johannes-sieber.ch\/move\/nein-zum-burkaverbot\/","title":{"rendered":"Nein zum Burkaverbot"},"content":{"rendered":"\n<p>Ein engagierter Kreis von selbsternannten Feministen um Walter Wobmann und Ulrich Schl\u00fcer (!) organisiert den Widerstand gegen die Unterdr\u00fcckung der Frau. Doch nicht etwa Lohngleichheit, Kindertagesst\u00e4tten und Massnahmen gegen h\u00e4usliche Gewalt sind ihr dringliches Anliegen, nein, Kleider mit Vollverschleierung sollen mittels Verfassung verboten werden.<\/p>\n\n\n\n<p>Nach dem Minarett-Verbot im 2009 kommt am 7. M\u00e4rz 2021 der zweite Streich des Egerkinger Komitees an die Urne. Das Anliegen hat so wenig einen feministischen Hintergrund wie Frauenrechte zum Ziel. Wie das Minaret-Verbot will die rechtsnationale Initiative dem Islam ein paar Pfl\u00f6cke einschlagen, um daran einen Grenzzaun zu errichten.<\/p>\n\n\n\n<p>Dass das nutzlose Symbolpolitik ist, ist offensichtlich. Aber das Verbot ist mehr als das: Es ist hinsichtlich Gleichstellung auch kontraproduktiv. Denn sollte es in der Schweiz tats\u00e4chlich Frauen geben, die zum Tragen einer Burka gezwungen werden, w\u00fcrden diese Frauen bei einem Verbot das Haus gar nicht mehr verlassen d\u00fcrfen.<\/p>\n\n\n\n<p>Es steht ausser Frage, dass gegen patriarchale Strukturen vorgegangen werden muss; Frauenrechte, Rechte f\u00fcr Homosexuelle und Transmenschen und vieles mehr. Es gibt viel zu tun! Selbstverst\u00e4ndlich ist Gleichstellung auch in Bezug auf Migration- und Fl\u00fcchtlingspolitik ein Thema. Vulnerable Personengruppen ben\u00f6tigen einen ganzen F\u00e4cher an spezifischer Unterst\u00fctzung. Doch dieses Verbot z\u00e4hlt nicht dazu.<\/p>\n\n\n\n<p>Stimmen Sie am 7. M\u00e4rz NEIN zum Burkaverbot.<\/p>\n\n\n\n<p class=\"hinweisbox\">\nRadio: Deutschlandfunk, 28.01.2021<br>\nRebellinnen hinter dem Schleier<br>\n<a rel=\"noreferrer noopener\" href=\"https:\/\/www.deutschlandfunk.de\/burka-verbot-in-frankreich-rebellinnen-hinter-dem-schleier.886.de.html?dram%3Aarticle_id=491607&amp;fbclid=IwAR3lchnqBULfg_c9L1I3mbjKHPnFtc99gjzRwGLkh23Pbxaq4W75Z24Mf74\" target=\"_blank\">www.deutschlandfunk.de<\/a>\n<\/p>\n\n\n\n<p class=\"hinweisbox\">\nZeitung: NZZ, 08.01.2021<br>\n\u00abDer gr\u00f6sste Irrtum? Dass hinter jeder Nikabtr\u00e4gerin ein Ehemann, ein \u00e4lterer Bruder oder der Vater steht, der sie dazu zwingt\u00bb<br>\n<a rel=\"noreferrer noopener\" href=\"https:\/\/www.nzz.ch\/schweiz\/burkaverbot-warum-viele-annahmen-ueber-vollverhuellte-falsch-sind-ld.1594888?reduced=true\" target=\"_blank\">www.nzz.ch<\/a>\n<\/p>\n\n\n\n<p class=\"hinweisbox\">\nZeitung: WOZ, 28.01.2021<br>\nTrau nicht den Wertepredigern<br>\n<a rel=\"noreferrer noopener\" href=\"https:\/\/www.woz.ch\/2104\/burkaverbot\/trau-nicht-den-wertepredigern\" target=\"_blank\">www.woz.ch<\/a>\n<\/p>\n\n\n\n<p class=\"hinweisbox\"> Fernsehen: Arena, 29.01.2021<br> Burka verbieten \u2013 Probleme gel\u00f6st?<br> <a rel=\"noreferrer noopener\" href=\"https:\/\/www.srf.ch\/play\/tv\/arena\/video\/burka-verbieten---probleme-geloest?urn=urn:srf:video:5f818ec3-67f7-4d23-94c6-03966ccd5ec4\" target=\"_blank\">SRF Schweizer Radio und Fernsehen<\/a> <\/p>\n\n\n\n<p class=\"hinweisbox\"> Facebook: Michael Elsener, 31.01.2021<br> Pro &amp; Contra zum Verh\u00fcllungs-Verbot<br> <a rel=\"noreferrer noopener\" href=\"https:\/\/www.facebook.com\/420741271360720\/videos\/850773412322608\" target=\"_blank\">Facebook<\/a> <\/p>\n\n\n\n<p class=\"hinweisbox\">\nOnline: Operation Libero<br>\nNEIN zum Burkaverbot am 7. M\u00e4rz<br>\n<a rel=\"noreferrer noopener\" href=\"https:\/\/beta.operation-libero.ch\/de\" target=\"_blank\">www.operation-libero.ch<\/a>\n<\/p>\n\n\n\n<p class=\"hinweisbox\">\nWebsite: Egerkinger Komitee<br>\nStopp der Islamisierung der Schweiz<br>\n<a rel=\"noreferrer noopener\" href=\"https:\/\/egerkingerkomitee.ch\" target=\"_blank\">www.egerkingerkomitee.ch<\/a>\n<\/p>\n\n\n\n<p class=\"fotoquelle\">Foto zu Notiz: Operation Libero<\/p>\n","protected":false},"excerpt":{"rendered":"<p>Ein engagierter Kreis von selbsternannten Feministen um Walter Wobmann und Ulrich Schl\u00fcer (!) organisiert den Widerstand gegen die Unterdr\u00fcckung der Frau. Doch nicht etwa Lohngleichheit, Kindertagesst\u00e4tten und Massnahmen gegen h\u00e4usliche Gewalt sind ihr dringliches Anliegen,&#8230;<\/p>\n","protected":false},"author":1,"featured_media":4207,"comment_status":"closed","ping_status":"open","sticky":false,"template":"","format":"standard","meta":{"_jetpack_memberships_contains_paid_content":false,"footnotes":""},"categories":[36],"tags":[65,115],"class_list":["post-4202","post","type-post","status-publish","format-standard","has-post-thumbnail","hentry","category-position","tag-abstimmung","tag-burkaverbot"],"yoast_head":"<!-- This site is optimized with the Yoast SEO plugin v27.5 - https:\/\/yoast.com\/product\/yoast-seo-wordpress\/ -->\n<title>Nein zum Burkaverbot - Johannes Sieber<\/title>\n<meta name=\"robots\" content=\"index, follow, max-snippet:-1, max-image-preview:large, max-video-preview:-1\" \/>\n<link rel=\"canonical\" href=\"https:\/\/www.johannes-sieber.ch\/move\/nein-zum-burkaverbot\/\" \/>\n<meta property=\"og:locale\" content=\"de_DE\" \/>\n<meta property=\"og:type\" content=\"article\" \/>\n<meta property=\"og:title\" content=\"Nein zum Burkaverbot - Johannes Sieber\" \/>\n<meta property=\"og:description\" content=\"Ein engagierter Kreis von selbsternannten Feministen um Walter Wobmann und Ulrich Schl\u00fcer (!) organisiert den Widerstand gegen die Unterdr\u00fcckung der Frau. Doch nicht etwa Lohngleichheit, Kindertagesst\u00e4tten und Massnahmen gegen h\u00e4usliche Gewalt sind ihr dringliches Anliegen,...\" \/>\n<meta property=\"og:url\" content=\"https:\/\/www.johannes-sieber.ch\/move\/nein-zum-burkaverbot\/\" \/>\n<meta property=\"og:site_name\" content=\"Johannes Sieber\" \/>\n<meta property=\"article:published_time\" content=\"2021-01-31T12:14:15+00:00\" \/>\n<meta property=\"article:modified_time\" content=\"2021-03-06T15:57:44+00:00\" \/>\n<meta property=\"og:image\" content=\"https:\/\/www.johannes-sieber.ch\/move\/wp-content\/uploads\/2021\/01\/burkaverbot-nein-operationlibero.jpg\" \/>\n\t<meta property=\"og:image:width\" content=\"1200\" \/>\n\t<meta property=\"og:image:height\" content=\"848\" \/>\n\t<meta property=\"og:image:type\" content=\"image\/jpeg\" \/>\n<meta name=\"author\" content=\"Johannes Sieber\" \/>\n<meta name=\"twitter:card\" content=\"summary_large_image\" \/>\n<meta name=\"twitter:creator\" content=\"@https:\/\/twitter.com\/JohannesSieber\" \/>\n<meta name=\"twitter:site\" content=\"@JohannesSieber\" \/>\n<meta name=\"twitter:label1\" content=\"Verfasst von\" \/>\n\t<meta name=\"twitter:data1\" content=\"Johannes Sieber\" \/>\n\t<meta name=\"twitter:label2\" content=\"Gesch\u00e4tzte Lesezeit\" \/>\n\t<meta name=\"twitter:data2\" content=\"2\u00a0Minuten\" \/>\n<script type=\"application\/ld+json\" class=\"yoast-schema-graph\">{\"@context\":\"https:\\\/\\\/schema.org\",\"@graph\":[{\"@type\":\"Article\",\"@id\":\"https:\\\/\\\/www.johannes-sieber.ch\\\/move\\\/nein-zum-burkaverbot\\\/#article\",\"isPartOf\":{\"@id\":\"https:\\\/\\\/www.johannes-sieber.ch\\\/move\\\/nein-zum-burkaverbot\\\/\"},\"author\":{\"name\":\"Johannes Sieber\",\"@id\":\"https:\\\/\\\/www.johannes-sieber.ch\\\/move\\\/#\\\/schema\\\/person\\\/d92682c5f067a49d1c1f925bd5422e14\"},\"headline\":\"Nein zum Burkaverbot\",\"datePublished\":\"2021-01-31T12:14:15+00:00\",\"dateModified\":\"2021-03-06T15:57:44+00:00\",\"mainEntityOfPage\":{\"@id\":\"https:\\\/\\\/www.johannes-sieber.ch\\\/move\\\/nein-zum-burkaverbot\\\/\"},\"wordCount\":313,\"publisher\":{\"@id\":\"https:\\\/\\\/www.johannes-sieber.ch\\\/move\\\/#\\\/schema\\\/person\\\/d92682c5f067a49d1c1f925bd5422e14\"},\"image\":{\"@id\":\"https:\\\/\\\/www.johannes-sieber.ch\\\/move\\\/nein-zum-burkaverbot\\\/#primaryimage\"},\"thumbnailUrl\":\"https:\\\/\\\/www.johannes-sieber.ch\\\/move\\\/wp-content\\\/uploads\\\/2021\\\/01\\\/burkaverbot-nein-operationlibero.jpg\",\"keywords\":[\"Abstimmung\",\"Burkaverbot\"],\"articleSection\":[\"Position\"],\"inLanguage\":\"de\"},{\"@type\":\"WebPage\",\"@id\":\"https:\\\/\\\/www.johannes-sieber.ch\\\/move\\\/nein-zum-burkaverbot\\\/\",\"url\":\"https:\\\/\\\/www.johannes-sieber.ch\\\/move\\\/nein-zum-burkaverbot\\\/\",\"name\":\"Nein zum Burkaverbot - Johannes Sieber\",\"isPartOf\":{\"@id\":\"https:\\\/\\\/www.johannes-sieber.ch\\\/move\\\/#website\"},\"primaryImageOfPage\":{\"@id\":\"https:\\\/\\\/www.johannes-sieber.ch\\\/move\\\/nein-zum-burkaverbot\\\/#primaryimage\"},\"image\":{\"@id\":\"https:\\\/\\\/www.johannes-sieber.ch\\\/move\\\/nein-zum-burkaverbot\\\/#primaryimage\"},\"thumbnailUrl\":\"https:\\\/\\\/www.johannes-sieber.ch\\\/move\\\/wp-content\\\/uploads\\\/2021\\\/01\\\/burkaverbot-nein-operationlibero.jpg\",\"datePublished\":\"2021-01-31T12:14:15+00:00\",\"dateModified\":\"2021-03-06T15:57:44+00:00\",\"breadcrumb\":{\"@id\":\"https:\\\/\\\/www.johannes-sieber.ch\\\/move\\\/nein-zum-burkaverbot\\\/#breadcrumb\"},\"inLanguage\":\"de\",\"potentialAction\":[{\"@type\":\"ReadAction\",\"target\":[\"https:\\\/\\\/www.johannes-sieber.ch\\\/move\\\/nein-zum-burkaverbot\\\/\"]}]},{\"@type\":\"ImageObject\",\"inLanguage\":\"de\",\"@id\":\"https:\\\/\\\/www.johannes-sieber.ch\\\/move\\\/nein-zum-burkaverbot\\\/#primaryimage\",\"url\":\"https:\\\/\\\/www.johannes-sieber.ch\\\/move\\\/wp-content\\\/uploads\\\/2021\\\/01\\\/burkaverbot-nein-operationlibero.jpg\",\"contentUrl\":\"https:\\\/\\\/www.johannes-sieber.ch\\\/move\\\/wp-content\\\/uploads\\\/2021\\\/01\\\/burkaverbot-nein-operationlibero.jpg\",\"width\":1200,\"height\":848,\"caption\":\"burkaverbot-nein-operationlibero\"},{\"@type\":\"BreadcrumbList\",\"@id\":\"https:\\\/\\\/www.johannes-sieber.ch\\\/move\\\/nein-zum-burkaverbot\\\/#breadcrumb\",\"itemListElement\":[{\"@type\":\"ListItem\",\"position\":1,\"name\":\"Startseite\",\"item\":\"https:\\\/\\\/www.johannes-sieber.ch\\\/move\\\/\"},{\"@type\":\"ListItem\",\"position\":2,\"name\":\"Nein zum Burkaverbot\"}]},{\"@type\":\"WebSite\",\"@id\":\"https:\\\/\\\/www.johannes-sieber.ch\\\/move\\\/#website\",\"url\":\"https:\\\/\\\/www.johannes-sieber.ch\\\/move\\\/\",\"name\":\"Johannes Sieber\",\"description\":\"Notizen zu Kultur, Klima, Stadt &amp; Menschen\",\"publisher\":{\"@id\":\"https:\\\/\\\/www.johannes-sieber.ch\\\/move\\\/#\\\/schema\\\/person\\\/d92682c5f067a49d1c1f925bd5422e14\"},\"potentialAction\":[{\"@type\":\"SearchAction\",\"target\":{\"@type\":\"EntryPoint\",\"urlTemplate\":\"https:\\\/\\\/www.johannes-sieber.ch\\\/move\\\/?s={search_term_string}\"},\"query-input\":{\"@type\":\"PropertyValueSpecification\",\"valueRequired\":true,\"valueName\":\"search_term_string\"}}],\"inLanguage\":\"de\"},{\"@type\":[\"Person\",\"Organization\"],\"@id\":\"https:\\\/\\\/www.johannes-sieber.ch\\\/move\\\/#\\\/schema\\\/person\\\/d92682c5f067a49d1c1f925bd5422e14\",\"name\":\"Johannes Sieber\",\"image\":{\"@type\":\"ImageObject\",\"inLanguage\":\"de\",\"@id\":\"https:\\\/\\\/secure.gravatar.com\\\/avatar\\\/31f81941f5205fb74a8b0f15334401b3be15721e177e88208533a81bf8dae247?s=96&d=mm&r=g\",\"url\":\"https:\\\/\\\/secure.gravatar.com\\\/avatar\\\/31f81941f5205fb74a8b0f15334401b3be15721e177e88208533a81bf8dae247?s=96&d=mm&r=g\",\"contentUrl\":\"https:\\\/\\\/secure.gravatar.com\\\/avatar\\\/31f81941f5205fb74a8b0f15334401b3be15721e177e88208533a81bf8dae247?s=96&d=mm&r=g\",\"caption\":\"Johannes Sieber\"},\"logo\":{\"@id\":\"https:\\\/\\\/secure.gravatar.com\\\/avatar\\\/31f81941f5205fb74a8b0f15334401b3be15721e177e88208533a81bf8dae247?s=96&d=mm&r=g\"},\"sameAs\":[\"https:\\\/\\\/www.johannes-sieber.ch\\\/\",\"https:\\\/\\\/www.instagram.com\\\/johannes__sieber\",\"https:\\\/\\\/x.com\\\/https:\\\/\\\/twitter.com\\\/JohannesSieber\"],\"url\":\"https:\\\/\\\/www.johannes-sieber.ch\\\/move\\\/author\\\/admin\\\/\"}]}<\/script>\n<!-- \/ Yoast SEO plugin. -->","yoast_head_json":{"title":"Nein zum Burkaverbot - Johannes Sieber","robots":{"index":"index","follow":"follow","max-snippet":"max-snippet:-1","max-image-preview":"max-image-preview:large","max-video-preview":"max-video-preview:-1"},"canonical":"https:\/\/www.johannes-sieber.ch\/move\/nein-zum-burkaverbot\/","og_locale":"de_DE","og_type":"article","og_title":"Nein zum Burkaverbot - Johannes Sieber","og_description":"Ein engagierter Kreis von selbsternannten Feministen um Walter Wobmann und Ulrich Schl\u00fcer (!) organisiert den Widerstand gegen die Unterdr\u00fcckung der Frau. Doch nicht etwa Lohngleichheit, Kindertagesst\u00e4tten und Massnahmen gegen h\u00e4usliche Gewalt sind ihr dringliches Anliegen,...","og_url":"https:\/\/www.johannes-sieber.ch\/move\/nein-zum-burkaverbot\/","og_site_name":"Johannes Sieber","article_published_time":"2021-01-31T12:14:15+00:00","article_modified_time":"2021-03-06T15:57:44+00:00","og_image":[{"width":1200,"height":848,"url":"https:\/\/www.johannes-sieber.ch\/move\/wp-content\/uploads\/2021\/01\/burkaverbot-nein-operationlibero.jpg","type":"image\/jpeg"}],"author":"Johannes Sieber","twitter_card":"summary_large_image","twitter_creator":"@https:\/\/twitter.com\/JohannesSieber","twitter_site":"@JohannesSieber","twitter_misc":{"Verfasst von":"Johannes Sieber","Gesch\u00e4tzte Lesezeit":"2\u00a0Minuten"},"schema":{"@context":"https:\/\/schema.org","@graph":[{"@type":"Article","@id":"https:\/\/www.johannes-sieber.ch\/move\/nein-zum-burkaverbot\/#article","isPartOf":{"@id":"https:\/\/www.johannes-sieber.ch\/move\/nein-zum-burkaverbot\/"},"author":{"name":"Johannes Sieber","@id":"https:\/\/www.johannes-sieber.ch\/move\/#\/schema\/person\/d92682c5f067a49d1c1f925bd5422e14"},"headline":"Nein zum Burkaverbot","datePublished":"2021-01-31T12:14:15+00:00","dateModified":"2021-03-06T15:57:44+00:00","mainEntityOfPage":{"@id":"https:\/\/www.johannes-sieber.ch\/move\/nein-zum-burkaverbot\/"},"wordCount":313,"publisher":{"@id":"https:\/\/www.johannes-sieber.ch\/move\/#\/schema\/person\/d92682c5f067a49d1c1f925bd5422e14"},"image":{"@id":"https:\/\/www.johannes-sieber.ch\/move\/nein-zum-burkaverbot\/#primaryimage"},"thumbnailUrl":"https:\/\/www.johannes-sieber.ch\/move\/wp-content\/uploads\/2021\/01\/burkaverbot-nein-operationlibero.jpg","keywords":["Abstimmung","Burkaverbot"],"articleSection":["Position"],"inLanguage":"de"},{"@type":"WebPage","@id":"https:\/\/www.johannes-sieber.ch\/move\/nein-zum-burkaverbot\/","url":"https:\/\/www.johannes-sieber.ch\/move\/nein-zum-burkaverbot\/","name":"Nein zum Burkaverbot - Johannes Sieber","isPartOf":{"@id":"https:\/\/www.johannes-sieber.ch\/move\/#website"},"primaryImageOfPage":{"@id":"https:\/\/www.johannes-sieber.ch\/move\/nein-zum-burkaverbot\/#primaryimage"},"image":{"@id":"https:\/\/www.johannes-sieber.ch\/move\/nein-zum-burkaverbot\/#primaryimage"},"thumbnailUrl":"https:\/\/www.johannes-sieber.ch\/move\/wp-content\/uploads\/2021\/01\/burkaverbot-nein-operationlibero.jpg","datePublished":"2021-01-31T12:14:15+00:00","dateModified":"2021-03-06T15:57:44+00:00","breadcrumb":{"@id":"https:\/\/www.johannes-sieber.ch\/move\/nein-zum-burkaverbot\/#breadcrumb"},"inLanguage":"de","potentialAction":[{"@type":"ReadAction","target":["https:\/\/www.johannes-sieber.ch\/move\/nein-zum-burkaverbot\/"]}]},{"@type":"ImageObject","inLanguage":"de","@id":"https:\/\/www.johannes-sieber.ch\/move\/nein-zum-burkaverbot\/#primaryimage","url":"https:\/\/www.johannes-sieber.ch\/move\/wp-content\/uploads\/2021\/01\/burkaverbot-nein-operationlibero.jpg","contentUrl":"https:\/\/www.johannes-sieber.ch\/move\/wp-content\/uploads\/2021\/01\/burkaverbot-nein-operationlibero.jpg","width":1200,"height":848,"caption":"burkaverbot-nein-operationlibero"},{"@type":"BreadcrumbList","@id":"https:\/\/www.johannes-sieber.ch\/move\/nein-zum-burkaverbot\/#breadcrumb","itemListElement":[{"@type":"ListItem","position":1,"name":"Startseite","item":"https:\/\/www.johannes-sieber.ch\/move\/"},{"@type":"ListItem","position":2,"name":"Nein zum Burkaverbot"}]},{"@type":"WebSite","@id":"https:\/\/www.johannes-sieber.ch\/move\/#website","url":"https:\/\/www.johannes-sieber.ch\/move\/","name":"Johannes Sieber","description":"Notizen zu Kultur, Klima, Stadt &amp; Menschen","publisher":{"@id":"https:\/\/www.johannes-sieber.ch\/move\/#\/schema\/person\/d92682c5f067a49d1c1f925bd5422e14"},"potentialAction":[{"@type":"SearchAction","target":{"@type":"EntryPoint","urlTemplate":"https:\/\/www.johannes-sieber.ch\/move\/?s={search_term_string}"},"query-input":{"@type":"PropertyValueSpecification","valueRequired":true,"valueName":"search_term_string"}}],"inLanguage":"de"},{"@type":["Person","Organization"],"@id":"https:\/\/www.johannes-sieber.ch\/move\/#\/schema\/person\/d92682c5f067a49d1c1f925bd5422e14","name":"Johannes Sieber","image":{"@type":"ImageObject","inLanguage":"de","@id":"https:\/\/secure.gravatar.com\/avatar\/31f81941f5205fb74a8b0f15334401b3be15721e177e88208533a81bf8dae247?s=96&d=mm&r=g","url":"https:\/\/secure.gravatar.com\/avatar\/31f81941f5205fb74a8b0f15334401b3be15721e177e88208533a81bf8dae247?s=96&d=mm&r=g","contentUrl":"https:\/\/secure.gravatar.com\/avatar\/31f81941f5205fb74a8b0f15334401b3be15721e177e88208533a81bf8dae247?s=96&d=mm&r=g","caption":"Johannes Sieber"},"logo":{"@id":"https:\/\/secure.gravatar.com\/avatar\/31f81941f5205fb74a8b0f15334401b3be15721e177e88208533a81bf8dae247?s=96&d=mm&r=g"},"sameAs":["https:\/\/www.johannes-sieber.ch\/","https:\/\/www.instagram.com\/johannes__sieber","https:\/\/x.com\/https:\/\/twitter.com\/JohannesSieber"],"url":"https:\/\/www.johannes-sieber.ch\/move\/author\/admin\/"}]}},"jetpack_featured_media_url":"https:\/\/www.johannes-sieber.ch\/move\/wp-content\/uploads\/2021\/01\/burkaverbot-nein-operationlibero.jpg","jetpack_sharing_enabled":true,"_links":{"self":[{"href":"https:\/\/www.johannes-sieber.ch\/move\/wp-json\/wp\/v2\/posts\/4202","targetHints":{"allow":["GET"]}}],"collection":[{"href":"https:\/\/www.johannes-sieber.ch\/move\/wp-json\/wp\/v2\/posts"}],"about":[{"href":"https:\/\/www.johannes-sieber.ch\/move\/wp-json\/wp\/v2\/types\/post"}],"author":[{"embeddable":true,"href":"https:\/\/www.johannes-sieber.ch\/move\/wp-json\/wp\/v2\/users\/1"}],"replies":[{"embeddable":true,"href":"https:\/\/www.johannes-sieber.ch\/move\/wp-json\/wp\/v2\/comments?post=4202"}],"version-history":[{"count":21,"href":"https:\/\/www.johannes-sieber.ch\/move\/wp-json\/wp\/v2\/posts\/4202\/revisions"}],"predecessor-version":[{"id":4358,"href":"https:\/\/www.johannes-sieber.ch\/move\/wp-json\/wp\/v2\/posts\/4202\/revisions\/4358"}],"wp:featuredmedia":[{"embeddable":true,"href":"https:\/\/www.johannes-sieber.ch\/move\/wp-json\/wp\/v2\/media\/4207"}],"wp:attachment":[{"href":"https:\/\/www.johannes-sieber.ch\/move\/wp-json\/wp\/v2\/media?parent=4202"}],"wp:term":[{"taxonomy":"category","embeddable":true,"href":"https:\/\/www.johannes-sieber.ch\/move\/wp-json\/wp\/v2\/categories?post=4202"},{"taxonomy":"post_tag","embeddable":true,"href":"https:\/\/www.johannes-sieber.ch\/move\/wp-json\/wp\/v2\/tags?post=4202"}],"curies":[{"name":"wp","href":"https:\/\/api.w.org\/{rel}","templated":true}]}}