{"id":5430,"date":"2021-08-18T12:38:36","date_gmt":"2021-08-18T11:38:36","guid":{"rendered":"https:\/\/www.johannes-sieber.ch\/move\/?p=5430"},"modified":"2021-08-19T06:43:55","modified_gmt":"2021-08-19T05:43:55","slug":"basel-over-the-rainbow","status":"publish","type":"post","link":"https:\/\/www.johannes-sieber.ch\/move\/basel-over-the-rainbow\/","title":{"rendered":"Basel over the Rainbow"},"content":{"rendered":"\n<p>Heute ging die Revision des kantonalen Gleichstellungsgesetz in die Vernehmlassung.  Bis am 17. November hat die Bev\u00f6lkerung Zeit, sich bez\u00fcglich der definitiven Fassung einzubringen. Diese wird dann \u00fcber die Justizkommission des Grossen Rats zur Annahme empfohlen.<\/p>\n\n\n\n<p>Die Gesetzes\u00e4nderung geht zur\u00fcck auf den Vorstoss der damaligen Grossr\u00e4tin Nora Bertschi betreffend der Gleichstellung von Menschen, unabh\u00e4ngig ihrer sexuellen Orientierung. Der Anzug fordert unter anderem, dass die \u00abThematik LGBTIQ\u00bb bei der kantonalen Verwaltung zugeordnet wird. Genau das soll mit der vorgeschlagenen Gesetzesrevision nun m\u00f6glich werden.<\/p>\n\n\n\n<p>Das Gesetz ist \u2013 zumindest auf einen ersten Blick \u2013 ganz gut gelungen.&nbsp;Besonders zu begr\u00fcssen ist, dass es weit gefasst ist und eine&nbsp;differenzierte Auffassung von Geschlecht zum Ausdruck bringt. So umfasst der Begriff \u00abGeschlecht\u00bb zurecht auch die Geschlechtsidentit\u00e4t und den Geschlechtsausdruck. Das ist gut so und bietet eine gute Grundlage, die kantonale Gleichstellungs-Arbeit weiter zu entwickeln.<\/p>\n\n\n\n<p>Inwiefern letzteres im Sinne der Bev\u00f6lkerung geschieht, ist massgeblich von der Umsetzung abh\u00e4ngig. Von Bedeutung sind darum in erster Linie die R\u00fcckmeldungen aus der LGBTIQ-Community. Sie soll in der Vernehmlassung&nbsp;angeh\u00f6rt werden. Vor allem aber muss eine nachhaltig wirkende Zusammenarbeit zwischen Verwaltung und Community gesucht und aufgebaut werden. Diese existiert bis heute leider nicht.<\/p>\n\n\n\n<p>Gesetzliche Grundlage und Umsetzung der kantonalen Gleichstellungs-Arbeit sind also zweierlei. Damit letztere nachhaltig den sich wandelnden Bed\u00fcrfnissen der Bev\u00f6lkerung entspricht, soll sie umfassend, nachvollziehbar und zielf\u00fchrend weiterentwickelt und umgesetzt werden. Aus diesem Grund habe ich bereits im Mai die Motion f\u00fcr eine \u00abGleichstellungsstrategie 2030\u00bb eingereicht. Sie wird im Herbst im Grossen Rat beraten.<\/p>\n\n\n\n<p class=\"hinweisbox\">\nOnline: Kanton Basel-Stadt, Vernehmlassungen, 18.08.21<br>\nEntwurf zum Kant. Gleichstellungsgesetz zu Geschlecht und sexueller Orientierung<br>\n<a rel=\"noreferrer noopener\" href=\"https:\/\/www.regierungsrat.bs.ch\/geschaefte\/vernehmlassungen.html\" target=\"_blank\">\nRegierungsrat Kanton Basel-Stadt, Vernehmlassungen<\/a> <\/p>\n\n\n\n<p class=\"hinweisbox\">\nOnline: Johannes Sieber, Notiz vom 16.06.21<br>\nMotion: Gleichstellungsstrategie 2030<br>\n<a rel=\"noreferrer noopener\" href=\"https:\/\/www.johannes-sieber.ch\/move\/gleichstellungsstrategie-2030\/\" target=\"_blank\">\nJohannes Sieber, Notizen<\/a> <\/p>\n\n\n\n<p class=\"hinweisbox\">\nOnline: Grosser Rat, Nora Bertschi, Gesch\u00e4ft 17.5022, 08.02.17<br>\nAnzug Nora Bertschi und Konsorten betreffend die Gleichstellung von Menschen unabh\u00e4ngig ihrer sexuellen Orientierung<br>\n<a rel=\"noreferrer noopener\" href=\"https:\/\/www.grosserrat.bs.ch\/ratsbetrieb\/geschaefte\/200108380\" target=\"_blank\">\nGrosser Rat, Gesch\u00e4ftsverzeichnis<\/a> <\/p>\n\n\n\n<p class=\"hinweisbox\">Zeitung: Basler Zeitung, Katrin Hauser, 19.08.21<br>\u00abMann\u00bb und \u00abFrau\u00bb verschwinden aus der Geschlechterdefinition<br><a rel=\"noreferrer noopener\" href=\"https:\/\/www.bazonline.ch\/mann-und-frau-verschwinden-aus-der-geschlechterdefinition-419863254611\" target=\"_blank\">Basler Zeitung<\/a><\/p>\n\n\n\n<p class=\"hinweisbox\">Zeitung: bz &#8211; Zeitung f\u00fcr die Region Basel, Patrick Marcolli und Silvana Schreier, 19.08.21<br>Ein Gesetz im Sog des Zeitgeists: Basel will Menschen aus der LGBTI-Community nicht mehr nur mitmeinen<br><a rel=\"noreferrer noopener\" href=\"https:\/\/www.bzbasel.ch\/basel\/basel-stadt\/gleichstellung-ein-gesetz-im-sog-des-zeitgeists-basel-will-menschen-aus-der-lgbti-community-nicht-mehr-nur-mitmeinen-ld.2175361\" target=\"_blank\">bz &#8211; Zeitung f\u00fcr die Region Basel<\/a><\/p>\n\n\n\n<p class=\"hinweisbox\">Zeitung: 20 Minuten, Alexia Mohanadas, 19.08.21<br>Basel-Stadt will Gesetz zu Gleichstellung auf LGBTI erweitern<br><a rel=\"noreferrer noopener\" href=\"https:\/\/www.20min.ch\/story\/basel-stadt-will-gesetz-zu-gleichstellung-auf-lgbti-erweitern-636844571480\" target=\"_blank\">20 Minuten<\/a><\/p>\n\n\n\n<p class=\"fotoquelle\">Foto zur Notiz: Facebook-Header der Abteilung f\u00fcr Gleichstellung vom 18.08.21<\/p>\n\n\n\n<p>  <\/p>\n","protected":false},"excerpt":{"rendered":"<p>Heute ging die Revision des kantonalen Gleichstellungsgesetz in die Vernehmlassung. Bis am 17. November hat die Bev\u00f6lkerung Zeit, sich bez\u00fcglich der definitiven Fassung einzubringen. Diese wird dann \u00fcber die Justizkommission des Grossen Rats zur Annahme&#8230;<\/p>\n","protected":false},"author":1,"featured_media":5464,"comment_status":"closed","ping_status":"open","sticky":false,"template":"","format":"standard","meta":{"_jetpack_memberships_contains_paid_content":false,"footnotes":""},"categories":[38],"tags":[21,40],"class_list":["post-5430","post","type-post","status-publish","format-standard","has-post-thumbnail","hentry","category-gleichstellung","tag-gleichstellung","tag-lgbtiq"],"yoast_head":"<!-- This site is optimized with the Yoast SEO plugin v27.4 - https:\/\/yoast.com\/product\/yoast-seo-wordpress\/ -->\n<title>Basel over the Rainbow - Johannes Sieber<\/title>\n<meta name=\"robots\" content=\"index, follow, max-snippet:-1, max-image-preview:large, max-video-preview:-1\" \/>\n<link rel=\"canonical\" href=\"https:\/\/www.johannes-sieber.ch\/move\/basel-over-the-rainbow\/\" \/>\n<meta property=\"og:locale\" content=\"de_DE\" \/>\n<meta property=\"og:type\" content=\"article\" \/>\n<meta property=\"og:title\" content=\"Basel over the Rainbow - Johannes Sieber\" \/>\n<meta property=\"og:description\" content=\"Heute ging die Revision des kantonalen Gleichstellungsgesetz in die Vernehmlassung. Bis am 17. November hat die Bev\u00f6lkerung Zeit, sich bez\u00fcglich der definitiven Fassung einzubringen. Diese wird dann \u00fcber die Justizkommission des Grossen Rats zur Annahme...\" \/>\n<meta property=\"og:url\" content=\"https:\/\/www.johannes-sieber.ch\/move\/basel-over-the-rainbow\/\" \/>\n<meta property=\"og:site_name\" content=\"Johannes Sieber\" \/>\n<meta property=\"article:published_time\" content=\"2021-08-18T11:38:36+00:00\" \/>\n<meta property=\"article:modified_time\" content=\"2021-08-19T05:43:55+00:00\" \/>\n<meta property=\"og:image\" content=\"https:\/\/www.johannes-sieber.ch\/move\/wp-content\/uploads\/2021\/08\/regenbogenbasel.jpg\" \/>\n\t<meta property=\"og:image:width\" content=\"1478\" \/>\n\t<meta property=\"og:image:height\" content=\"924\" \/>\n\t<meta property=\"og:image:type\" content=\"image\/jpeg\" \/>\n<meta name=\"author\" content=\"Johannes Sieber\" \/>\n<meta name=\"twitter:card\" content=\"summary_large_image\" \/>\n<meta name=\"twitter:creator\" content=\"@https:\/\/twitter.com\/JohannesSieber\" \/>\n<meta name=\"twitter:site\" content=\"@JohannesSieber\" \/>\n<meta name=\"twitter:label1\" content=\"Verfasst von\" \/>\n\t<meta name=\"twitter:data1\" content=\"Johannes Sieber\" \/>\n\t<meta name=\"twitter:label2\" content=\"Gesch\u00e4tzte Lesezeit\" \/>\n\t<meta name=\"twitter:data2\" content=\"2\u00a0Minuten\" \/>\n<script type=\"application\/ld+json\" class=\"yoast-schema-graph\">{\"@context\":\"https:\\\/\\\/schema.org\",\"@graph\":[{\"@type\":\"Article\",\"@id\":\"https:\\\/\\\/www.johannes-sieber.ch\\\/move\\\/basel-over-the-rainbow\\\/#article\",\"isPartOf\":{\"@id\":\"https:\\\/\\\/www.johannes-sieber.ch\\\/move\\\/basel-over-the-rainbow\\\/\"},\"author\":{\"name\":\"Johannes Sieber\",\"@id\":\"https:\\\/\\\/www.johannes-sieber.ch\\\/move\\\/#\\\/schema\\\/person\\\/d92682c5f067a49d1c1f925bd5422e14\"},\"headline\":\"Basel over the Rainbow\",\"datePublished\":\"2021-08-18T11:38:36+00:00\",\"dateModified\":\"2021-08-19T05:43:55+00:00\",\"mainEntityOfPage\":{\"@id\":\"https:\\\/\\\/www.johannes-sieber.ch\\\/move\\\/basel-over-the-rainbow\\\/\"},\"wordCount\":395,\"publisher\":{\"@id\":\"https:\\\/\\\/www.johannes-sieber.ch\\\/move\\\/#\\\/schema\\\/person\\\/d92682c5f067a49d1c1f925bd5422e14\"},\"image\":{\"@id\":\"https:\\\/\\\/www.johannes-sieber.ch\\\/move\\\/basel-over-the-rainbow\\\/#primaryimage\"},\"thumbnailUrl\":\"https:\\\/\\\/www.johannes-sieber.ch\\\/move\\\/wp-content\\\/uploads\\\/2021\\\/08\\\/regenbogenbasel.jpg\",\"keywords\":[\"Gleichstellung\",\"LGBTIQ\"],\"articleSection\":[\"Gleichstellung\"],\"inLanguage\":\"de\"},{\"@type\":\"WebPage\",\"@id\":\"https:\\\/\\\/www.johannes-sieber.ch\\\/move\\\/basel-over-the-rainbow\\\/\",\"url\":\"https:\\\/\\\/www.johannes-sieber.ch\\\/move\\\/basel-over-the-rainbow\\\/\",\"name\":\"Basel over the Rainbow - Johannes Sieber\",\"isPartOf\":{\"@id\":\"https:\\\/\\\/www.johannes-sieber.ch\\\/move\\\/#website\"},\"primaryImageOfPage\":{\"@id\":\"https:\\\/\\\/www.johannes-sieber.ch\\\/move\\\/basel-over-the-rainbow\\\/#primaryimage\"},\"image\":{\"@id\":\"https:\\\/\\\/www.johannes-sieber.ch\\\/move\\\/basel-over-the-rainbow\\\/#primaryimage\"},\"thumbnailUrl\":\"https:\\\/\\\/www.johannes-sieber.ch\\\/move\\\/wp-content\\\/uploads\\\/2021\\\/08\\\/regenbogenbasel.jpg\",\"datePublished\":\"2021-08-18T11:38:36+00:00\",\"dateModified\":\"2021-08-19T05:43:55+00:00\",\"breadcrumb\":{\"@id\":\"https:\\\/\\\/www.johannes-sieber.ch\\\/move\\\/basel-over-the-rainbow\\\/#breadcrumb\"},\"inLanguage\":\"de\",\"potentialAction\":[{\"@type\":\"ReadAction\",\"target\":[\"https:\\\/\\\/www.johannes-sieber.ch\\\/move\\\/basel-over-the-rainbow\\\/\"]}]},{\"@type\":\"ImageObject\",\"inLanguage\":\"de\",\"@id\":\"https:\\\/\\\/www.johannes-sieber.ch\\\/move\\\/basel-over-the-rainbow\\\/#primaryimage\",\"url\":\"https:\\\/\\\/www.johannes-sieber.ch\\\/move\\\/wp-content\\\/uploads\\\/2021\\\/08\\\/regenbogenbasel.jpg\",\"contentUrl\":\"https:\\\/\\\/www.johannes-sieber.ch\\\/move\\\/wp-content\\\/uploads\\\/2021\\\/08\\\/regenbogenbasel.jpg\",\"width\":1478,\"height\":924,\"caption\":\"Gleichstellung Basel Regenbogen\"},{\"@type\":\"BreadcrumbList\",\"@id\":\"https:\\\/\\\/www.johannes-sieber.ch\\\/move\\\/basel-over-the-rainbow\\\/#breadcrumb\",\"itemListElement\":[{\"@type\":\"ListItem\",\"position\":1,\"name\":\"Startseite\",\"item\":\"https:\\\/\\\/www.johannes-sieber.ch\\\/move\\\/\"},{\"@type\":\"ListItem\",\"position\":2,\"name\":\"Basel over the Rainbow\"}]},{\"@type\":\"WebSite\",\"@id\":\"https:\\\/\\\/www.johannes-sieber.ch\\\/move\\\/#website\",\"url\":\"https:\\\/\\\/www.johannes-sieber.ch\\\/move\\\/\",\"name\":\"Johannes Sieber\",\"description\":\"Notizen zu Kultur, Klima, Stadt &amp; Menschen\",\"publisher\":{\"@id\":\"https:\\\/\\\/www.johannes-sieber.ch\\\/move\\\/#\\\/schema\\\/person\\\/d92682c5f067a49d1c1f925bd5422e14\"},\"potentialAction\":[{\"@type\":\"SearchAction\",\"target\":{\"@type\":\"EntryPoint\",\"urlTemplate\":\"https:\\\/\\\/www.johannes-sieber.ch\\\/move\\\/?s={search_term_string}\"},\"query-input\":{\"@type\":\"PropertyValueSpecification\",\"valueRequired\":true,\"valueName\":\"search_term_string\"}}],\"inLanguage\":\"de\"},{\"@type\":[\"Person\",\"Organization\"],\"@id\":\"https:\\\/\\\/www.johannes-sieber.ch\\\/move\\\/#\\\/schema\\\/person\\\/d92682c5f067a49d1c1f925bd5422e14\",\"name\":\"Johannes Sieber\",\"image\":{\"@type\":\"ImageObject\",\"inLanguage\":\"de\",\"@id\":\"https:\\\/\\\/secure.gravatar.com\\\/avatar\\\/31f81941f5205fb74a8b0f15334401b3be15721e177e88208533a81bf8dae247?s=96&d=mm&r=g\",\"url\":\"https:\\\/\\\/secure.gravatar.com\\\/avatar\\\/31f81941f5205fb74a8b0f15334401b3be15721e177e88208533a81bf8dae247?s=96&d=mm&r=g\",\"contentUrl\":\"https:\\\/\\\/secure.gravatar.com\\\/avatar\\\/31f81941f5205fb74a8b0f15334401b3be15721e177e88208533a81bf8dae247?s=96&d=mm&r=g\",\"caption\":\"Johannes Sieber\"},\"logo\":{\"@id\":\"https:\\\/\\\/secure.gravatar.com\\\/avatar\\\/31f81941f5205fb74a8b0f15334401b3be15721e177e88208533a81bf8dae247?s=96&d=mm&r=g\"},\"sameAs\":[\"https:\\\/\\\/www.johannes-sieber.ch\\\/\",\"https:\\\/\\\/www.instagram.com\\\/johannes__sieber\",\"https:\\\/\\\/x.com\\\/https:\\\/\\\/twitter.com\\\/JohannesSieber\"],\"url\":\"https:\\\/\\\/www.johannes-sieber.ch\\\/move\\\/author\\\/admin\\\/\"}]}<\/script>\n<!-- \/ Yoast SEO plugin. -->","yoast_head_json":{"title":"Basel over the Rainbow - Johannes Sieber","robots":{"index":"index","follow":"follow","max-snippet":"max-snippet:-1","max-image-preview":"max-image-preview:large","max-video-preview":"max-video-preview:-1"},"canonical":"https:\/\/www.johannes-sieber.ch\/move\/basel-over-the-rainbow\/","og_locale":"de_DE","og_type":"article","og_title":"Basel over the Rainbow - Johannes Sieber","og_description":"Heute ging die Revision des kantonalen Gleichstellungsgesetz in die Vernehmlassung. Bis am 17. November hat die Bev\u00f6lkerung Zeit, sich bez\u00fcglich der definitiven Fassung einzubringen. Diese wird dann \u00fcber die Justizkommission des Grossen Rats zur Annahme...","og_url":"https:\/\/www.johannes-sieber.ch\/move\/basel-over-the-rainbow\/","og_site_name":"Johannes Sieber","article_published_time":"2021-08-18T11:38:36+00:00","article_modified_time":"2021-08-19T05:43:55+00:00","og_image":[{"width":1478,"height":924,"url":"https:\/\/www.johannes-sieber.ch\/move\/wp-content\/uploads\/2021\/08\/regenbogenbasel.jpg","type":"image\/jpeg"}],"author":"Johannes Sieber","twitter_card":"summary_large_image","twitter_creator":"@https:\/\/twitter.com\/JohannesSieber","twitter_site":"@JohannesSieber","twitter_misc":{"Verfasst von":"Johannes Sieber","Gesch\u00e4tzte Lesezeit":"2\u00a0Minuten"},"schema":{"@context":"https:\/\/schema.org","@graph":[{"@type":"Article","@id":"https:\/\/www.johannes-sieber.ch\/move\/basel-over-the-rainbow\/#article","isPartOf":{"@id":"https:\/\/www.johannes-sieber.ch\/move\/basel-over-the-rainbow\/"},"author":{"name":"Johannes Sieber","@id":"https:\/\/www.johannes-sieber.ch\/move\/#\/schema\/person\/d92682c5f067a49d1c1f925bd5422e14"},"headline":"Basel over the Rainbow","datePublished":"2021-08-18T11:38:36+00:00","dateModified":"2021-08-19T05:43:55+00:00","mainEntityOfPage":{"@id":"https:\/\/www.johannes-sieber.ch\/move\/basel-over-the-rainbow\/"},"wordCount":395,"publisher":{"@id":"https:\/\/www.johannes-sieber.ch\/move\/#\/schema\/person\/d92682c5f067a49d1c1f925bd5422e14"},"image":{"@id":"https:\/\/www.johannes-sieber.ch\/move\/basel-over-the-rainbow\/#primaryimage"},"thumbnailUrl":"https:\/\/www.johannes-sieber.ch\/move\/wp-content\/uploads\/2021\/08\/regenbogenbasel.jpg","keywords":["Gleichstellung","LGBTIQ"],"articleSection":["Gleichstellung"],"inLanguage":"de"},{"@type":"WebPage","@id":"https:\/\/www.johannes-sieber.ch\/move\/basel-over-the-rainbow\/","url":"https:\/\/www.johannes-sieber.ch\/move\/basel-over-the-rainbow\/","name":"Basel over the Rainbow - Johannes Sieber","isPartOf":{"@id":"https:\/\/www.johannes-sieber.ch\/move\/#website"},"primaryImageOfPage":{"@id":"https:\/\/www.johannes-sieber.ch\/move\/basel-over-the-rainbow\/#primaryimage"},"image":{"@id":"https:\/\/www.johannes-sieber.ch\/move\/basel-over-the-rainbow\/#primaryimage"},"thumbnailUrl":"https:\/\/www.johannes-sieber.ch\/move\/wp-content\/uploads\/2021\/08\/regenbogenbasel.jpg","datePublished":"2021-08-18T11:38:36+00:00","dateModified":"2021-08-19T05:43:55+00:00","breadcrumb":{"@id":"https:\/\/www.johannes-sieber.ch\/move\/basel-over-the-rainbow\/#breadcrumb"},"inLanguage":"de","potentialAction":[{"@type":"ReadAction","target":["https:\/\/www.johannes-sieber.ch\/move\/basel-over-the-rainbow\/"]}]},{"@type":"ImageObject","inLanguage":"de","@id":"https:\/\/www.johannes-sieber.ch\/move\/basel-over-the-rainbow\/#primaryimage","url":"https:\/\/www.johannes-sieber.ch\/move\/wp-content\/uploads\/2021\/08\/regenbogenbasel.jpg","contentUrl":"https:\/\/www.johannes-sieber.ch\/move\/wp-content\/uploads\/2021\/08\/regenbogenbasel.jpg","width":1478,"height":924,"caption":"Gleichstellung Basel Regenbogen"},{"@type":"BreadcrumbList","@id":"https:\/\/www.johannes-sieber.ch\/move\/basel-over-the-rainbow\/#breadcrumb","itemListElement":[{"@type":"ListItem","position":1,"name":"Startseite","item":"https:\/\/www.johannes-sieber.ch\/move\/"},{"@type":"ListItem","position":2,"name":"Basel over the Rainbow"}]},{"@type":"WebSite","@id":"https:\/\/www.johannes-sieber.ch\/move\/#website","url":"https:\/\/www.johannes-sieber.ch\/move\/","name":"Johannes Sieber","description":"Notizen zu Kultur, Klima, Stadt &amp; Menschen","publisher":{"@id":"https:\/\/www.johannes-sieber.ch\/move\/#\/schema\/person\/d92682c5f067a49d1c1f925bd5422e14"},"potentialAction":[{"@type":"SearchAction","target":{"@type":"EntryPoint","urlTemplate":"https:\/\/www.johannes-sieber.ch\/move\/?s={search_term_string}"},"query-input":{"@type":"PropertyValueSpecification","valueRequired":true,"valueName":"search_term_string"}}],"inLanguage":"de"},{"@type":["Person","Organization"],"@id":"https:\/\/www.johannes-sieber.ch\/move\/#\/schema\/person\/d92682c5f067a49d1c1f925bd5422e14","name":"Johannes Sieber","image":{"@type":"ImageObject","inLanguage":"de","@id":"https:\/\/secure.gravatar.com\/avatar\/31f81941f5205fb74a8b0f15334401b3be15721e177e88208533a81bf8dae247?s=96&d=mm&r=g","url":"https:\/\/secure.gravatar.com\/avatar\/31f81941f5205fb74a8b0f15334401b3be15721e177e88208533a81bf8dae247?s=96&d=mm&r=g","contentUrl":"https:\/\/secure.gravatar.com\/avatar\/31f81941f5205fb74a8b0f15334401b3be15721e177e88208533a81bf8dae247?s=96&d=mm&r=g","caption":"Johannes Sieber"},"logo":{"@id":"https:\/\/secure.gravatar.com\/avatar\/31f81941f5205fb74a8b0f15334401b3be15721e177e88208533a81bf8dae247?s=96&d=mm&r=g"},"sameAs":["https:\/\/www.johannes-sieber.ch\/","https:\/\/www.instagram.com\/johannes__sieber","https:\/\/x.com\/https:\/\/twitter.com\/JohannesSieber"],"url":"https:\/\/www.johannes-sieber.ch\/move\/author\/admin\/"}]}},"jetpack_featured_media_url":"https:\/\/www.johannes-sieber.ch\/move\/wp-content\/uploads\/2021\/08\/regenbogenbasel.jpg","jetpack_sharing_enabled":true,"_links":{"self":[{"href":"https:\/\/www.johannes-sieber.ch\/move\/wp-json\/wp\/v2\/posts\/5430","targetHints":{"allow":["GET"]}}],"collection":[{"href":"https:\/\/www.johannes-sieber.ch\/move\/wp-json\/wp\/v2\/posts"}],"about":[{"href":"https:\/\/www.johannes-sieber.ch\/move\/wp-json\/wp\/v2\/types\/post"}],"author":[{"embeddable":true,"href":"https:\/\/www.johannes-sieber.ch\/move\/wp-json\/wp\/v2\/users\/1"}],"replies":[{"embeddable":true,"href":"https:\/\/www.johannes-sieber.ch\/move\/wp-json\/wp\/v2\/comments?post=5430"}],"version-history":[{"count":37,"href":"https:\/\/www.johannes-sieber.ch\/move\/wp-json\/wp\/v2\/posts\/5430\/revisions"}],"predecessor-version":[{"id":5475,"href":"https:\/\/www.johannes-sieber.ch\/move\/wp-json\/wp\/v2\/posts\/5430\/revisions\/5475"}],"wp:featuredmedia":[{"embeddable":true,"href":"https:\/\/www.johannes-sieber.ch\/move\/wp-json\/wp\/v2\/media\/5464"}],"wp:attachment":[{"href":"https:\/\/www.johannes-sieber.ch\/move\/wp-json\/wp\/v2\/media?parent=5430"}],"wp:term":[{"taxonomy":"category","embeddable":true,"href":"https:\/\/www.johannes-sieber.ch\/move\/wp-json\/wp\/v2\/categories?post=5430"},{"taxonomy":"post_tag","embeddable":true,"href":"https:\/\/www.johannes-sieber.ch\/move\/wp-json\/wp\/v2\/tags?post=5430"}],"curies":[{"name":"wp","href":"https:\/\/api.w.org\/{rel}","templated":true}]}}