{"id":5777,"date":"2021-11-30T15:57:17","date_gmt":"2021-11-30T14:57:17","guid":{"rendered":"https:\/\/www.johannes-sieber.ch\/move\/?p=5777"},"modified":"2022-01-14T19:48:24","modified_gmt":"2022-01-14T18:48:24","slug":"nachtkultur-bedroht","status":"publish","type":"post","link":"https:\/\/www.johannes-sieber.ch\/move\/nachtkultur-bedroht\/","title":{"rendered":"Nachtkultur bedroht"},"content":{"rendered":"\n<p>Grosser Rat, Interpellation: Der Regierungsrat des Kantons Basel-Stadt hat heute neue, bis Ende Januar 2022 andauernde Massnahmen zur Bek\u00e4mpfung der Covid-19 Pandemie beschlossen.<\/p>\n\n\n\n<p>Das betrifft Gastro- und Clubbetriebe hart: Die Wiedereinf\u00fchrung der Konsumation im Sitzen kommt de facto einer der Schliessung der Nachtkultur gleich: Zahlreiche Clubbetriebe, Konzert- und Veranstaltungslokale werden von den neuen Regelungen stark betroffen. Doch zu Massnahmen der Unterst\u00fctzungs schweigt der Regierungsrat in seiner Medienmitteilung.<\/p>\n\n\n\n<p>In Zusammenarbeit mit dem Verein Kultur und Gastronomie (K&amp;G) und \u00abKulturstadt Jetzt\u00bb fragen ich den Regierunsrat, ob er andere M\u00f6glichkeiten gepr\u00fcft hat, das Risiko in Clubbetrieben zu reduzieren? Welche wirtschaftlichen Einbussen Gastro- und Clubbetriebe durch die erlassenen Massnahmen zu erwarten haben? Und welche Unterst\u00fctzungsmassnahmen f\u00fcr die Kompensation der Einbussen geplant sind? -&gt; <a href=\"https:\/\/www.grosserrat.bs.ch\/ratsbetrieb\/geschaefte\/200111449\">Alle Fragen hier<\/a><\/p>\n\n\n\n<p>Die Interpellation haben wir heute eingereicht. Mit etwas Gl\u00fcck beantwortet der Regierungsrat die Fragen am 8. Dezember im Grossen Rat.<\/p>\n\n\n\n<p><em>Nachtrag vom 8. Dezember 2021: Regierungsrat Kaspar Sutter hat die Interpellation m\u00fcndlich beantwortet: <a href=\"https:\/\/www.blitzvideoserver.de\/player.html?serverip=62.113.221.3&amp;serverapp=rathausbasel-vod&amp;streamname=grbs-sitzung-20211208.mp4&amp;videostartoffset=24525&amp;videostopoffset=24895\" target=\"_blank\" rel=\"noreferrer noopener\">Zum Videoprotokoll<\/a>.<\/em><\/p>\n\n\n\n<p><em>Nachtrag vom 21. Dezember 2021: Die Regierung lanciert ein Unterst\u00fctzungsprogramm f\u00fcr die Zeit, in welcher die kantonalen Schutzmassnahmen strenger sind als die des Bundes: <a href=\"http:\/\/Die Regierung lanciert ein Unterst\u00fctzungsprogramm f\u00fcr die Zeit, in welcher die kantonalen Schutzmassnahmen strenger sind als die des Bundes. Antr\u00e4ge k\u00f6nnen ab dem 3. Januar 2022 gestellt werden.\" target=\"_blank\" rel=\"noreferrer noopener\">Zur Medienmitteilung<\/a> und mehr dazu auf <a href=\"https:\/\/radiox.ch\/news-archiv\/unterstuetzungsprogramm-erfreut-nachktulturszene.html\" target=\"_blank\" rel=\"noreferrer noopener\">Radio X<\/a>.<\/em><\/p>\n\n\n\n<p class=\"hinweisbox\">Online: Basel-Stadt, Medienmitteilungen, 30.11.21<br>Coronavirus: Weitere Massnahmen im Kanton Basel-Stadt<br> <a href=\"https:\/\/www.medien.bs.ch\/nm\/2021-coronavirus-weitere-massnahmen-im-kanton-basel-stadt-rr.html\" target=\"_blank\" rel=\"noreferrer noopener\">Regierungsrat Basel-Stadt, Medienmitteilungen<\/a><\/p>\n\n\n\n<p class=\"hinweisbox\">Download: Verein Kultur und Gastronomie, Medienmitteilungen, 30.11.21<br>Neue Massnahmen bedrohen Basler Nachtkultur<br> <a href=\"https:\/\/www.johannes-sieber.ch\/move\/wp-content\/uploads\/2021\/11\/211130MM-KG_Neue-Massnahmen-RR.pdf\" target=\"_blank\" rel=\"noreferrer noopener\">Verein Kultur und Gastronomie, Medienmitteilung, Download Pdf<\/a><\/p>\n\n\n\n<p class=\"hinweisbox\">Online: Kulturstadt Jetzt, Medienmitteilungen, 3.12.21<br>Vorl\u00e4ufig kein 2G ohne Masken in Basel \u2013 Clubs und Bars sind entt\u00e4uscht<br> <a href=\"https:\/\/kulturstadt-jetzt.ch\/2021\/12\/03\/vorlaeufig-kein-2g-ohne-masken-in-basel-clubs-und-bars-sind-enttaeuscht\/\" target=\"_blank\" rel=\"noreferrer noopener\">Kulturstadt Jetzt<\/a><\/p>\n\n\n\n<p class=\"hinweisbox\">Vorstoss: Interpellation, 30.11.21<br>Interpellation Nr. 142, Johannes Sieber betreffend Unterst\u00fctzung der Gastro- und Clubbetriebe aufgrund der Covid-19-Massnahmen per 1.12.21<br><a href=\"https:\/\/www.grosserrat.bs.ch\/ratsbetrieb\/geschaefte\/200111449\" target=\"_blank\" rel=\"noreferrer noopener\">Grosser Rat, Gesch\u00e4ftsverzeichnis<\/a><\/p>\n\n\n\n<p class=\"hinweisbox\">Online: Bajour, Ina Bullwinkel, 30.11.21<br>Basler:innen m\u00fcssen im Kino und im Club wieder Maske tragen<br> <a href=\"https:\/\/bajour.ch\/a\/iEz2LjGWtVsBc52k\/neue-corona-massnahmen-thomas-steffen-im-interview\" target=\"_blank\" rel=\"noreferrer noopener\">Bajour<\/a><\/p>\n\n\n\n<p class=\"hinweisbox\">Zeitung: NZZ, Michael von Ledebur, 30.11.21<br>\u00abWir sind \u00fcberrascht von den Massnahmen, die einem Berufsverbot gleichk\u00e4men\u00bb: Die Klubszene ist nach der Post aus Bern konsterniert<br> <a href=\"https:\/\/www.nzz.ch\/zuerich\/wir-sind-ueberrascht-von-den-massnahmen-die-einem-berufsverbot-gleichkaemen-die-klubszene-ist-nach-der-post-aus-bern-konsterniert-ld.1657977?reduced=true\" target=\"_blank\" rel=\"noreferrer noopener\">Neue Z\u00fcrcher Zeitung<\/a><\/p>\n\n\n\n<p class=\"hinweisbox\">SRF: Regionaljournal Basel Baseland, Simone Weber, 1.12.21<br>Nachtclubs f\u00fcrchten wieder um Existenz<br> <a href=\"https:\/\/www.srf.ch\/audio\/regionaljournal-basel-baselland\/nachtclubs-fuerchten-wieder-um-existenz?id=12099527\" target=\"_blank\" rel=\"noreferrer noopener\">SRF, Regionaljournal<\/a><\/p>\n\n\n\n<p class=\"hinweisbox\">Online: Primenews, Oliver Sterchi, 1.12.21<br>\u00abDie Sitz\u00adpflicht bedeutet eine faktische Schliessung\u00bb<br> <a href=\"https:\/\/primenews.ch\/articles\/2021\/12\/die-sitzpflicht-bedeutet-eine-faktische-schliessung?fbclid=IwAR04at9I4tm9WmwwROWsRRqV6zhAqiADGFcpWNuNrY4eRLaXZ-Nck9tktGg\" target=\"_blank\" rel=\"noreferrer noopener\">Primenews<\/a><\/p>\n\n\n\n<p class=\"hinweisbox\">Zeitung: bz &#8211; Zeitung f\u00fcr die Region Basel, Helena Krauser und M\u00e9lanie Honegger, 1.12.21<br>Die Basler Nachtkultur hat es kalt erwischt<br> <a href=\"https:\/\/www.bzbasel.ch\/basel\/coronaregime-die-nachtkultur-hat-es-kalt-erwischt-ld.2222595\" target=\"_blank\" rel=\"noreferrer noopener\">bz &#8211; Zeitung f\u00fcr die Region Basel<\/a><\/p>\n\n\n\n<p class=\"hinweisbox\">Fernsehen: Telebasel, Michel Schultheiss, 1.12.21<br>Vor\u00fcbergehend geschlossen: In vielen Basler Clubs ist die Party vorbei<br> <a href=\"https:\/\/telebasel.ch\/2021\/12\/01\/voruebergehend-geschlossen-in-vielen-basler-clubs-ist-die-party-vorbei\/?channel=105100\" target=\"_blank\" rel=\"noreferrer noopener\">Telebasel<\/a><\/p>\n\n\n\n<p class=\"hinweisbox\">Zeitung: Basler Zeitung, 6.12.21<br>Basler Club-Betreiber sollen 2G-Regel einf\u00fchren d\u00fcrfen<br> <a href=\"https:\/\/www.bazonline.ch\/club-betreiber-sollen-2g-regel-einfuehren-duerfen-933867960034\" target=\"_blank\" rel=\"noreferrer noopener\">Basler Zeitung<\/a><\/p>\n\n\n\n<p class=\"fotoquelle\">Foto zur Notiz: Nordstern<\/p>\n","protected":false},"excerpt":{"rendered":"<p>Grosser Rat, Interpellation: Der Regierungsrat des Kantons Basel-Stadt hat heute neue, bis Ende Januar 2022 andauernde Massnahmen zur Bek\u00e4mpfung der Covid-19 Pandemie beschlossen. Das betrifft Gastro- und Clubbetriebe hart: Die Wiedereinf\u00fchrung der Konsumation im Sitzen&#8230;<\/p>\n","protected":false},"author":1,"featured_media":5795,"comment_status":"closed","ping_status":"open","sticky":false,"template":"","format":"standard","meta":{"_jetpack_memberships_contains_paid_content":false,"footnotes":""},"categories":[123,33,126],"tags":[],"class_list":["post-5777","post","type-post","status-publish","format-standard","has-post-thumbnail","hentry","category-grosser-rat","category-kultur","category-vorstoss"],"yoast_head":"<!-- This site is optimized with the Yoast SEO plugin v27.4 - https:\/\/yoast.com\/product\/yoast-seo-wordpress\/ -->\n<title>Nachtkultur bedroht - Johannes Sieber<\/title>\n<meta name=\"robots\" content=\"index, follow, max-snippet:-1, max-image-preview:large, max-video-preview:-1\" \/>\n<link rel=\"canonical\" href=\"https:\/\/www.johannes-sieber.ch\/move\/nachtkultur-bedroht\/\" \/>\n<meta property=\"og:locale\" content=\"de_DE\" \/>\n<meta property=\"og:type\" content=\"article\" \/>\n<meta property=\"og:title\" content=\"Nachtkultur bedroht - Johannes Sieber\" \/>\n<meta property=\"og:description\" content=\"Grosser Rat, Interpellation: Der Regierungsrat des Kantons Basel-Stadt hat heute neue, bis Ende Januar 2022 andauernde Massnahmen zur Bek\u00e4mpfung der Covid-19 Pandemie beschlossen. Das betrifft Gastro- und Clubbetriebe hart: Die Wiedereinf\u00fchrung der Konsumation im Sitzen...\" \/>\n<meta property=\"og:url\" content=\"https:\/\/www.johannes-sieber.ch\/move\/nachtkultur-bedroht\/\" \/>\n<meta property=\"og:site_name\" content=\"Johannes Sieber\" \/>\n<meta property=\"article:published_time\" content=\"2021-11-30T14:57:17+00:00\" \/>\n<meta property=\"article:modified_time\" content=\"2022-01-14T18:48:24+00:00\" \/>\n<meta property=\"og:image\" content=\"https:\/\/www.johannes-sieber.ch\/move\/wp-content\/uploads\/2021\/11\/nordstern_leer-2.jpg\" \/>\n\t<meta property=\"og:image:width\" content=\"1080\" \/>\n\t<meta property=\"og:image:height\" content=\"720\" \/>\n\t<meta property=\"og:image:type\" content=\"image\/jpeg\" \/>\n<meta name=\"author\" content=\"Johannes Sieber\" \/>\n<meta name=\"twitter:card\" content=\"summary_large_image\" \/>\n<meta name=\"twitter:creator\" content=\"@https:\/\/twitter.com\/JohannesSieber\" \/>\n<meta name=\"twitter:site\" content=\"@JohannesSieber\" \/>\n<meta name=\"twitter:label1\" content=\"Verfasst von\" \/>\n\t<meta name=\"twitter:data1\" content=\"Johannes Sieber\" \/>\n\t<meta name=\"twitter:label2\" content=\"Gesch\u00e4tzte Lesezeit\" \/>\n\t<meta name=\"twitter:data2\" content=\"2\u00a0Minuten\" \/>\n<script type=\"application\/ld+json\" class=\"yoast-schema-graph\">{\"@context\":\"https:\\\/\\\/schema.org\",\"@graph\":[{\"@type\":\"Article\",\"@id\":\"https:\\\/\\\/www.johannes-sieber.ch\\\/move\\\/nachtkultur-bedroht\\\/#article\",\"isPartOf\":{\"@id\":\"https:\\\/\\\/www.johannes-sieber.ch\\\/move\\\/nachtkultur-bedroht\\\/\"},\"author\":{\"name\":\"Johannes Sieber\",\"@id\":\"https:\\\/\\\/www.johannes-sieber.ch\\\/move\\\/#\\\/schema\\\/person\\\/d92682c5f067a49d1c1f925bd5422e14\"},\"headline\":\"Nachtkultur bedroht\",\"datePublished\":\"2021-11-30T14:57:17+00:00\",\"dateModified\":\"2022-01-14T18:48:24+00:00\",\"mainEntityOfPage\":{\"@id\":\"https:\\\/\\\/www.johannes-sieber.ch\\\/move\\\/nachtkultur-bedroht\\\/\"},\"wordCount\":406,\"publisher\":{\"@id\":\"https:\\\/\\\/www.johannes-sieber.ch\\\/move\\\/#\\\/schema\\\/person\\\/d92682c5f067a49d1c1f925bd5422e14\"},\"image\":{\"@id\":\"https:\\\/\\\/www.johannes-sieber.ch\\\/move\\\/nachtkultur-bedroht\\\/#primaryimage\"},\"thumbnailUrl\":\"https:\\\/\\\/www.johannes-sieber.ch\\\/move\\\/wp-content\\\/uploads\\\/2021\\\/11\\\/nordstern_leer-2.jpg\",\"articleSection\":[\"Grosser Rat\",\"Kultur\",\"Vorstoss\"],\"inLanguage\":\"de\"},{\"@type\":\"WebPage\",\"@id\":\"https:\\\/\\\/www.johannes-sieber.ch\\\/move\\\/nachtkultur-bedroht\\\/\",\"url\":\"https:\\\/\\\/www.johannes-sieber.ch\\\/move\\\/nachtkultur-bedroht\\\/\",\"name\":\"Nachtkultur bedroht - Johannes Sieber\",\"isPartOf\":{\"@id\":\"https:\\\/\\\/www.johannes-sieber.ch\\\/move\\\/#website\"},\"primaryImageOfPage\":{\"@id\":\"https:\\\/\\\/www.johannes-sieber.ch\\\/move\\\/nachtkultur-bedroht\\\/#primaryimage\"},\"image\":{\"@id\":\"https:\\\/\\\/www.johannes-sieber.ch\\\/move\\\/nachtkultur-bedroht\\\/#primaryimage\"},\"thumbnailUrl\":\"https:\\\/\\\/www.johannes-sieber.ch\\\/move\\\/wp-content\\\/uploads\\\/2021\\\/11\\\/nordstern_leer-2.jpg\",\"datePublished\":\"2021-11-30T14:57:17+00:00\",\"dateModified\":\"2022-01-14T18:48:24+00:00\",\"breadcrumb\":{\"@id\":\"https:\\\/\\\/www.johannes-sieber.ch\\\/move\\\/nachtkultur-bedroht\\\/#breadcrumb\"},\"inLanguage\":\"de\",\"potentialAction\":[{\"@type\":\"ReadAction\",\"target\":[\"https:\\\/\\\/www.johannes-sieber.ch\\\/move\\\/nachtkultur-bedroht\\\/\"]}]},{\"@type\":\"ImageObject\",\"inLanguage\":\"de\",\"@id\":\"https:\\\/\\\/www.johannes-sieber.ch\\\/move\\\/nachtkultur-bedroht\\\/#primaryimage\",\"url\":\"https:\\\/\\\/www.johannes-sieber.ch\\\/move\\\/wp-content\\\/uploads\\\/2021\\\/11\\\/nordstern_leer-2.jpg\",\"contentUrl\":\"https:\\\/\\\/www.johannes-sieber.ch\\\/move\\\/wp-content\\\/uploads\\\/2021\\\/11\\\/nordstern_leer-2.jpg\",\"width\":1080,\"height\":720,\"caption\":\"Nordstern Basel\"},{\"@type\":\"BreadcrumbList\",\"@id\":\"https:\\\/\\\/www.johannes-sieber.ch\\\/move\\\/nachtkultur-bedroht\\\/#breadcrumb\",\"itemListElement\":[{\"@type\":\"ListItem\",\"position\":1,\"name\":\"Startseite\",\"item\":\"https:\\\/\\\/www.johannes-sieber.ch\\\/move\\\/\"},{\"@type\":\"ListItem\",\"position\":2,\"name\":\"Nachtkultur bedroht\"}]},{\"@type\":\"WebSite\",\"@id\":\"https:\\\/\\\/www.johannes-sieber.ch\\\/move\\\/#website\",\"url\":\"https:\\\/\\\/www.johannes-sieber.ch\\\/move\\\/\",\"name\":\"Johannes Sieber\",\"description\":\"Notizen zu Kultur, Klima, Stadt &amp; Menschen\",\"publisher\":{\"@id\":\"https:\\\/\\\/www.johannes-sieber.ch\\\/move\\\/#\\\/schema\\\/person\\\/d92682c5f067a49d1c1f925bd5422e14\"},\"potentialAction\":[{\"@type\":\"SearchAction\",\"target\":{\"@type\":\"EntryPoint\",\"urlTemplate\":\"https:\\\/\\\/www.johannes-sieber.ch\\\/move\\\/?s={search_term_string}\"},\"query-input\":{\"@type\":\"PropertyValueSpecification\",\"valueRequired\":true,\"valueName\":\"search_term_string\"}}],\"inLanguage\":\"de\"},{\"@type\":[\"Person\",\"Organization\"],\"@id\":\"https:\\\/\\\/www.johannes-sieber.ch\\\/move\\\/#\\\/schema\\\/person\\\/d92682c5f067a49d1c1f925bd5422e14\",\"name\":\"Johannes Sieber\",\"image\":{\"@type\":\"ImageObject\",\"inLanguage\":\"de\",\"@id\":\"https:\\\/\\\/secure.gravatar.com\\\/avatar\\\/31f81941f5205fb74a8b0f15334401b3be15721e177e88208533a81bf8dae247?s=96&d=mm&r=g\",\"url\":\"https:\\\/\\\/secure.gravatar.com\\\/avatar\\\/31f81941f5205fb74a8b0f15334401b3be15721e177e88208533a81bf8dae247?s=96&d=mm&r=g\",\"contentUrl\":\"https:\\\/\\\/secure.gravatar.com\\\/avatar\\\/31f81941f5205fb74a8b0f15334401b3be15721e177e88208533a81bf8dae247?s=96&d=mm&r=g\",\"caption\":\"Johannes Sieber\"},\"logo\":{\"@id\":\"https:\\\/\\\/secure.gravatar.com\\\/avatar\\\/31f81941f5205fb74a8b0f15334401b3be15721e177e88208533a81bf8dae247?s=96&d=mm&r=g\"},\"sameAs\":[\"https:\\\/\\\/www.johannes-sieber.ch\\\/\",\"https:\\\/\\\/www.instagram.com\\\/johannes__sieber\",\"https:\\\/\\\/x.com\\\/https:\\\/\\\/twitter.com\\\/JohannesSieber\"],\"url\":\"https:\\\/\\\/www.johannes-sieber.ch\\\/move\\\/author\\\/admin\\\/\"}]}<\/script>\n<!-- \/ Yoast SEO plugin. -->","yoast_head_json":{"title":"Nachtkultur bedroht - Johannes Sieber","robots":{"index":"index","follow":"follow","max-snippet":"max-snippet:-1","max-image-preview":"max-image-preview:large","max-video-preview":"max-video-preview:-1"},"canonical":"https:\/\/www.johannes-sieber.ch\/move\/nachtkultur-bedroht\/","og_locale":"de_DE","og_type":"article","og_title":"Nachtkultur bedroht - Johannes Sieber","og_description":"Grosser Rat, Interpellation: Der Regierungsrat des Kantons Basel-Stadt hat heute neue, bis Ende Januar 2022 andauernde Massnahmen zur Bek\u00e4mpfung der Covid-19 Pandemie beschlossen. Das betrifft Gastro- und Clubbetriebe hart: Die Wiedereinf\u00fchrung der Konsumation im Sitzen...","og_url":"https:\/\/www.johannes-sieber.ch\/move\/nachtkultur-bedroht\/","og_site_name":"Johannes Sieber","article_published_time":"2021-11-30T14:57:17+00:00","article_modified_time":"2022-01-14T18:48:24+00:00","og_image":[{"width":1080,"height":720,"url":"https:\/\/www.johannes-sieber.ch\/move\/wp-content\/uploads\/2021\/11\/nordstern_leer-2.jpg","type":"image\/jpeg"}],"author":"Johannes Sieber","twitter_card":"summary_large_image","twitter_creator":"@https:\/\/twitter.com\/JohannesSieber","twitter_site":"@JohannesSieber","twitter_misc":{"Verfasst von":"Johannes Sieber","Gesch\u00e4tzte Lesezeit":"2\u00a0Minuten"},"schema":{"@context":"https:\/\/schema.org","@graph":[{"@type":"Article","@id":"https:\/\/www.johannes-sieber.ch\/move\/nachtkultur-bedroht\/#article","isPartOf":{"@id":"https:\/\/www.johannes-sieber.ch\/move\/nachtkultur-bedroht\/"},"author":{"name":"Johannes Sieber","@id":"https:\/\/www.johannes-sieber.ch\/move\/#\/schema\/person\/d92682c5f067a49d1c1f925bd5422e14"},"headline":"Nachtkultur bedroht","datePublished":"2021-11-30T14:57:17+00:00","dateModified":"2022-01-14T18:48:24+00:00","mainEntityOfPage":{"@id":"https:\/\/www.johannes-sieber.ch\/move\/nachtkultur-bedroht\/"},"wordCount":406,"publisher":{"@id":"https:\/\/www.johannes-sieber.ch\/move\/#\/schema\/person\/d92682c5f067a49d1c1f925bd5422e14"},"image":{"@id":"https:\/\/www.johannes-sieber.ch\/move\/nachtkultur-bedroht\/#primaryimage"},"thumbnailUrl":"https:\/\/www.johannes-sieber.ch\/move\/wp-content\/uploads\/2021\/11\/nordstern_leer-2.jpg","articleSection":["Grosser Rat","Kultur","Vorstoss"],"inLanguage":"de"},{"@type":"WebPage","@id":"https:\/\/www.johannes-sieber.ch\/move\/nachtkultur-bedroht\/","url":"https:\/\/www.johannes-sieber.ch\/move\/nachtkultur-bedroht\/","name":"Nachtkultur bedroht - Johannes Sieber","isPartOf":{"@id":"https:\/\/www.johannes-sieber.ch\/move\/#website"},"primaryImageOfPage":{"@id":"https:\/\/www.johannes-sieber.ch\/move\/nachtkultur-bedroht\/#primaryimage"},"image":{"@id":"https:\/\/www.johannes-sieber.ch\/move\/nachtkultur-bedroht\/#primaryimage"},"thumbnailUrl":"https:\/\/www.johannes-sieber.ch\/move\/wp-content\/uploads\/2021\/11\/nordstern_leer-2.jpg","datePublished":"2021-11-30T14:57:17+00:00","dateModified":"2022-01-14T18:48:24+00:00","breadcrumb":{"@id":"https:\/\/www.johannes-sieber.ch\/move\/nachtkultur-bedroht\/#breadcrumb"},"inLanguage":"de","potentialAction":[{"@type":"ReadAction","target":["https:\/\/www.johannes-sieber.ch\/move\/nachtkultur-bedroht\/"]}]},{"@type":"ImageObject","inLanguage":"de","@id":"https:\/\/www.johannes-sieber.ch\/move\/nachtkultur-bedroht\/#primaryimage","url":"https:\/\/www.johannes-sieber.ch\/move\/wp-content\/uploads\/2021\/11\/nordstern_leer-2.jpg","contentUrl":"https:\/\/www.johannes-sieber.ch\/move\/wp-content\/uploads\/2021\/11\/nordstern_leer-2.jpg","width":1080,"height":720,"caption":"Nordstern Basel"},{"@type":"BreadcrumbList","@id":"https:\/\/www.johannes-sieber.ch\/move\/nachtkultur-bedroht\/#breadcrumb","itemListElement":[{"@type":"ListItem","position":1,"name":"Startseite","item":"https:\/\/www.johannes-sieber.ch\/move\/"},{"@type":"ListItem","position":2,"name":"Nachtkultur bedroht"}]},{"@type":"WebSite","@id":"https:\/\/www.johannes-sieber.ch\/move\/#website","url":"https:\/\/www.johannes-sieber.ch\/move\/","name":"Johannes Sieber","description":"Notizen zu Kultur, Klima, Stadt &amp; Menschen","publisher":{"@id":"https:\/\/www.johannes-sieber.ch\/move\/#\/schema\/person\/d92682c5f067a49d1c1f925bd5422e14"},"potentialAction":[{"@type":"SearchAction","target":{"@type":"EntryPoint","urlTemplate":"https:\/\/www.johannes-sieber.ch\/move\/?s={search_term_string}"},"query-input":{"@type":"PropertyValueSpecification","valueRequired":true,"valueName":"search_term_string"}}],"inLanguage":"de"},{"@type":["Person","Organization"],"@id":"https:\/\/www.johannes-sieber.ch\/move\/#\/schema\/person\/d92682c5f067a49d1c1f925bd5422e14","name":"Johannes Sieber","image":{"@type":"ImageObject","inLanguage":"de","@id":"https:\/\/secure.gravatar.com\/avatar\/31f81941f5205fb74a8b0f15334401b3be15721e177e88208533a81bf8dae247?s=96&d=mm&r=g","url":"https:\/\/secure.gravatar.com\/avatar\/31f81941f5205fb74a8b0f15334401b3be15721e177e88208533a81bf8dae247?s=96&d=mm&r=g","contentUrl":"https:\/\/secure.gravatar.com\/avatar\/31f81941f5205fb74a8b0f15334401b3be15721e177e88208533a81bf8dae247?s=96&d=mm&r=g","caption":"Johannes Sieber"},"logo":{"@id":"https:\/\/secure.gravatar.com\/avatar\/31f81941f5205fb74a8b0f15334401b3be15721e177e88208533a81bf8dae247?s=96&d=mm&r=g"},"sameAs":["https:\/\/www.johannes-sieber.ch\/","https:\/\/www.instagram.com\/johannes__sieber","https:\/\/x.com\/https:\/\/twitter.com\/JohannesSieber"],"url":"https:\/\/www.johannes-sieber.ch\/move\/author\/admin\/"}]}},"jetpack_featured_media_url":"https:\/\/www.johannes-sieber.ch\/move\/wp-content\/uploads\/2021\/11\/nordstern_leer-2.jpg","jetpack_sharing_enabled":true,"_links":{"self":[{"href":"https:\/\/www.johannes-sieber.ch\/move\/wp-json\/wp\/v2\/posts\/5777","targetHints":{"allow":["GET"]}}],"collection":[{"href":"https:\/\/www.johannes-sieber.ch\/move\/wp-json\/wp\/v2\/posts"}],"about":[{"href":"https:\/\/www.johannes-sieber.ch\/move\/wp-json\/wp\/v2\/types\/post"}],"author":[{"embeddable":true,"href":"https:\/\/www.johannes-sieber.ch\/move\/wp-json\/wp\/v2\/users\/1"}],"replies":[{"embeddable":true,"href":"https:\/\/www.johannes-sieber.ch\/move\/wp-json\/wp\/v2\/comments?post=5777"}],"version-history":[{"count":35,"href":"https:\/\/www.johannes-sieber.ch\/move\/wp-json\/wp\/v2\/posts\/5777\/revisions"}],"predecessor-version":[{"id":6078,"href":"https:\/\/www.johannes-sieber.ch\/move\/wp-json\/wp\/v2\/posts\/5777\/revisions\/6078"}],"wp:featuredmedia":[{"embeddable":true,"href":"https:\/\/www.johannes-sieber.ch\/move\/wp-json\/wp\/v2\/media\/5795"}],"wp:attachment":[{"href":"https:\/\/www.johannes-sieber.ch\/move\/wp-json\/wp\/v2\/media?parent=5777"}],"wp:term":[{"taxonomy":"category","embeddable":true,"href":"https:\/\/www.johannes-sieber.ch\/move\/wp-json\/wp\/v2\/categories?post=5777"},{"taxonomy":"post_tag","embeddable":true,"href":"https:\/\/www.johannes-sieber.ch\/move\/wp-json\/wp\/v2\/tags?post=5777"}],"curies":[{"name":"wp","href":"https:\/\/api.w.org\/{rel}","templated":true}]}}