{"id":6489,"date":"2022-04-23T15:29:01","date_gmt":"2022-04-23T14:29:01","guid":{"rendered":"https:\/\/www.johannes-sieber.ch\/move\/?p=6489"},"modified":"2022-06-02T07:23:44","modified_gmt":"2022-06-02T06:23:44","slug":"ja-zum-filmgesetz","status":"publish","type":"post","link":"https:\/\/www.johannes-sieber.ch\/move\/ja-zum-filmgesetz\/","title":{"rendered":"Ja zum Filmgesetz"},"content":{"rendered":"\n<p><strong>Am 15. Mai 2022 nimmt die Schweizer Stimmbev\u00f6lkerung das Filmgesetz mit \u00fcber 58% Ja-Stimmen an. Im Kanton Basel-Stadt liegt der Anteil der Ja-Stimmen bei \u00fcber 66%. Nur einzelne Westschweizer Kantone verzeichnen einen noch h\u00f6heren Ja-Stimmen Anteil.<\/strong><\/p>\n\n\n\n<p><em>Notiz vom 23. April 2022:<\/em> Am 15. Mai stimmt die Schweiz \u00fcber die Frage ab, ob multinationale Streamingplattformen ohne Arbeitspl\u00e4tze und ohne Wertsch\u00f6pfung in der Schweiz in unseren Markt reinvestieren sollen, der sie finanziert.<\/p>\n\n\n\n<p>Gefordert sind 4% vom Umsatz in der Schweiz. Das ist deutlich weniger als in Frankreich (25%) und Italien (20%). In immer mehr unserer europ\u00e4ischen Nachbarl\u00e4nder etabliert sich diese Anpassung bei der Markterschliessung an die neuen Gegebenheiten aufgrund der Umw\u00e4lzungen in der Filmindustrie.<\/p>\n\n\n\n<p>Dennoch wurde gegen die Revision des Filmgesetzes das Referendum ergriffen. Das ist unverst\u00e4ndlich und zeugt von einer Blindheit gegen\u00fcber den Chancen dieser Gesetzes\u00e4nderung. Das muss aber auch als Angriff auf die Schweizer Kreativwirtschaft und das hiesige Gewerbe gewertet werden.<\/p>\n\n\n\n<p>Rund die H\u00e4lfte des Budgets einer Schweizer Filmproduktion fliessen zu Lieferanten wie Gastronomie, Hotellerie, Handwerker, Gestalter, Logistik und vielen mehr. Die andere H\u00e4lfte fliesst zu audiovisuellen Schweizer KMUs. Dank dem neuen Filmgesetz und den Investitonen multinationaler Streamingplattform kann die Selbstfinanzierungsquote des Schweizer Films gesteigert werden. F\u00fcr einen Steuerfranken Filmf\u00f6rderung erhalten wir zuk\u00fcnftig CHF 1.20 Leistung.<\/p>\n\n\n\n<p>So w\u00fcrden j\u00e4hrlich rund CHF 20 Millionen private Mittel als Investition in unsere Filmindustrie fliessen. Das Knowhow der Plattformen unterst\u00fctzten die Bestrebung, den Schweizer Film f\u00fcr den europ\u00e4ischen Markt weiter zu entwickeln. Die Plattformen w\u00e4ren aufgrund ihrer Beteiligungen am Erfolg ihrer Co-Produktionen interessiert, warum sie ihre weltweite Reichweite zur Verf\u00fcgung stellen w\u00fcrden. Das wiederum w\u00fcrde Zuschauerzahlen im zweistelligen Millionenbereich erm\u00f6glichen. Die Schweiz w\u00fcrde weltweit sichtbar, was wiederum dem Tourismus und seinen Lieferketten zutr\u00e4glich w\u00e4re.<\/p>\n\n\n\n<p>Angesichts dieser Chancen, die das Filmgesetz er\u00f6ffnet, ist es mehr als irritierend, dass dagegen das Referendum ergriffen wurde. Noch mehr irritierend allerdings ist die Argumentation des Referendum-Komitees. Da ist von Bevormundung der Konsumenten, von Benachteiligung nicht-europ\u00e4ischen Produktionen und von einer Filmsteuer die Rede. Weder werden diese Behauptungen fundiert argumentiert, noch halten sie dem Faktencheck stand.<\/p>\n\n\n\n<p>Das Referendum ist eine libert\u00e4r-politische Finger\u00fcbung von Jungparteien, die einen staatlichen Eingriff in ihr Wohnzimmer bef\u00fcrchten. Zuunrecht, wie die unz\u00e4hligen Argumente f\u00fcr das \u00abJa zum Filmgesetz\u00bb aufzeigen, die ich bei \u00ab<a href=\"https:\/\/www.johannes-sieber.ch\/move\/tweety\/filmgesetz\/\" target=\"_blank\" rel=\"noreferrer noopener\">Tweety zum Filmgesetz<\/a>\u00bb zusammengestellt habe.<\/p>\n\n\n\n<p><strong>Stimmen Sie am 15. Mai 2022 \u00abJa zum Filmgesetz\u00bb. Danke!<\/strong><\/p>\n\n\n\n<p class=\"hinweisbox\">Online: Tweety, Johannes Sieber, 8.4.2022<br>\nTweet my mind: Alle Argumente f\u00fcr ein Ja zum Filmgesetz<br>\n<a href=\"https:\/\/www.johannes-sieber.ch\/move\/tweety\/filmgesetz\/\">Johannes Sieber \/ Tweety<\/a><\/p>\n\n\n\n<p class=\"hinweisbox\">Online: SRF, 15.05.2022<br>Filmgesetz wird mit \u00fcber 58 Prozent angenommen<br>\n<a target=\"_blank\" href=\"https:\/\/www.srf.ch\/news\/abstimmungen-15-mai-2022\/filmgesetz\/schweizer-filmindustrie-filmgesetz-wird-mit-ueber-58-prozent-angenommen\" rel=\"noopener\">Schweizer Radio und Fernsehen<\/a><\/p>\n\n\n\n<p class=\"hinweisbox\">Zeitung: Basler Zeitung, Isabelle Thommen, 07.05.2022<br>Die Filmgesetzgegner machen die Schweiz klein<br>\n<a target=\"_blank\" href=\"https:\/\/www.bazonline.ch\/die-filmgesetzgegner-machen-die-schweiz-klein-351548136393\" rel=\"noopener\">Basler Zeitung<\/a><\/p>\n\n\n\n<p class=\"hinweisbox\">Online: kreaB, Verband der Kreativwirtschaft Basel, Newsletter, Mai 2022<br>\u00abFrontalangriff auf die Kreativwirtschaft\u00bb<br>\n<a target=\"_blank\" href=\"https:\/\/mailchi.mp\/24670cc8ee60\/newsletter-25-lex-netflix-ja-zum-schweizer-filmschaffen?e=565d9ce8a2\" rel=\"noopener\">kreaB Newsletter<\/a><\/p>\n\n\n\n<p class=\"hinweisbox\">Online: Kampagne Website<br>\nJa zum Filmgesetz<br>\n<a target=\"_blank\" href=\"https:\/\/www.ja-zum-filmgesetz.ch\/\" rel=\"noopener\">www.ja-zum-filmgesetz.ch<\/a><\/p>\n\n\n\n<p class=\"fotoquelle\">Foto zur Notiz: \u00abHunkeler und der Fall Livius\u00bb, Kunsthalle Basel<\/p>\n","protected":false},"excerpt":{"rendered":"<p>Am 15. Mai 2022 nimmt die Schweizer Stimmbev\u00f6lkerung das Filmgesetz mit \u00fcber 58% Ja-Stimmen an. Im Kanton Basel-Stadt liegt der Anteil der Ja-Stimmen bei \u00fcber 66%. Nur einzelne Westschweizer Kantone verzeichnen einen noch h\u00f6heren Ja-Stimmen&#8230;<\/p>\n","protected":false},"author":1,"featured_media":6490,"comment_status":"closed","ping_status":"open","sticky":false,"template":"","format":"standard","meta":{"_jetpack_memberships_contains_paid_content":false,"footnotes":""},"categories":[157,36],"tags":[156,52,28,80,159],"class_list":["post-6489","post","type-post","status-publish","format-standard","has-post-thumbnail","hentry","category-abstimmung","category-position","tag-abstimmung_15-5-2022","tag-film","tag-innovation","tag-kreativwirtschaft","tag-wirtschaft"],"yoast_head":"<!-- This site is optimized with the Yoast SEO plugin v27.5 - https:\/\/yoast.com\/product\/yoast-seo-wordpress\/ -->\n<title>Ja zum Filmgesetz - Johannes Sieber<\/title>\n<meta name=\"robots\" content=\"index, follow, max-snippet:-1, max-image-preview:large, max-video-preview:-1\" \/>\n<link rel=\"canonical\" href=\"https:\/\/www.johannes-sieber.ch\/move\/ja-zum-filmgesetz\/\" \/>\n<meta property=\"og:locale\" content=\"de_DE\" \/>\n<meta property=\"og:type\" content=\"article\" \/>\n<meta property=\"og:title\" content=\"Ja zum Filmgesetz - Johannes Sieber\" \/>\n<meta property=\"og:description\" content=\"Am 15. Mai 2022 nimmt die Schweizer Stimmbev\u00f6lkerung das Filmgesetz mit \u00fcber 58% Ja-Stimmen an. Im Kanton Basel-Stadt liegt der Anteil der Ja-Stimmen bei \u00fcber 66%. Nur einzelne Westschweizer Kantone verzeichnen einen noch h\u00f6heren Ja-Stimmen...\" \/>\n<meta property=\"og:url\" content=\"https:\/\/www.johannes-sieber.ch\/move\/ja-zum-filmgesetz\/\" \/>\n<meta property=\"og:site_name\" content=\"Johannes Sieber\" \/>\n<meta property=\"article:published_time\" content=\"2022-04-23T14:29:01+00:00\" \/>\n<meta property=\"article:modified_time\" content=\"2022-06-02T06:23:44+00:00\" \/>\n<meta property=\"og:image\" content=\"https:\/\/www.johannes-sieber.ch\/move\/wp-content\/uploads\/2022\/04\/hunkeler.jpg\" \/>\n\t<meta property=\"og:image:width\" content=\"1024\" \/>\n\t<meta property=\"og:image:height\" content=\"740\" \/>\n\t<meta property=\"og:image:type\" content=\"image\/jpeg\" \/>\n<meta name=\"author\" content=\"Johannes Sieber\" \/>\n<meta name=\"twitter:card\" content=\"summary_large_image\" \/>\n<meta name=\"twitter:creator\" content=\"@https:\/\/twitter.com\/JohannesSieber\" \/>\n<meta name=\"twitter:site\" content=\"@JohannesSieber\" \/>\n<meta name=\"twitter:label1\" content=\"Verfasst von\" \/>\n\t<meta name=\"twitter:data1\" content=\"Johannes Sieber\" \/>\n\t<meta name=\"twitter:label2\" content=\"Gesch\u00e4tzte Lesezeit\" \/>\n\t<meta name=\"twitter:data2\" content=\"3\u00a0Minuten\" \/>\n<script type=\"application\/ld+json\" class=\"yoast-schema-graph\">{\"@context\":\"https:\\\/\\\/schema.org\",\"@graph\":[{\"@type\":\"Article\",\"@id\":\"https:\\\/\\\/www.johannes-sieber.ch\\\/move\\\/ja-zum-filmgesetz\\\/#article\",\"isPartOf\":{\"@id\":\"https:\\\/\\\/www.johannes-sieber.ch\\\/move\\\/ja-zum-filmgesetz\\\/\"},\"author\":{\"name\":\"Johannes Sieber\",\"@id\":\"https:\\\/\\\/www.johannes-sieber.ch\\\/move\\\/#\\\/schema\\\/person\\\/d92682c5f067a49d1c1f925bd5422e14\"},\"headline\":\"Ja zum Filmgesetz\",\"datePublished\":\"2022-04-23T14:29:01+00:00\",\"dateModified\":\"2022-06-02T06:23:44+00:00\",\"mainEntityOfPage\":{\"@id\":\"https:\\\/\\\/www.johannes-sieber.ch\\\/move\\\/ja-zum-filmgesetz\\\/\"},\"wordCount\":480,\"publisher\":{\"@id\":\"https:\\\/\\\/www.johannes-sieber.ch\\\/move\\\/#\\\/schema\\\/person\\\/d92682c5f067a49d1c1f925bd5422e14\"},\"image\":{\"@id\":\"https:\\\/\\\/www.johannes-sieber.ch\\\/move\\\/ja-zum-filmgesetz\\\/#primaryimage\"},\"thumbnailUrl\":\"https:\\\/\\\/www.johannes-sieber.ch\\\/move\\\/wp-content\\\/uploads\\\/2022\\\/04\\\/hunkeler.jpg\",\"keywords\":[\"Abstimmung_15.5.2022\",\"Film\",\"Innovation\",\"Kreativwirtschaft\",\"Wirtschaft\"],\"articleSection\":[\"Abstimmung\",\"Position\"],\"inLanguage\":\"de\"},{\"@type\":\"WebPage\",\"@id\":\"https:\\\/\\\/www.johannes-sieber.ch\\\/move\\\/ja-zum-filmgesetz\\\/\",\"url\":\"https:\\\/\\\/www.johannes-sieber.ch\\\/move\\\/ja-zum-filmgesetz\\\/\",\"name\":\"Ja zum Filmgesetz - Johannes Sieber\",\"isPartOf\":{\"@id\":\"https:\\\/\\\/www.johannes-sieber.ch\\\/move\\\/#website\"},\"primaryImageOfPage\":{\"@id\":\"https:\\\/\\\/www.johannes-sieber.ch\\\/move\\\/ja-zum-filmgesetz\\\/#primaryimage\"},\"image\":{\"@id\":\"https:\\\/\\\/www.johannes-sieber.ch\\\/move\\\/ja-zum-filmgesetz\\\/#primaryimage\"},\"thumbnailUrl\":\"https:\\\/\\\/www.johannes-sieber.ch\\\/move\\\/wp-content\\\/uploads\\\/2022\\\/04\\\/hunkeler.jpg\",\"datePublished\":\"2022-04-23T14:29:01+00:00\",\"dateModified\":\"2022-06-02T06:23:44+00:00\",\"breadcrumb\":{\"@id\":\"https:\\\/\\\/www.johannes-sieber.ch\\\/move\\\/ja-zum-filmgesetz\\\/#breadcrumb\"},\"inLanguage\":\"de\",\"potentialAction\":[{\"@type\":\"ReadAction\",\"target\":[\"https:\\\/\\\/www.johannes-sieber.ch\\\/move\\\/ja-zum-filmgesetz\\\/\"]}]},{\"@type\":\"ImageObject\",\"inLanguage\":\"de\",\"@id\":\"https:\\\/\\\/www.johannes-sieber.ch\\\/move\\\/ja-zum-filmgesetz\\\/#primaryimage\",\"url\":\"https:\\\/\\\/www.johannes-sieber.ch\\\/move\\\/wp-content\\\/uploads\\\/2022\\\/04\\\/hunkeler.jpg\",\"contentUrl\":\"https:\\\/\\\/www.johannes-sieber.ch\\\/move\\\/wp-content\\\/uploads\\\/2022\\\/04\\\/hunkeler.jpg\",\"width\":1024,\"height\":740,\"caption\":\"\u00abHunkeler und der Fall Livius\u00bb\"},{\"@type\":\"BreadcrumbList\",\"@id\":\"https:\\\/\\\/www.johannes-sieber.ch\\\/move\\\/ja-zum-filmgesetz\\\/#breadcrumb\",\"itemListElement\":[{\"@type\":\"ListItem\",\"position\":1,\"name\":\"Startseite\",\"item\":\"https:\\\/\\\/www.johannes-sieber.ch\\\/move\\\/\"},{\"@type\":\"ListItem\",\"position\":2,\"name\":\"Ja zum Filmgesetz\"}]},{\"@type\":\"WebSite\",\"@id\":\"https:\\\/\\\/www.johannes-sieber.ch\\\/move\\\/#website\",\"url\":\"https:\\\/\\\/www.johannes-sieber.ch\\\/move\\\/\",\"name\":\"Johannes Sieber\",\"description\":\"Notizen zu Kultur, Klima, Stadt &amp; Menschen\",\"publisher\":{\"@id\":\"https:\\\/\\\/www.johannes-sieber.ch\\\/move\\\/#\\\/schema\\\/person\\\/d92682c5f067a49d1c1f925bd5422e14\"},\"potentialAction\":[{\"@type\":\"SearchAction\",\"target\":{\"@type\":\"EntryPoint\",\"urlTemplate\":\"https:\\\/\\\/www.johannes-sieber.ch\\\/move\\\/?s={search_term_string}\"},\"query-input\":{\"@type\":\"PropertyValueSpecification\",\"valueRequired\":true,\"valueName\":\"search_term_string\"}}],\"inLanguage\":\"de\"},{\"@type\":[\"Person\",\"Organization\"],\"@id\":\"https:\\\/\\\/www.johannes-sieber.ch\\\/move\\\/#\\\/schema\\\/person\\\/d92682c5f067a49d1c1f925bd5422e14\",\"name\":\"Johannes Sieber\",\"image\":{\"@type\":\"ImageObject\",\"inLanguage\":\"de\",\"@id\":\"https:\\\/\\\/secure.gravatar.com\\\/avatar\\\/31f81941f5205fb74a8b0f15334401b3be15721e177e88208533a81bf8dae247?s=96&d=mm&r=g\",\"url\":\"https:\\\/\\\/secure.gravatar.com\\\/avatar\\\/31f81941f5205fb74a8b0f15334401b3be15721e177e88208533a81bf8dae247?s=96&d=mm&r=g\",\"contentUrl\":\"https:\\\/\\\/secure.gravatar.com\\\/avatar\\\/31f81941f5205fb74a8b0f15334401b3be15721e177e88208533a81bf8dae247?s=96&d=mm&r=g\",\"caption\":\"Johannes Sieber\"},\"logo\":{\"@id\":\"https:\\\/\\\/secure.gravatar.com\\\/avatar\\\/31f81941f5205fb74a8b0f15334401b3be15721e177e88208533a81bf8dae247?s=96&d=mm&r=g\"},\"sameAs\":[\"https:\\\/\\\/www.johannes-sieber.ch\\\/\",\"https:\\\/\\\/www.instagram.com\\\/johannes__sieber\",\"https:\\\/\\\/x.com\\\/https:\\\/\\\/twitter.com\\\/JohannesSieber\"],\"url\":\"https:\\\/\\\/www.johannes-sieber.ch\\\/move\\\/author\\\/admin\\\/\"}]}<\/script>\n<!-- \/ Yoast SEO plugin. -->","yoast_head_json":{"title":"Ja zum Filmgesetz - Johannes Sieber","robots":{"index":"index","follow":"follow","max-snippet":"max-snippet:-1","max-image-preview":"max-image-preview:large","max-video-preview":"max-video-preview:-1"},"canonical":"https:\/\/www.johannes-sieber.ch\/move\/ja-zum-filmgesetz\/","og_locale":"de_DE","og_type":"article","og_title":"Ja zum Filmgesetz - Johannes Sieber","og_description":"Am 15. Mai 2022 nimmt die Schweizer Stimmbev\u00f6lkerung das Filmgesetz mit \u00fcber 58% Ja-Stimmen an. Im Kanton Basel-Stadt liegt der Anteil der Ja-Stimmen bei \u00fcber 66%. Nur einzelne Westschweizer Kantone verzeichnen einen noch h\u00f6heren Ja-Stimmen...","og_url":"https:\/\/www.johannes-sieber.ch\/move\/ja-zum-filmgesetz\/","og_site_name":"Johannes Sieber","article_published_time":"2022-04-23T14:29:01+00:00","article_modified_time":"2022-06-02T06:23:44+00:00","og_image":[{"width":1024,"height":740,"url":"https:\/\/www.johannes-sieber.ch\/move\/wp-content\/uploads\/2022\/04\/hunkeler.jpg","type":"image\/jpeg"}],"author":"Johannes Sieber","twitter_card":"summary_large_image","twitter_creator":"@https:\/\/twitter.com\/JohannesSieber","twitter_site":"@JohannesSieber","twitter_misc":{"Verfasst von":"Johannes Sieber","Gesch\u00e4tzte Lesezeit":"3\u00a0Minuten"},"schema":{"@context":"https:\/\/schema.org","@graph":[{"@type":"Article","@id":"https:\/\/www.johannes-sieber.ch\/move\/ja-zum-filmgesetz\/#article","isPartOf":{"@id":"https:\/\/www.johannes-sieber.ch\/move\/ja-zum-filmgesetz\/"},"author":{"name":"Johannes Sieber","@id":"https:\/\/www.johannes-sieber.ch\/move\/#\/schema\/person\/d92682c5f067a49d1c1f925bd5422e14"},"headline":"Ja zum Filmgesetz","datePublished":"2022-04-23T14:29:01+00:00","dateModified":"2022-06-02T06:23:44+00:00","mainEntityOfPage":{"@id":"https:\/\/www.johannes-sieber.ch\/move\/ja-zum-filmgesetz\/"},"wordCount":480,"publisher":{"@id":"https:\/\/www.johannes-sieber.ch\/move\/#\/schema\/person\/d92682c5f067a49d1c1f925bd5422e14"},"image":{"@id":"https:\/\/www.johannes-sieber.ch\/move\/ja-zum-filmgesetz\/#primaryimage"},"thumbnailUrl":"https:\/\/www.johannes-sieber.ch\/move\/wp-content\/uploads\/2022\/04\/hunkeler.jpg","keywords":["Abstimmung_15.5.2022","Film","Innovation","Kreativwirtschaft","Wirtschaft"],"articleSection":["Abstimmung","Position"],"inLanguage":"de"},{"@type":"WebPage","@id":"https:\/\/www.johannes-sieber.ch\/move\/ja-zum-filmgesetz\/","url":"https:\/\/www.johannes-sieber.ch\/move\/ja-zum-filmgesetz\/","name":"Ja zum Filmgesetz - Johannes Sieber","isPartOf":{"@id":"https:\/\/www.johannes-sieber.ch\/move\/#website"},"primaryImageOfPage":{"@id":"https:\/\/www.johannes-sieber.ch\/move\/ja-zum-filmgesetz\/#primaryimage"},"image":{"@id":"https:\/\/www.johannes-sieber.ch\/move\/ja-zum-filmgesetz\/#primaryimage"},"thumbnailUrl":"https:\/\/www.johannes-sieber.ch\/move\/wp-content\/uploads\/2022\/04\/hunkeler.jpg","datePublished":"2022-04-23T14:29:01+00:00","dateModified":"2022-06-02T06:23:44+00:00","breadcrumb":{"@id":"https:\/\/www.johannes-sieber.ch\/move\/ja-zum-filmgesetz\/#breadcrumb"},"inLanguage":"de","potentialAction":[{"@type":"ReadAction","target":["https:\/\/www.johannes-sieber.ch\/move\/ja-zum-filmgesetz\/"]}]},{"@type":"ImageObject","inLanguage":"de","@id":"https:\/\/www.johannes-sieber.ch\/move\/ja-zum-filmgesetz\/#primaryimage","url":"https:\/\/www.johannes-sieber.ch\/move\/wp-content\/uploads\/2022\/04\/hunkeler.jpg","contentUrl":"https:\/\/www.johannes-sieber.ch\/move\/wp-content\/uploads\/2022\/04\/hunkeler.jpg","width":1024,"height":740,"caption":"\u00abHunkeler und der Fall Livius\u00bb"},{"@type":"BreadcrumbList","@id":"https:\/\/www.johannes-sieber.ch\/move\/ja-zum-filmgesetz\/#breadcrumb","itemListElement":[{"@type":"ListItem","position":1,"name":"Startseite","item":"https:\/\/www.johannes-sieber.ch\/move\/"},{"@type":"ListItem","position":2,"name":"Ja zum Filmgesetz"}]},{"@type":"WebSite","@id":"https:\/\/www.johannes-sieber.ch\/move\/#website","url":"https:\/\/www.johannes-sieber.ch\/move\/","name":"Johannes Sieber","description":"Notizen zu Kultur, Klima, Stadt &amp; Menschen","publisher":{"@id":"https:\/\/www.johannes-sieber.ch\/move\/#\/schema\/person\/d92682c5f067a49d1c1f925bd5422e14"},"potentialAction":[{"@type":"SearchAction","target":{"@type":"EntryPoint","urlTemplate":"https:\/\/www.johannes-sieber.ch\/move\/?s={search_term_string}"},"query-input":{"@type":"PropertyValueSpecification","valueRequired":true,"valueName":"search_term_string"}}],"inLanguage":"de"},{"@type":["Person","Organization"],"@id":"https:\/\/www.johannes-sieber.ch\/move\/#\/schema\/person\/d92682c5f067a49d1c1f925bd5422e14","name":"Johannes Sieber","image":{"@type":"ImageObject","inLanguage":"de","@id":"https:\/\/secure.gravatar.com\/avatar\/31f81941f5205fb74a8b0f15334401b3be15721e177e88208533a81bf8dae247?s=96&d=mm&r=g","url":"https:\/\/secure.gravatar.com\/avatar\/31f81941f5205fb74a8b0f15334401b3be15721e177e88208533a81bf8dae247?s=96&d=mm&r=g","contentUrl":"https:\/\/secure.gravatar.com\/avatar\/31f81941f5205fb74a8b0f15334401b3be15721e177e88208533a81bf8dae247?s=96&d=mm&r=g","caption":"Johannes Sieber"},"logo":{"@id":"https:\/\/secure.gravatar.com\/avatar\/31f81941f5205fb74a8b0f15334401b3be15721e177e88208533a81bf8dae247?s=96&d=mm&r=g"},"sameAs":["https:\/\/www.johannes-sieber.ch\/","https:\/\/www.instagram.com\/johannes__sieber","https:\/\/x.com\/https:\/\/twitter.com\/JohannesSieber"],"url":"https:\/\/www.johannes-sieber.ch\/move\/author\/admin\/"}]}},"jetpack_featured_media_url":"https:\/\/www.johannes-sieber.ch\/move\/wp-content\/uploads\/2022\/04\/hunkeler.jpg","jetpack_sharing_enabled":true,"_links":{"self":[{"href":"https:\/\/www.johannes-sieber.ch\/move\/wp-json\/wp\/v2\/posts\/6489","targetHints":{"allow":["GET"]}}],"collection":[{"href":"https:\/\/www.johannes-sieber.ch\/move\/wp-json\/wp\/v2\/posts"}],"about":[{"href":"https:\/\/www.johannes-sieber.ch\/move\/wp-json\/wp\/v2\/types\/post"}],"author":[{"embeddable":true,"href":"https:\/\/www.johannes-sieber.ch\/move\/wp-json\/wp\/v2\/users\/1"}],"replies":[{"embeddable":true,"href":"https:\/\/www.johannes-sieber.ch\/move\/wp-json\/wp\/v2\/comments?post=6489"}],"version-history":[{"count":22,"href":"https:\/\/www.johannes-sieber.ch\/move\/wp-json\/wp\/v2\/posts\/6489\/revisions"}],"predecessor-version":[{"id":6572,"href":"https:\/\/www.johannes-sieber.ch\/move\/wp-json\/wp\/v2\/posts\/6489\/revisions\/6572"}],"wp:featuredmedia":[{"embeddable":true,"href":"https:\/\/www.johannes-sieber.ch\/move\/wp-json\/wp\/v2\/media\/6490"}],"wp:attachment":[{"href":"https:\/\/www.johannes-sieber.ch\/move\/wp-json\/wp\/v2\/media?parent=6489"}],"wp:term":[{"taxonomy":"category","embeddable":true,"href":"https:\/\/www.johannes-sieber.ch\/move\/wp-json\/wp\/v2\/categories?post=6489"},{"taxonomy":"post_tag","embeddable":true,"href":"https:\/\/www.johannes-sieber.ch\/move\/wp-json\/wp\/v2\/tags?post=6489"}],"curies":[{"name":"wp","href":"https:\/\/api.w.org\/{rel}","templated":true}]}}