{"id":6543,"date":"2022-05-04T15:50:58","date_gmt":"2022-05-04T14:50:58","guid":{"rendered":"https:\/\/www.johannes-sieber.ch\/move\/?p=6543"},"modified":"2022-10-23T10:29:01","modified_gmt":"2022-10-23T09:29:01","slug":"schikane-ist-kein-anreiz","status":"publish","type":"post","link":"https:\/\/www.johannes-sieber.ch\/move\/schikane-ist-kein-anreiz\/","title":{"rendered":"Schikane ist kein Anreiz"},"content":{"rendered":"\n<p>Bund \/ Nationalrat: Das Sozialhilferisiko sei bei Ausl\u00e4nderinnen und Ausl\u00e4ndern aus Drittstaaten statistisch deutlich h\u00f6her als bei Schweizerinnen und Schweizern oder bei Angeh\u00f6rigen der EU\/EFTA-Staaten. Darum will der Bundesrat mit einem Massnahmenpaket \u00abAnreize f\u00fcr eine st\u00e4rkere Erwerbst\u00e4tigkeit\u00bb f\u00fcr diese Personengruppe setzen.<\/p>\n\n\n\n<p>Konkret schl\u00e4gt der Bundesrat folgende Gesetzes\u00e4nderungen vor:<\/p>\n\n\n\n<ul>\n<li>Einf\u00fchrung eines tieferen Unterst\u00fctzungsansatzes f\u00fcr Drittstaatsangeh\u00f6rige bei der Sozialhilfe w\u00e4hrend der ersten drei Jahre nach Erteilung einer Kurzaufenthalts- oder Aufenthaltsbewilligung in der Schweiz.<\/li>\n<li>Pr\u00e4zisierung der Integrationsvoraussetzungen bei der H\u00e4rtefallregelung: F\u00fcr die Erteilung von Aufenthaltsbewilligungen an vorl\u00e4ufig Aufgenommene wird die erfolgreiche Teilnahme an einer (beruflichen) Bildung der Aufnahme einer Erwerbst\u00e4tigkeit gleichgestellt.<\/li>\n<\/ul>\n\n\n\n<p>An seiner Sitzung vom 26. Januar hat der Bundesrat die Vernehmlassung zu diesen Gesetzes\u00e4nderungen er\u00f6ffnet, sie dauerte bis zum 3. Mai 2022. F\u00fcr die Gr\u00fcnliberale Schweiz habe ich an der Stellunugnahme zur Vernehmlassung mitschreiben k\u00f6nnen.<\/p>\n\n\n\n<p><i>\u00abMontag, 2. Mai 2022<br>Stellungnahme zur \u00c4nderung des Ausl\u00e4nder- und Integrationsgesetzes: Einschr\u00e4nkung der Sozialhilfe bei Ausl\u00e4nderinnen und Ausl\u00e4ndern aus Drittstaaten<\/i><\/p>\n\n\n\n<p><em>Die Gr\u00fcnliberalen stehen f\u00fcr eine Sozialordnung ein, die ein w\u00fcrdevolles Leben in allen Lebenssituationen erm\u00f6glicht. Sozialpolitik wird den Menschen dann gerecht, wenn sie auf ihr Potential ausgerichtet ist. Das bedeutet zum Beispiel, dass die Sozialhilfe Wege in ein eigenst\u00e4ndiges Leben aufzeigen soll. Vor diesem Hintergrund ist zweifelhaft, ob die vorgeschlagene Gesetzes\u00e4nderung angemessen und zielf\u00fchrend ist. Zwar begr\u00fcssen die Gr\u00fcnliberalen das Anliegen Anreize zu schaffen, damit sich Personen in den Arbeitsmarkt integrieren. Von den geplanten K\u00fcrzungen der Sozialhilfe w\u00e4ren aber nicht nur arbeitsf\u00e4hige Erwachsene betroffen, sondern auch Kinder, ihre Betreuungspersonen und Menschen, welche aus gesundheitlichen Gr\u00fcnden nicht arbeiten k\u00f6nnen. Zudem nimmt die Vorlage in Kauf, dass die K\u00fcrzungen in den Kantonen sehr unterschiedlich ausfallen k\u00f6nnten. Das, obwohl der Grundbedarf f\u00fcr den Lebensunterhalt in allen Kantonen etwa gleich hoch ist. Auch mit Blick auf die Entwicklung der Fallzahlen, die nach dem H\u00f6chststand im 2017 einen R\u00fcckgang von 7 % verzeichnen, ist fraglich, ob es f\u00fcr die vorgesehenen Justierungen am bew\u00e4hrten System \u00fcberhaupt einen Handlungsbedarf gibt.<\/em><\/p>\n\n\n\n<p><em>Deshalb lehnen die Gr\u00fcnliberalen diese Vorlage ab.<\/em>\u00bb<\/p>\n\n\n\n<p>Die Stellungnahme wurde am 2. Mai eingereicht.<br>Hier ganze Stellungnahme lesen:<\/p>\n\n\n\n<p class=\"hinweisbox\">Online: Gr\u00fcnliberale Schweiz, 02.05.2022<br>Stellungnahme zur \u00c4nderung des Ausl\u00e4nder- und Integrationsgesetzes: Einschr\u00e4nkung der Sozialhilfe bei Ausl\u00e4nderinnen und Ausl\u00e4ndern aus Drittstaaten<br> <a rel=\"noreferrer noopener\" href=\"https:\/\/grunliberale.ch\/aktuell\/vernehmlassungen\/mediadetail~0e8d7b26-f1fa-4916-8284-219e4a956f40~Stellungnahme_zur_%C3%84nderung_des_Ausl%C3%A4nder-_und_Integrationsgesetzes__Einschr%C3%A4nkung_der_Sozialhilfe_bei_Ausl%C3%A4nderinnen_und_Ausl%C3%A4ndern_aus_Drittstaaten~\" target=\"_blank\">Gr\u00fcnliberale Schweiz<\/a> <\/p>\n\n\n\n<p class=\"fotoquelle\">Foto zur Notiz: Towfiqu Barbhuiya<\/p>\n","protected":false},"excerpt":{"rendered":"<p>Bund \/ Nationalrat: Das Sozialhilferisiko sei bei Ausl\u00e4nderinnen und Ausl\u00e4ndern aus Drittstaaten statistisch deutlich h\u00f6her als bei Schweizerinnen und Schweizern oder bei Angeh\u00f6rigen der EU\/EFTA-Staaten. Darum will der Bundesrat mit einem Massnahmenpaket \u00abAnreize f\u00fcr eine&#8230;<\/p>\n","protected":false},"author":1,"featured_media":6545,"comment_status":"closed","ping_status":"open","sticky":false,"template":"","format":"standard","meta":{"_jetpack_memberships_contains_paid_content":false,"footnotes":""},"categories":[36],"tags":[160,161,66],"class_list":["post-6543","post","type-post","status-publish","format-standard","has-post-thumbnail","hentry","category-position","tag-bund","tag-nationalrat","tag-position"],"yoast_head":"<!-- This site is optimized with the Yoast SEO plugin v27.5 - https:\/\/yoast.com\/product\/yoast-seo-wordpress\/ -->\n<title>Schikane ist kein Anreiz - Johannes Sieber<\/title>\n<meta name=\"robots\" content=\"index, follow, max-snippet:-1, max-image-preview:large, max-video-preview:-1\" \/>\n<link rel=\"canonical\" href=\"https:\/\/www.johannes-sieber.ch\/move\/schikane-ist-kein-anreiz\/\" \/>\n<meta property=\"og:locale\" content=\"de_DE\" \/>\n<meta property=\"og:type\" content=\"article\" \/>\n<meta property=\"og:title\" content=\"Schikane ist kein Anreiz - Johannes Sieber\" \/>\n<meta property=\"og:description\" content=\"Bund \/ Nationalrat: Das Sozialhilferisiko sei bei Ausl\u00e4nderinnen und Ausl\u00e4ndern aus Drittstaaten statistisch deutlich h\u00f6her als bei Schweizerinnen und Schweizern oder bei Angeh\u00f6rigen der EU\/EFTA-Staaten. Darum will der Bundesrat mit einem Massnahmenpaket \u00abAnreize f\u00fcr eine...\" \/>\n<meta property=\"og:url\" content=\"https:\/\/www.johannes-sieber.ch\/move\/schikane-ist-kein-anreiz\/\" \/>\n<meta property=\"og:site_name\" content=\"Johannes Sieber\" \/>\n<meta property=\"article:published_time\" content=\"2022-05-04T14:50:58+00:00\" \/>\n<meta property=\"article:modified_time\" content=\"2022-10-23T09:29:01+00:00\" \/>\n<meta property=\"og:image\" content=\"https:\/\/www.johannes-sieber.ch\/move\/wp-content\/uploads\/2022\/05\/towfiqu-barbhuiya-3aGZ7a97qwA-unsplash-2500.jpg\" \/>\n\t<meta property=\"og:image:width\" content=\"2500\" \/>\n\t<meta property=\"og:image:height\" content=\"1667\" \/>\n\t<meta property=\"og:image:type\" content=\"image\/jpeg\" \/>\n<meta name=\"author\" content=\"Johannes Sieber\" \/>\n<meta name=\"twitter:card\" content=\"summary_large_image\" \/>\n<meta name=\"twitter:creator\" content=\"@https:\/\/twitter.com\/JohannesSieber\" \/>\n<meta name=\"twitter:site\" content=\"@JohannesSieber\" \/>\n<meta name=\"twitter:label1\" content=\"Verfasst von\" \/>\n\t<meta name=\"twitter:data1\" content=\"Johannes Sieber\" \/>\n\t<meta name=\"twitter:label2\" content=\"Gesch\u00e4tzte Lesezeit\" \/>\n\t<meta name=\"twitter:data2\" content=\"3\u00a0Minuten\" \/>\n<script type=\"application\/ld+json\" class=\"yoast-schema-graph\">{\"@context\":\"https:\\\/\\\/schema.org\",\"@graph\":[{\"@type\":\"Article\",\"@id\":\"https:\\\/\\\/www.johannes-sieber.ch\\\/move\\\/schikane-ist-kein-anreiz\\\/#article\",\"isPartOf\":{\"@id\":\"https:\\\/\\\/www.johannes-sieber.ch\\\/move\\\/schikane-ist-kein-anreiz\\\/\"},\"author\":{\"name\":\"Johannes Sieber\",\"@id\":\"https:\\\/\\\/www.johannes-sieber.ch\\\/move\\\/#\\\/schema\\\/person\\\/d92682c5f067a49d1c1f925bd5422e14\"},\"headline\":\"Schikane ist kein Anreiz\",\"datePublished\":\"2022-05-04T14:50:58+00:00\",\"dateModified\":\"2022-10-23T09:29:01+00:00\",\"mainEntityOfPage\":{\"@id\":\"https:\\\/\\\/www.johannes-sieber.ch\\\/move\\\/schikane-ist-kein-anreiz\\\/\"},\"wordCount\":412,\"publisher\":{\"@id\":\"https:\\\/\\\/www.johannes-sieber.ch\\\/move\\\/#\\\/schema\\\/person\\\/d92682c5f067a49d1c1f925bd5422e14\"},\"image\":{\"@id\":\"https:\\\/\\\/www.johannes-sieber.ch\\\/move\\\/schikane-ist-kein-anreiz\\\/#primaryimage\"},\"thumbnailUrl\":\"https:\\\/\\\/www.johannes-sieber.ch\\\/move\\\/wp-content\\\/uploads\\\/2022\\\/05\\\/towfiqu-barbhuiya-3aGZ7a97qwA-unsplash-2500.jpg\",\"keywords\":[\"Bund\",\"Nationalrat\",\"Position\"],\"articleSection\":[\"Position\"],\"inLanguage\":\"de\"},{\"@type\":\"WebPage\",\"@id\":\"https:\\\/\\\/www.johannes-sieber.ch\\\/move\\\/schikane-ist-kein-anreiz\\\/\",\"url\":\"https:\\\/\\\/www.johannes-sieber.ch\\\/move\\\/schikane-ist-kein-anreiz\\\/\",\"name\":\"Schikane ist kein Anreiz - Johannes Sieber\",\"isPartOf\":{\"@id\":\"https:\\\/\\\/www.johannes-sieber.ch\\\/move\\\/#website\"},\"primaryImageOfPage\":{\"@id\":\"https:\\\/\\\/www.johannes-sieber.ch\\\/move\\\/schikane-ist-kein-anreiz\\\/#primaryimage\"},\"image\":{\"@id\":\"https:\\\/\\\/www.johannes-sieber.ch\\\/move\\\/schikane-ist-kein-anreiz\\\/#primaryimage\"},\"thumbnailUrl\":\"https:\\\/\\\/www.johannes-sieber.ch\\\/move\\\/wp-content\\\/uploads\\\/2022\\\/05\\\/towfiqu-barbhuiya-3aGZ7a97qwA-unsplash-2500.jpg\",\"datePublished\":\"2022-05-04T14:50:58+00:00\",\"dateModified\":\"2022-10-23T09:29:01+00:00\",\"breadcrumb\":{\"@id\":\"https:\\\/\\\/www.johannes-sieber.ch\\\/move\\\/schikane-ist-kein-anreiz\\\/#breadcrumb\"},\"inLanguage\":\"de\",\"potentialAction\":[{\"@type\":\"ReadAction\",\"target\":[\"https:\\\/\\\/www.johannes-sieber.ch\\\/move\\\/schikane-ist-kein-anreiz\\\/\"]}]},{\"@type\":\"ImageObject\",\"inLanguage\":\"de\",\"@id\":\"https:\\\/\\\/www.johannes-sieber.ch\\\/move\\\/schikane-ist-kein-anreiz\\\/#primaryimage\",\"url\":\"https:\\\/\\\/www.johannes-sieber.ch\\\/move\\\/wp-content\\\/uploads\\\/2022\\\/05\\\/towfiqu-barbhuiya-3aGZ7a97qwA-unsplash-2500.jpg\",\"contentUrl\":\"https:\\\/\\\/www.johannes-sieber.ch\\\/move\\\/wp-content\\\/uploads\\\/2022\\\/05\\\/towfiqu-barbhuiya-3aGZ7a97qwA-unsplash-2500.jpg\",\"width\":2500,\"height\":1667,\"caption\":\"by Towfiqu Barbhuiya\"},{\"@type\":\"BreadcrumbList\",\"@id\":\"https:\\\/\\\/www.johannes-sieber.ch\\\/move\\\/schikane-ist-kein-anreiz\\\/#breadcrumb\",\"itemListElement\":[{\"@type\":\"ListItem\",\"position\":1,\"name\":\"Startseite\",\"item\":\"https:\\\/\\\/www.johannes-sieber.ch\\\/move\\\/\"},{\"@type\":\"ListItem\",\"position\":2,\"name\":\"Schikane ist kein Anreiz\"}]},{\"@type\":\"WebSite\",\"@id\":\"https:\\\/\\\/www.johannes-sieber.ch\\\/move\\\/#website\",\"url\":\"https:\\\/\\\/www.johannes-sieber.ch\\\/move\\\/\",\"name\":\"Johannes Sieber\",\"description\":\"Notizen zu Kultur, Klima, Stadt &amp; Menschen\",\"publisher\":{\"@id\":\"https:\\\/\\\/www.johannes-sieber.ch\\\/move\\\/#\\\/schema\\\/person\\\/d92682c5f067a49d1c1f925bd5422e14\"},\"potentialAction\":[{\"@type\":\"SearchAction\",\"target\":{\"@type\":\"EntryPoint\",\"urlTemplate\":\"https:\\\/\\\/www.johannes-sieber.ch\\\/move\\\/?s={search_term_string}\"},\"query-input\":{\"@type\":\"PropertyValueSpecification\",\"valueRequired\":true,\"valueName\":\"search_term_string\"}}],\"inLanguage\":\"de\"},{\"@type\":[\"Person\",\"Organization\"],\"@id\":\"https:\\\/\\\/www.johannes-sieber.ch\\\/move\\\/#\\\/schema\\\/person\\\/d92682c5f067a49d1c1f925bd5422e14\",\"name\":\"Johannes Sieber\",\"image\":{\"@type\":\"ImageObject\",\"inLanguage\":\"de\",\"@id\":\"https:\\\/\\\/secure.gravatar.com\\\/avatar\\\/31f81941f5205fb74a8b0f15334401b3be15721e177e88208533a81bf8dae247?s=96&d=mm&r=g\",\"url\":\"https:\\\/\\\/secure.gravatar.com\\\/avatar\\\/31f81941f5205fb74a8b0f15334401b3be15721e177e88208533a81bf8dae247?s=96&d=mm&r=g\",\"contentUrl\":\"https:\\\/\\\/secure.gravatar.com\\\/avatar\\\/31f81941f5205fb74a8b0f15334401b3be15721e177e88208533a81bf8dae247?s=96&d=mm&r=g\",\"caption\":\"Johannes Sieber\"},\"logo\":{\"@id\":\"https:\\\/\\\/secure.gravatar.com\\\/avatar\\\/31f81941f5205fb74a8b0f15334401b3be15721e177e88208533a81bf8dae247?s=96&d=mm&r=g\"},\"sameAs\":[\"https:\\\/\\\/www.johannes-sieber.ch\\\/\",\"https:\\\/\\\/www.instagram.com\\\/johannes__sieber\",\"https:\\\/\\\/x.com\\\/https:\\\/\\\/twitter.com\\\/JohannesSieber\"],\"url\":\"https:\\\/\\\/www.johannes-sieber.ch\\\/move\\\/author\\\/admin\\\/\"}]}<\/script>\n<!-- \/ Yoast SEO plugin. -->","yoast_head_json":{"title":"Schikane ist kein Anreiz - Johannes Sieber","robots":{"index":"index","follow":"follow","max-snippet":"max-snippet:-1","max-image-preview":"max-image-preview:large","max-video-preview":"max-video-preview:-1"},"canonical":"https:\/\/www.johannes-sieber.ch\/move\/schikane-ist-kein-anreiz\/","og_locale":"de_DE","og_type":"article","og_title":"Schikane ist kein Anreiz - Johannes Sieber","og_description":"Bund \/ Nationalrat: Das Sozialhilferisiko sei bei Ausl\u00e4nderinnen und Ausl\u00e4ndern aus Drittstaaten statistisch deutlich h\u00f6her als bei Schweizerinnen und Schweizern oder bei Angeh\u00f6rigen der EU\/EFTA-Staaten. Darum will der Bundesrat mit einem Massnahmenpaket \u00abAnreize f\u00fcr eine...","og_url":"https:\/\/www.johannes-sieber.ch\/move\/schikane-ist-kein-anreiz\/","og_site_name":"Johannes Sieber","article_published_time":"2022-05-04T14:50:58+00:00","article_modified_time":"2022-10-23T09:29:01+00:00","og_image":[{"width":2500,"height":1667,"url":"https:\/\/www.johannes-sieber.ch\/move\/wp-content\/uploads\/2022\/05\/towfiqu-barbhuiya-3aGZ7a97qwA-unsplash-2500.jpg","type":"image\/jpeg"}],"author":"Johannes Sieber","twitter_card":"summary_large_image","twitter_creator":"@https:\/\/twitter.com\/JohannesSieber","twitter_site":"@JohannesSieber","twitter_misc":{"Verfasst von":"Johannes Sieber","Gesch\u00e4tzte Lesezeit":"3\u00a0Minuten"},"schema":{"@context":"https:\/\/schema.org","@graph":[{"@type":"Article","@id":"https:\/\/www.johannes-sieber.ch\/move\/schikane-ist-kein-anreiz\/#article","isPartOf":{"@id":"https:\/\/www.johannes-sieber.ch\/move\/schikane-ist-kein-anreiz\/"},"author":{"name":"Johannes Sieber","@id":"https:\/\/www.johannes-sieber.ch\/move\/#\/schema\/person\/d92682c5f067a49d1c1f925bd5422e14"},"headline":"Schikane ist kein Anreiz","datePublished":"2022-05-04T14:50:58+00:00","dateModified":"2022-10-23T09:29:01+00:00","mainEntityOfPage":{"@id":"https:\/\/www.johannes-sieber.ch\/move\/schikane-ist-kein-anreiz\/"},"wordCount":412,"publisher":{"@id":"https:\/\/www.johannes-sieber.ch\/move\/#\/schema\/person\/d92682c5f067a49d1c1f925bd5422e14"},"image":{"@id":"https:\/\/www.johannes-sieber.ch\/move\/schikane-ist-kein-anreiz\/#primaryimage"},"thumbnailUrl":"https:\/\/www.johannes-sieber.ch\/move\/wp-content\/uploads\/2022\/05\/towfiqu-barbhuiya-3aGZ7a97qwA-unsplash-2500.jpg","keywords":["Bund","Nationalrat","Position"],"articleSection":["Position"],"inLanguage":"de"},{"@type":"WebPage","@id":"https:\/\/www.johannes-sieber.ch\/move\/schikane-ist-kein-anreiz\/","url":"https:\/\/www.johannes-sieber.ch\/move\/schikane-ist-kein-anreiz\/","name":"Schikane ist kein Anreiz - Johannes Sieber","isPartOf":{"@id":"https:\/\/www.johannes-sieber.ch\/move\/#website"},"primaryImageOfPage":{"@id":"https:\/\/www.johannes-sieber.ch\/move\/schikane-ist-kein-anreiz\/#primaryimage"},"image":{"@id":"https:\/\/www.johannes-sieber.ch\/move\/schikane-ist-kein-anreiz\/#primaryimage"},"thumbnailUrl":"https:\/\/www.johannes-sieber.ch\/move\/wp-content\/uploads\/2022\/05\/towfiqu-barbhuiya-3aGZ7a97qwA-unsplash-2500.jpg","datePublished":"2022-05-04T14:50:58+00:00","dateModified":"2022-10-23T09:29:01+00:00","breadcrumb":{"@id":"https:\/\/www.johannes-sieber.ch\/move\/schikane-ist-kein-anreiz\/#breadcrumb"},"inLanguage":"de","potentialAction":[{"@type":"ReadAction","target":["https:\/\/www.johannes-sieber.ch\/move\/schikane-ist-kein-anreiz\/"]}]},{"@type":"ImageObject","inLanguage":"de","@id":"https:\/\/www.johannes-sieber.ch\/move\/schikane-ist-kein-anreiz\/#primaryimage","url":"https:\/\/www.johannes-sieber.ch\/move\/wp-content\/uploads\/2022\/05\/towfiqu-barbhuiya-3aGZ7a97qwA-unsplash-2500.jpg","contentUrl":"https:\/\/www.johannes-sieber.ch\/move\/wp-content\/uploads\/2022\/05\/towfiqu-barbhuiya-3aGZ7a97qwA-unsplash-2500.jpg","width":2500,"height":1667,"caption":"by Towfiqu Barbhuiya"},{"@type":"BreadcrumbList","@id":"https:\/\/www.johannes-sieber.ch\/move\/schikane-ist-kein-anreiz\/#breadcrumb","itemListElement":[{"@type":"ListItem","position":1,"name":"Startseite","item":"https:\/\/www.johannes-sieber.ch\/move\/"},{"@type":"ListItem","position":2,"name":"Schikane ist kein Anreiz"}]},{"@type":"WebSite","@id":"https:\/\/www.johannes-sieber.ch\/move\/#website","url":"https:\/\/www.johannes-sieber.ch\/move\/","name":"Johannes Sieber","description":"Notizen zu Kultur, Klima, Stadt &amp; Menschen","publisher":{"@id":"https:\/\/www.johannes-sieber.ch\/move\/#\/schema\/person\/d92682c5f067a49d1c1f925bd5422e14"},"potentialAction":[{"@type":"SearchAction","target":{"@type":"EntryPoint","urlTemplate":"https:\/\/www.johannes-sieber.ch\/move\/?s={search_term_string}"},"query-input":{"@type":"PropertyValueSpecification","valueRequired":true,"valueName":"search_term_string"}}],"inLanguage":"de"},{"@type":["Person","Organization"],"@id":"https:\/\/www.johannes-sieber.ch\/move\/#\/schema\/person\/d92682c5f067a49d1c1f925bd5422e14","name":"Johannes Sieber","image":{"@type":"ImageObject","inLanguage":"de","@id":"https:\/\/secure.gravatar.com\/avatar\/31f81941f5205fb74a8b0f15334401b3be15721e177e88208533a81bf8dae247?s=96&d=mm&r=g","url":"https:\/\/secure.gravatar.com\/avatar\/31f81941f5205fb74a8b0f15334401b3be15721e177e88208533a81bf8dae247?s=96&d=mm&r=g","contentUrl":"https:\/\/secure.gravatar.com\/avatar\/31f81941f5205fb74a8b0f15334401b3be15721e177e88208533a81bf8dae247?s=96&d=mm&r=g","caption":"Johannes Sieber"},"logo":{"@id":"https:\/\/secure.gravatar.com\/avatar\/31f81941f5205fb74a8b0f15334401b3be15721e177e88208533a81bf8dae247?s=96&d=mm&r=g"},"sameAs":["https:\/\/www.johannes-sieber.ch\/","https:\/\/www.instagram.com\/johannes__sieber","https:\/\/x.com\/https:\/\/twitter.com\/JohannesSieber"],"url":"https:\/\/www.johannes-sieber.ch\/move\/author\/admin\/"}]}},"jetpack_featured_media_url":"https:\/\/www.johannes-sieber.ch\/move\/wp-content\/uploads\/2022\/05\/towfiqu-barbhuiya-3aGZ7a97qwA-unsplash-2500.jpg","jetpack_sharing_enabled":true,"_links":{"self":[{"href":"https:\/\/www.johannes-sieber.ch\/move\/wp-json\/wp\/v2\/posts\/6543","targetHints":{"allow":["GET"]}}],"collection":[{"href":"https:\/\/www.johannes-sieber.ch\/move\/wp-json\/wp\/v2\/posts"}],"about":[{"href":"https:\/\/www.johannes-sieber.ch\/move\/wp-json\/wp\/v2\/types\/post"}],"author":[{"embeddable":true,"href":"https:\/\/www.johannes-sieber.ch\/move\/wp-json\/wp\/v2\/users\/1"}],"replies":[{"embeddable":true,"href":"https:\/\/www.johannes-sieber.ch\/move\/wp-json\/wp\/v2\/comments?post=6543"}],"version-history":[{"count":13,"href":"https:\/\/www.johannes-sieber.ch\/move\/wp-json\/wp\/v2\/posts\/6543\/revisions"}],"predecessor-version":[{"id":6820,"href":"https:\/\/www.johannes-sieber.ch\/move\/wp-json\/wp\/v2\/posts\/6543\/revisions\/6820"}],"wp:featuredmedia":[{"embeddable":true,"href":"https:\/\/www.johannes-sieber.ch\/move\/wp-json\/wp\/v2\/media\/6545"}],"wp:attachment":[{"href":"https:\/\/www.johannes-sieber.ch\/move\/wp-json\/wp\/v2\/media?parent=6543"}],"wp:term":[{"taxonomy":"category","embeddable":true,"href":"https:\/\/www.johannes-sieber.ch\/move\/wp-json\/wp\/v2\/categories?post=6543"},{"taxonomy":"post_tag","embeddable":true,"href":"https:\/\/www.johannes-sieber.ch\/move\/wp-json\/wp\/v2\/tags?post=6543"}],"curies":[{"name":"wp","href":"https:\/\/api.w.org\/{rel}","templated":true}]}}