{"id":6841,"date":"2022-11-16T19:53:02","date_gmt":"2022-11-16T18:53:02","guid":{"rendered":"https:\/\/www.johannes-sieber.ch\/move\/?p=6841"},"modified":"2022-11-16T19:53:04","modified_gmt":"2022-11-16T18:53:04","slug":"superblocks-fuers-stadtklima","status":"publish","type":"post","link":"https:\/\/www.johannes-sieber.ch\/move\/superblocks-fuers-stadtklima\/","title":{"rendered":"Superblocks f\u00fcrs Stadtklima"},"content":{"rendered":"\n<p><strong>Am 16. November 2022 hat der Grosse Rat mit 52 Ja zu 35 Nein und 1 Enthaltung den Anzug Brigitte K\u00fchne und Raffaela Hanauer betreffend \u00abSuperblocks\u00bb in Basel an den Regierungsrat \u00fcberweisen.<\/strong><\/p>\n\n\n\n<p><em>Notiz vom 9.9.2022: <\/em>Grosser Rat, Vorstoss: Mit \u00abSuperblocks\u00bb soll die Nachhaltigkeit in Basler Quartieren gef\u00f6rdert werden. Verschiedene Grossst\u00e4dte im europ\u00e4ischen Ausland treten den st\u00e4dtischen W\u00e4rmeinseln bereits entgegen, indem sie \u00f6ffentliche Strassen- und Freir\u00e4ume st\u00e4rker begr\u00fcnen, verschatten, mit Wasser k\u00fchlen, Versickerung und Verdunstung steigern und somit die Aufenthaltsqualit\u00e4t im Freien steigern.<\/p>\n\n\n\n<p>Statt in einem jahrelangen Planungsprozess und mit teuren \u00abdefinitiven\u00bb Massnahmen, geschieht die Umsetzung mit relativ kosteng\u00fcnstigen, provisorischen und verschiebbaren Massnahmen: Bodenmarkierungen, B\u00e4ume in Beh\u00e4ltern, Pflanzbeete, Sonnensegel, Nebelduschen, Spiel- und M\u00f6blierungselemente, etc., also ohne teure Strassenbau- und Werkleitungs-Eingriffe.<\/p>\n\n\n\n<p>\u00abSuperblocks\u00bb sollen bereits im Sommer 2023 versuchsweise in den Quartieren Wettstein und St. Johann umgesetzt und ausgewertet werden k\u00f6nnen. Das fordert der Anzug von Fraktionskollegin Brigitte K\u00fchne (GLP) und Raffaela Hanauer vom GAB.<\/p>\n\n\n\n<p class=\"hinweisbox\">Online: Grosser Rat Basel-Stadt, Gesch\u00e4ft 22.5420<br>Anzug Brigitte K\u00fchne und Raffaela Hanauer betreffend \u00abSuperblocks\u00bb in Basel<br><a href=\"https:\/\/www.grosserrat.bs.ch\/ratsbetrieb\/geschaefte\/200112009\" target=\"_blank\" rel=\"noreferrer noopener\">Grosser Rat Basel-Stadt, Gesch\u00e4ftsverzeichnis<\/a><\/p>\n\n\n\n<p class=\"hinweisbox\">Online: Quartierlabor Wettstein, 2022<br>Die Superblocks kommen: Ein neues Planungsinstrument f\u00fcr St\u00e4dte<br><a href=\"https:\/\/www.quartierlabor.ch\/aktuelles\/42-superblocks-auch-fuer-basel\" target=\"_blank\" rel=\"noreferrer noopener\">www.quartierlabor.ch<\/a><\/p>\n\n\n\n<p class=\"hinweisbox\">Zeitung: bz &#8211; Zeitung f\u00fcr die Region Basel, Ali Ahmeti, 20.01.2022<br>Mehr Begegnung, weniger Autos: Neue Ideen f\u00fcrs Wettsteinquartier<br><a href=\"https:\/\/www.bzbasel.ch\/basel\/basel-stadt\/basel-mehr-begegnung-weniger-autos-neue-ideen-fuers-wettsteinquartier-ld.2241003\" target=\"_blank\" rel=\"noreferrer noopener\">bz &#8211; Zeitung f\u00fcr die Region Basel<\/a><\/p>\n\n\n\n<p class=\"hinweisbox\">Zeitung: NZZ magazin, Andreas Frey, 16.04.2022<br>Der gr\u00fcne Block<br><a href=\"https:\/\/magazin.nzz.ch\/nzz-am-sonntag\/wissen\/verkehrsberuhigte-zonen-der-gruene-block-ld.1679296?reduced=true\" target=\"_blank\" rel=\"noreferrer noopener\">NZZ magazin<\/a><\/p>\n\n\n\n<p class=\"fotoquelle\">Foto zur Notiz: Gunnar Knechtel \/ Laif, <a href=\"https:\/\/magazin.nzz.ch\/nzz-am-sonntag\/wissen\/verkehrsberuhigte-zonen-der-gruene-block-ld.1679296?reduced=true\" target=\"_blank\" rel=\"noreferrer noopener\">NZZ magazin<\/a><\/p>\n","protected":false},"excerpt":{"rendered":"<p>Am 16. November 2022 hat der Grosse Rat mit 52 Ja zu 35 Nein und 1 Enthaltung den Anzug Brigitte K\u00fchne und Raffaela Hanauer betreffend \u00abSuperblocks\u00bb in Basel an den Regierungsrat \u00fcberweisen. Notiz vom 9.9.2022:&#8230;<\/p>\n","protected":false},"author":1,"featured_media":6846,"comment_status":"closed","ping_status":"open","sticky":false,"template":"","format":"standard","meta":{"_jetpack_memberships_contains_paid_content":false,"footnotes":""},"categories":[123,34],"tags":[24,11],"class_list":["post-6841","post","type-post","status-publish","format-standard","has-post-thumbnail","hentry","category-grosser-rat","category-klima","tag-klima","tag-politik"],"yoast_head":"<!-- This site is optimized with the Yoast SEO plugin v27.5 - https:\/\/yoast.com\/product\/yoast-seo-wordpress\/ -->\n<title>Superblocks f\u00fcrs Stadtklima - Johannes Sieber<\/title>\n<meta name=\"robots\" content=\"index, follow, max-snippet:-1, max-image-preview:large, max-video-preview:-1\" \/>\n<link rel=\"canonical\" href=\"https:\/\/www.johannes-sieber.ch\/move\/superblocks-fuers-stadtklima\/\" \/>\n<meta property=\"og:locale\" content=\"de_DE\" \/>\n<meta property=\"og:type\" content=\"article\" \/>\n<meta property=\"og:title\" content=\"Superblocks f\u00fcrs Stadtklima - Johannes Sieber\" \/>\n<meta property=\"og:description\" content=\"Am 16. November 2022 hat der Grosse Rat mit 52 Ja zu 35 Nein und 1 Enthaltung den Anzug Brigitte K\u00fchne und Raffaela Hanauer betreffend \u00abSuperblocks\u00bb in Basel an den Regierungsrat \u00fcberweisen. Notiz vom 9.9.2022:...\" \/>\n<meta property=\"og:url\" content=\"https:\/\/www.johannes-sieber.ch\/move\/superblocks-fuers-stadtklima\/\" \/>\n<meta property=\"og:site_name\" content=\"Johannes Sieber\" \/>\n<meta property=\"article:published_time\" content=\"2022-11-16T18:53:02+00:00\" \/>\n<meta property=\"article:modified_time\" content=\"2022-11-16T18:53:04+00:00\" \/>\n<meta property=\"og:image\" content=\"https:\/\/www.johannes-sieber.ch\/move\/wp-content\/uploads\/2022\/11\/Screenshot-2022-11-08-at-08.53.34-700x468.png\" \/>\n\t<meta property=\"og:image:width\" content=\"700\" \/>\n\t<meta property=\"og:image:height\" content=\"468\" \/>\n\t<meta property=\"og:image:type\" content=\"image\/png\" \/>\n<meta name=\"author\" content=\"Johannes Sieber\" \/>\n<meta name=\"twitter:card\" content=\"summary_large_image\" \/>\n<meta name=\"twitter:creator\" content=\"@https:\/\/twitter.com\/JohannesSieber\" \/>\n<meta name=\"twitter:site\" content=\"@JohannesSieber\" \/>\n<meta name=\"twitter:label1\" content=\"Verfasst von\" \/>\n\t<meta name=\"twitter:data1\" content=\"Johannes Sieber\" \/>\n\t<meta name=\"twitter:label2\" content=\"Gesch\u00e4tzte Lesezeit\" \/>\n\t<meta name=\"twitter:data2\" content=\"2\u00a0Minuten\" \/>\n<script type=\"application\/ld+json\" class=\"yoast-schema-graph\">{\"@context\":\"https:\\\/\\\/schema.org\",\"@graph\":[{\"@type\":\"Article\",\"@id\":\"https:\\\/\\\/www.johannes-sieber.ch\\\/move\\\/superblocks-fuers-stadtklima\\\/#article\",\"isPartOf\":{\"@id\":\"https:\\\/\\\/www.johannes-sieber.ch\\\/move\\\/superblocks-fuers-stadtklima\\\/\"},\"author\":{\"name\":\"Johannes Sieber\",\"@id\":\"https:\\\/\\\/www.johannes-sieber.ch\\\/move\\\/#\\\/schema\\\/person\\\/d92682c5f067a49d1c1f925bd5422e14\"},\"headline\":\"Superblocks f\u00fcrs Stadtklima\",\"datePublished\":\"2022-11-16T18:53:02+00:00\",\"dateModified\":\"2022-11-16T18:53:04+00:00\",\"mainEntityOfPage\":{\"@id\":\"https:\\\/\\\/www.johannes-sieber.ch\\\/move\\\/superblocks-fuers-stadtklima\\\/\"},\"wordCount\":251,\"publisher\":{\"@id\":\"https:\\\/\\\/www.johannes-sieber.ch\\\/move\\\/#\\\/schema\\\/person\\\/d92682c5f067a49d1c1f925bd5422e14\"},\"image\":{\"@id\":\"https:\\\/\\\/www.johannes-sieber.ch\\\/move\\\/superblocks-fuers-stadtklima\\\/#primaryimage\"},\"thumbnailUrl\":\"https:\\\/\\\/www.johannes-sieber.ch\\\/move\\\/wp-content\\\/uploads\\\/2022\\\/11\\\/Screenshot-2022-11-08-at-08.53.34.png\",\"keywords\":[\"Klima\",\"Politik\"],\"articleSection\":[\"Grosser Rat\",\"Klima\"],\"inLanguage\":\"de\"},{\"@type\":\"WebPage\",\"@id\":\"https:\\\/\\\/www.johannes-sieber.ch\\\/move\\\/superblocks-fuers-stadtklima\\\/\",\"url\":\"https:\\\/\\\/www.johannes-sieber.ch\\\/move\\\/superblocks-fuers-stadtklima\\\/\",\"name\":\"Superblocks f\u00fcrs Stadtklima - Johannes Sieber\",\"isPartOf\":{\"@id\":\"https:\\\/\\\/www.johannes-sieber.ch\\\/move\\\/#website\"},\"primaryImageOfPage\":{\"@id\":\"https:\\\/\\\/www.johannes-sieber.ch\\\/move\\\/superblocks-fuers-stadtklima\\\/#primaryimage\"},\"image\":{\"@id\":\"https:\\\/\\\/www.johannes-sieber.ch\\\/move\\\/superblocks-fuers-stadtklima\\\/#primaryimage\"},\"thumbnailUrl\":\"https:\\\/\\\/www.johannes-sieber.ch\\\/move\\\/wp-content\\\/uploads\\\/2022\\\/11\\\/Screenshot-2022-11-08-at-08.53.34.png\",\"datePublished\":\"2022-11-16T18:53:02+00:00\",\"dateModified\":\"2022-11-16T18:53:04+00:00\",\"breadcrumb\":{\"@id\":\"https:\\\/\\\/www.johannes-sieber.ch\\\/move\\\/superblocks-fuers-stadtklima\\\/#breadcrumb\"},\"inLanguage\":\"de\",\"potentialAction\":[{\"@type\":\"ReadAction\",\"target\":[\"https:\\\/\\\/www.johannes-sieber.ch\\\/move\\\/superblocks-fuers-stadtklima\\\/\"]}]},{\"@type\":\"ImageObject\",\"inLanguage\":\"de\",\"@id\":\"https:\\\/\\\/www.johannes-sieber.ch\\\/move\\\/superblocks-fuers-stadtklima\\\/#primaryimage\",\"url\":\"https:\\\/\\\/www.johannes-sieber.ch\\\/move\\\/wp-content\\\/uploads\\\/2022\\\/11\\\/Screenshot-2022-11-08-at-08.53.34.png\",\"contentUrl\":\"https:\\\/\\\/www.johannes-sieber.ch\\\/move\\\/wp-content\\\/uploads\\\/2022\\\/11\\\/Screenshot-2022-11-08-at-08.53.34.png\",\"width\":2710,\"height\":1810,\"caption\":\"Superblocks - Foto zur Notiz: Gunnar Knechtel \\\/ Laif, NZZ magazin\"},{\"@type\":\"BreadcrumbList\",\"@id\":\"https:\\\/\\\/www.johannes-sieber.ch\\\/move\\\/superblocks-fuers-stadtklima\\\/#breadcrumb\",\"itemListElement\":[{\"@type\":\"ListItem\",\"position\":1,\"name\":\"Startseite\",\"item\":\"https:\\\/\\\/www.johannes-sieber.ch\\\/move\\\/\"},{\"@type\":\"ListItem\",\"position\":2,\"name\":\"Superblocks f\u00fcrs Stadtklima\"}]},{\"@type\":\"WebSite\",\"@id\":\"https:\\\/\\\/www.johannes-sieber.ch\\\/move\\\/#website\",\"url\":\"https:\\\/\\\/www.johannes-sieber.ch\\\/move\\\/\",\"name\":\"Johannes Sieber\",\"description\":\"Notizen zu Kultur, Klima, Stadt &amp; Menschen\",\"publisher\":{\"@id\":\"https:\\\/\\\/www.johannes-sieber.ch\\\/move\\\/#\\\/schema\\\/person\\\/d92682c5f067a49d1c1f925bd5422e14\"},\"potentialAction\":[{\"@type\":\"SearchAction\",\"target\":{\"@type\":\"EntryPoint\",\"urlTemplate\":\"https:\\\/\\\/www.johannes-sieber.ch\\\/move\\\/?s={search_term_string}\"},\"query-input\":{\"@type\":\"PropertyValueSpecification\",\"valueRequired\":true,\"valueName\":\"search_term_string\"}}],\"inLanguage\":\"de\"},{\"@type\":[\"Person\",\"Organization\"],\"@id\":\"https:\\\/\\\/www.johannes-sieber.ch\\\/move\\\/#\\\/schema\\\/person\\\/d92682c5f067a49d1c1f925bd5422e14\",\"name\":\"Johannes Sieber\",\"image\":{\"@type\":\"ImageObject\",\"inLanguage\":\"de\",\"@id\":\"https:\\\/\\\/secure.gravatar.com\\\/avatar\\\/31f81941f5205fb74a8b0f15334401b3be15721e177e88208533a81bf8dae247?s=96&d=mm&r=g\",\"url\":\"https:\\\/\\\/secure.gravatar.com\\\/avatar\\\/31f81941f5205fb74a8b0f15334401b3be15721e177e88208533a81bf8dae247?s=96&d=mm&r=g\",\"contentUrl\":\"https:\\\/\\\/secure.gravatar.com\\\/avatar\\\/31f81941f5205fb74a8b0f15334401b3be15721e177e88208533a81bf8dae247?s=96&d=mm&r=g\",\"caption\":\"Johannes Sieber\"},\"logo\":{\"@id\":\"https:\\\/\\\/secure.gravatar.com\\\/avatar\\\/31f81941f5205fb74a8b0f15334401b3be15721e177e88208533a81bf8dae247?s=96&d=mm&r=g\"},\"sameAs\":[\"https:\\\/\\\/www.johannes-sieber.ch\\\/\",\"https:\\\/\\\/www.instagram.com\\\/johannes__sieber\",\"https:\\\/\\\/x.com\\\/https:\\\/\\\/twitter.com\\\/JohannesSieber\"],\"url\":\"https:\\\/\\\/www.johannes-sieber.ch\\\/move\\\/author\\\/admin\\\/\"}]}<\/script>\n<!-- \/ Yoast SEO plugin. -->","yoast_head_json":{"title":"Superblocks f\u00fcrs Stadtklima - Johannes Sieber","robots":{"index":"index","follow":"follow","max-snippet":"max-snippet:-1","max-image-preview":"max-image-preview:large","max-video-preview":"max-video-preview:-1"},"canonical":"https:\/\/www.johannes-sieber.ch\/move\/superblocks-fuers-stadtklima\/","og_locale":"de_DE","og_type":"article","og_title":"Superblocks f\u00fcrs Stadtklima - Johannes Sieber","og_description":"Am 16. November 2022 hat der Grosse Rat mit 52 Ja zu 35 Nein und 1 Enthaltung den Anzug Brigitte K\u00fchne und Raffaela Hanauer betreffend \u00abSuperblocks\u00bb in Basel an den Regierungsrat \u00fcberweisen. Notiz vom 9.9.2022:...","og_url":"https:\/\/www.johannes-sieber.ch\/move\/superblocks-fuers-stadtklima\/","og_site_name":"Johannes Sieber","article_published_time":"2022-11-16T18:53:02+00:00","article_modified_time":"2022-11-16T18:53:04+00:00","og_image":[{"width":700,"height":468,"url":"https:\/\/www.johannes-sieber.ch\/move\/wp-content\/uploads\/2022\/11\/Screenshot-2022-11-08-at-08.53.34-700x468.png","type":"image\/png"}],"author":"Johannes Sieber","twitter_card":"summary_large_image","twitter_creator":"@https:\/\/twitter.com\/JohannesSieber","twitter_site":"@JohannesSieber","twitter_misc":{"Verfasst von":"Johannes Sieber","Gesch\u00e4tzte Lesezeit":"2\u00a0Minuten"},"schema":{"@context":"https:\/\/schema.org","@graph":[{"@type":"Article","@id":"https:\/\/www.johannes-sieber.ch\/move\/superblocks-fuers-stadtklima\/#article","isPartOf":{"@id":"https:\/\/www.johannes-sieber.ch\/move\/superblocks-fuers-stadtklima\/"},"author":{"name":"Johannes Sieber","@id":"https:\/\/www.johannes-sieber.ch\/move\/#\/schema\/person\/d92682c5f067a49d1c1f925bd5422e14"},"headline":"Superblocks f\u00fcrs Stadtklima","datePublished":"2022-11-16T18:53:02+00:00","dateModified":"2022-11-16T18:53:04+00:00","mainEntityOfPage":{"@id":"https:\/\/www.johannes-sieber.ch\/move\/superblocks-fuers-stadtklima\/"},"wordCount":251,"publisher":{"@id":"https:\/\/www.johannes-sieber.ch\/move\/#\/schema\/person\/d92682c5f067a49d1c1f925bd5422e14"},"image":{"@id":"https:\/\/www.johannes-sieber.ch\/move\/superblocks-fuers-stadtklima\/#primaryimage"},"thumbnailUrl":"https:\/\/www.johannes-sieber.ch\/move\/wp-content\/uploads\/2022\/11\/Screenshot-2022-11-08-at-08.53.34.png","keywords":["Klima","Politik"],"articleSection":["Grosser Rat","Klima"],"inLanguage":"de"},{"@type":"WebPage","@id":"https:\/\/www.johannes-sieber.ch\/move\/superblocks-fuers-stadtklima\/","url":"https:\/\/www.johannes-sieber.ch\/move\/superblocks-fuers-stadtklima\/","name":"Superblocks f\u00fcrs Stadtklima - Johannes Sieber","isPartOf":{"@id":"https:\/\/www.johannes-sieber.ch\/move\/#website"},"primaryImageOfPage":{"@id":"https:\/\/www.johannes-sieber.ch\/move\/superblocks-fuers-stadtklima\/#primaryimage"},"image":{"@id":"https:\/\/www.johannes-sieber.ch\/move\/superblocks-fuers-stadtklima\/#primaryimage"},"thumbnailUrl":"https:\/\/www.johannes-sieber.ch\/move\/wp-content\/uploads\/2022\/11\/Screenshot-2022-11-08-at-08.53.34.png","datePublished":"2022-11-16T18:53:02+00:00","dateModified":"2022-11-16T18:53:04+00:00","breadcrumb":{"@id":"https:\/\/www.johannes-sieber.ch\/move\/superblocks-fuers-stadtklima\/#breadcrumb"},"inLanguage":"de","potentialAction":[{"@type":"ReadAction","target":["https:\/\/www.johannes-sieber.ch\/move\/superblocks-fuers-stadtklima\/"]}]},{"@type":"ImageObject","inLanguage":"de","@id":"https:\/\/www.johannes-sieber.ch\/move\/superblocks-fuers-stadtklima\/#primaryimage","url":"https:\/\/www.johannes-sieber.ch\/move\/wp-content\/uploads\/2022\/11\/Screenshot-2022-11-08-at-08.53.34.png","contentUrl":"https:\/\/www.johannes-sieber.ch\/move\/wp-content\/uploads\/2022\/11\/Screenshot-2022-11-08-at-08.53.34.png","width":2710,"height":1810,"caption":"Superblocks - Foto zur Notiz: Gunnar Knechtel \/ Laif, NZZ magazin"},{"@type":"BreadcrumbList","@id":"https:\/\/www.johannes-sieber.ch\/move\/superblocks-fuers-stadtklima\/#breadcrumb","itemListElement":[{"@type":"ListItem","position":1,"name":"Startseite","item":"https:\/\/www.johannes-sieber.ch\/move\/"},{"@type":"ListItem","position":2,"name":"Superblocks f\u00fcrs Stadtklima"}]},{"@type":"WebSite","@id":"https:\/\/www.johannes-sieber.ch\/move\/#website","url":"https:\/\/www.johannes-sieber.ch\/move\/","name":"Johannes Sieber","description":"Notizen zu Kultur, Klima, Stadt &amp; Menschen","publisher":{"@id":"https:\/\/www.johannes-sieber.ch\/move\/#\/schema\/person\/d92682c5f067a49d1c1f925bd5422e14"},"potentialAction":[{"@type":"SearchAction","target":{"@type":"EntryPoint","urlTemplate":"https:\/\/www.johannes-sieber.ch\/move\/?s={search_term_string}"},"query-input":{"@type":"PropertyValueSpecification","valueRequired":true,"valueName":"search_term_string"}}],"inLanguage":"de"},{"@type":["Person","Organization"],"@id":"https:\/\/www.johannes-sieber.ch\/move\/#\/schema\/person\/d92682c5f067a49d1c1f925bd5422e14","name":"Johannes Sieber","image":{"@type":"ImageObject","inLanguage":"de","@id":"https:\/\/secure.gravatar.com\/avatar\/31f81941f5205fb74a8b0f15334401b3be15721e177e88208533a81bf8dae247?s=96&d=mm&r=g","url":"https:\/\/secure.gravatar.com\/avatar\/31f81941f5205fb74a8b0f15334401b3be15721e177e88208533a81bf8dae247?s=96&d=mm&r=g","contentUrl":"https:\/\/secure.gravatar.com\/avatar\/31f81941f5205fb74a8b0f15334401b3be15721e177e88208533a81bf8dae247?s=96&d=mm&r=g","caption":"Johannes Sieber"},"logo":{"@id":"https:\/\/secure.gravatar.com\/avatar\/31f81941f5205fb74a8b0f15334401b3be15721e177e88208533a81bf8dae247?s=96&d=mm&r=g"},"sameAs":["https:\/\/www.johannes-sieber.ch\/","https:\/\/www.instagram.com\/johannes__sieber","https:\/\/x.com\/https:\/\/twitter.com\/JohannesSieber"],"url":"https:\/\/www.johannes-sieber.ch\/move\/author\/admin\/"}]}},"jetpack_featured_media_url":"https:\/\/www.johannes-sieber.ch\/move\/wp-content\/uploads\/2022\/11\/Screenshot-2022-11-08-at-08.53.34.png","jetpack_sharing_enabled":true,"_links":{"self":[{"href":"https:\/\/www.johannes-sieber.ch\/move\/wp-json\/wp\/v2\/posts\/6841","targetHints":{"allow":["GET"]}}],"collection":[{"href":"https:\/\/www.johannes-sieber.ch\/move\/wp-json\/wp\/v2\/posts"}],"about":[{"href":"https:\/\/www.johannes-sieber.ch\/move\/wp-json\/wp\/v2\/types\/post"}],"author":[{"embeddable":true,"href":"https:\/\/www.johannes-sieber.ch\/move\/wp-json\/wp\/v2\/users\/1"}],"replies":[{"embeddable":true,"href":"https:\/\/www.johannes-sieber.ch\/move\/wp-json\/wp\/v2\/comments?post=6841"}],"version-history":[{"count":9,"href":"https:\/\/www.johannes-sieber.ch\/move\/wp-json\/wp\/v2\/posts\/6841\/revisions"}],"predecessor-version":[{"id":6874,"href":"https:\/\/www.johannes-sieber.ch\/move\/wp-json\/wp\/v2\/posts\/6841\/revisions\/6874"}],"wp:featuredmedia":[{"embeddable":true,"href":"https:\/\/www.johannes-sieber.ch\/move\/wp-json\/wp\/v2\/media\/6846"}],"wp:attachment":[{"href":"https:\/\/www.johannes-sieber.ch\/move\/wp-json\/wp\/v2\/media?parent=6841"}],"wp:term":[{"taxonomy":"category","embeddable":true,"href":"https:\/\/www.johannes-sieber.ch\/move\/wp-json\/wp\/v2\/categories?post=6841"},{"taxonomy":"post_tag","embeddable":true,"href":"https:\/\/www.johannes-sieber.ch\/move\/wp-json\/wp\/v2\/tags?post=6841"}],"curies":[{"name":"wp","href":"https:\/\/api.w.org\/{rel}","templated":true}]}}