{"id":7252,"date":"2024-06-10T10:37:16","date_gmt":"2024-06-10T09:37:16","guid":{"rendered":"https:\/\/www.johannes-sieber.ch\/move\/?p=7252"},"modified":"2024-08-28T18:43:32","modified_gmt":"2024-08-28T17:43:32","slug":"basel-schafft-die-frauen-nicht-ab","status":"publish","type":"post","link":"https:\/\/www.johannes-sieber.ch\/move\/basel-schafft-die-frauen-nicht-ab\/","title":{"rendered":"Basel schafft die Frauen ab? Presserat sagt nein."},"content":{"rendered":"\n<p>Im Gesetzgebungsprozess f\u00fcr die Revision des kantonalen Gleichstellungsgesetzes Basel-Stadt etablierten rechte Parteien und konservative Frauenrechtlerinnen das Narrativ, mit dem Gesetz w\u00fcrden \u00abFrauen\u00bb und \u00abM\u00e4nner\u00bb abgeschafft. Angefeuert von Alice Schwarzers &#8218;Emma&#8216; und anderen liess sich auch das Schweizer Radio und Fernsehen zu dieser Aussage hinreissen.<\/p>\n\n\n\n<p>Diese falsche Behauptung habe ich verschiedentlich direkt beanstandet und auch Klage beim Schweizer Presserat eingereicht. Dieser gibt mir nun recht: In seiner Stellungnahme Nr. 12\/2024 h\u00e4lt er fest, dass diese Behauptung gegen \u00abZiffer 1 \/ Wahrheit\u00bb der Erkl\u00e4rung der Pflichten und Rechte von Journalist:innen verst\u00f6sst. Mehr dazu beim Schweizer Presserat:<\/p>\n\n\n\n<p class=\"hinweisbox\">Online: Schweizer Presserat, Stellungsnahme Nr. 12\/2024, 27.05.2024<br>Wahrheit \/ X. c. Schweizer Radio und Fernsehen SRF<br><a href=\"https:\/\/presserat.ch\/complaints\/12_2024\/\" target=\"_blank\" rel=\"noreferrer noopener\">Schweizer Presserat<\/a><\/p>\n\n\n\n<p><em>Notiz vom 31. M\u00e4rz 2023: <\/em>In ihrer \u00abEmma\u00bb vom M\u00e4rz 2022 erschreckt <strong>Alice Schwarzer<\/strong> eine ganze Generation. Sie behauptet, Basel schaffe die Frauen ab. Grund? Die Revision des kantonalen Gleichstellungsgesetzes in Basel-Stadt schl\u00e4gt eine mehrdimensionale Definition von \u00abGeschlecht\u00bb vor. Die Vielschichtigkeit der Geschlechtsverh\u00e4ltnisse und -identit\u00e4ten wird in der Verflechtung biologischer und sozialer Faktoren darin abgebildet. Ziel? Auch Menschen jenseits der bin\u00e4ren Geschlechter-Matrix sollen bei der kantonalen Gleichstellungsarbeit ber\u00fccksichtigt werden k\u00f6nnen.<\/p>\n\n\n\n<p>Das passt den Altfeministinnen um Alice Schwarzer nicht. Ungefiltert wird in der \u00abEmma\u00bb \u00fcber die Gesetzesrevision hergezogen. Und es wird gar behauptet, die LGBTIQ-Community wu\u0308rde \u00abfu\u0308r Unsicherheit sorgen, weil jungen Menschen geraten wird, u\u0308ber ihre sexuelle Identita\u0308t nachzudenken.\u00bb<\/p>\n\n\n\n<p>Das ist Bl\u00f6dsinn.<br>Im April 2023 publiziert das \u00abDisplay Magazin\u00bb meine Replik:<\/p>\n\n\n\n<figure class=\"wp-block-image size-large is-style-default\"><a href=\"https:\/\/www.johannes-sieber.ch\/move\/wp-content\/uploads\/2023\/03\/04_2023_DM_Politik_Basel-FINAL.pdf\"><img loading=\"lazy\" decoding=\"async\" width=\"700\" height=\"488\" style=\"border: 1px solid #333;\" src=\"https:\/\/www.johannes-sieber.ch\/move\/wp-content\/uploads\/2023\/03\/display-1-700x488.jpg\" alt=\"Schafft Basel die Frauen ab? Bl\u00f6dsinn!\" class=\"wp-image-7241\" srcset=\"https:\/\/www.johannes-sieber.ch\/move\/wp-content\/uploads\/2023\/03\/display-1-700x488.jpg 700w, https:\/\/www.johannes-sieber.ch\/move\/wp-content\/uploads\/2023\/03\/display-1-300x209.jpg 300w, https:\/\/www.johannes-sieber.ch\/move\/wp-content\/uploads\/2023\/03\/display-1-768x536.jpg 768w, https:\/\/www.johannes-sieber.ch\/move\/wp-content\/uploads\/2023\/03\/display-1-1536x1071.jpg 1536w, https:\/\/www.johannes-sieber.ch\/move\/wp-content\/uploads\/2023\/03\/display-1-2048x1428.jpg 2048w\" sizes=\"auto, (max-width: 700px) 100vw, 700px\" \/><\/a><figcaption class=\"wp-element-caption\">Display Magazin, April 2023 | <a href=\"https:\/\/www.johannes-sieber.ch\/move\/wp-content\/uploads\/2023\/03\/04_2023_DM_Politik_Basel-FINAL.pdf\">Hier Lesen<\/a><\/figcaption><\/figure>\n\n\n\n<p><\/p>\n\n\n\n<figure class=\"wp-block-image size-large\"><img loading=\"lazy\" decoding=\"async\" width=\"700\" height=\"475\" style=\"border: 1px solid #333;\" src=\"https:\/\/www.johannes-sieber.ch\/move\/wp-content\/uploads\/2024\/08\/emma-700x475.png\" alt=\"\" class=\"wp-image-8161\" srcset=\"https:\/\/www.johannes-sieber.ch\/move\/wp-content\/uploads\/2024\/08\/emma-700x475.png 700w, https:\/\/www.johannes-sieber.ch\/move\/wp-content\/uploads\/2024\/08\/emma-300x204.png 300w, https:\/\/www.johannes-sieber.ch\/move\/wp-content\/uploads\/2024\/08\/emma-768x521.png 768w, https:\/\/www.johannes-sieber.ch\/move\/wp-content\/uploads\/2024\/08\/emma-1536x1042.png 1536w, https:\/\/www.johannes-sieber.ch\/move\/wp-content\/uploads\/2024\/08\/emma-2048x1389.png 2048w\" sizes=\"auto, (max-width: 700px) 100vw, 700px\" \/><figcaption class=\"wp-element-caption\">Emma M\u00e4rz\/April 2022 | <a href=\"https:\/\/www.johannes-sieber.ch\/move\/wp-content\/uploads\/2024\/08\/emma_2022_02_digitalbeleg_5447_gjb16.pdf\">Hier lesen<\/a><\/figcaption><\/figure>\n\n\n\n<p class=\"fotoquelle\">Foto zur Notiz: Post vom Schweizer Presserat<\/p>\n","protected":false},"excerpt":{"rendered":"<p>Im Gesetzgebungsprozess f\u00fcr die Revision des kantonalen Gleichstellungsgesetzes Basel-Stadt etablierten rechte Parteien und konservative Frauenrechtlerinnen das Narrativ, mit dem Gesetz w\u00fcrden \u00abFrauen\u00bb und \u00abM\u00e4nner\u00bb abgeschafft. Angefeuert von Alice Schwarzers &#8218;Emma&#8216; und anderen liess sich auch&#8230;<\/p>\n","protected":false},"author":1,"featured_media":7975,"comment_status":"closed","ping_status":"open","sticky":false,"template":"","format":"standard","meta":{"_jetpack_memberships_contains_paid_content":false,"footnotes":""},"categories":[38],"tags":[66],"class_list":["post-7252","post","type-post","status-publish","format-standard","has-post-thumbnail","hentry","category-gleichstellung","tag-position"],"yoast_head":"<!-- This site is optimized with the Yoast SEO plugin v27.5 - https:\/\/yoast.com\/product\/yoast-seo-wordpress\/ -->\n<title>Basel schafft die Frauen ab? Presserat sagt nein. - Johannes Sieber<\/title>\n<meta name=\"robots\" content=\"index, follow, max-snippet:-1, max-image-preview:large, max-video-preview:-1\" \/>\n<link rel=\"canonical\" href=\"https:\/\/www.johannes-sieber.ch\/move\/basel-schafft-die-frauen-nicht-ab\/\" \/>\n<meta property=\"og:locale\" content=\"de_DE\" \/>\n<meta property=\"og:type\" content=\"article\" \/>\n<meta property=\"og:title\" content=\"Basel schafft die Frauen ab? Presserat sagt nein. - Johannes Sieber\" \/>\n<meta property=\"og:description\" content=\"Im Gesetzgebungsprozess f\u00fcr die Revision des kantonalen Gleichstellungsgesetzes Basel-Stadt etablierten rechte Parteien und konservative Frauenrechtlerinnen das Narrativ, mit dem Gesetz w\u00fcrden \u00abFrauen\u00bb und \u00abM\u00e4nner\u00bb abgeschafft. Angefeuert von Alice Schwarzers &#8218;Emma&#8216; und anderen liess sich auch...\" \/>\n<meta property=\"og:url\" content=\"https:\/\/www.johannes-sieber.ch\/move\/basel-schafft-die-frauen-nicht-ab\/\" \/>\n<meta property=\"og:site_name\" content=\"Johannes Sieber\" \/>\n<meta property=\"article:published_time\" content=\"2024-06-10T09:37:16+00:00\" \/>\n<meta property=\"article:modified_time\" content=\"2024-08-28T17:43:32+00:00\" \/>\n<meta property=\"og:image\" content=\"https:\/\/www.johannes-sieber.ch\/move\/wp-content\/uploads\/2023\/03\/Screenshot-2024-06-10-at-11.35.43-700x383.png\" \/>\n\t<meta property=\"og:image:width\" content=\"700\" \/>\n\t<meta property=\"og:image:height\" content=\"383\" \/>\n\t<meta property=\"og:image:type\" content=\"image\/png\" \/>\n<meta name=\"author\" content=\"Johannes Sieber\" \/>\n<meta name=\"twitter:card\" content=\"summary_large_image\" \/>\n<meta name=\"twitter:creator\" content=\"@https:\/\/twitter.com\/JohannesSieber\" \/>\n<meta name=\"twitter:site\" content=\"@JohannesSieber\" \/>\n<meta name=\"twitter:label1\" content=\"Verfasst von\" \/>\n\t<meta name=\"twitter:data1\" content=\"Johannes Sieber\" \/>\n\t<meta name=\"twitter:label2\" content=\"Gesch\u00e4tzte Lesezeit\" \/>\n\t<meta name=\"twitter:data2\" content=\"3\u00a0Minuten\" \/>\n<script type=\"application\/ld+json\" class=\"yoast-schema-graph\">{\"@context\":\"https:\\\/\\\/schema.org\",\"@graph\":[{\"@type\":\"Article\",\"@id\":\"https:\\\/\\\/www.johannes-sieber.ch\\\/move\\\/basel-schafft-die-frauen-nicht-ab\\\/#article\",\"isPartOf\":{\"@id\":\"https:\\\/\\\/www.johannes-sieber.ch\\\/move\\\/basel-schafft-die-frauen-nicht-ab\\\/\"},\"author\":{\"name\":\"Johannes Sieber\",\"@id\":\"https:\\\/\\\/www.johannes-sieber.ch\\\/move\\\/#\\\/schema\\\/person\\\/d92682c5f067a49d1c1f925bd5422e14\"},\"headline\":\"Basel schafft die Frauen ab? Presserat sagt nein.\",\"datePublished\":\"2024-06-10T09:37:16+00:00\",\"dateModified\":\"2024-08-28T17:43:32+00:00\",\"mainEntityOfPage\":{\"@id\":\"https:\\\/\\\/www.johannes-sieber.ch\\\/move\\\/basel-schafft-die-frauen-nicht-ab\\\/\"},\"wordCount\":268,\"publisher\":{\"@id\":\"https:\\\/\\\/www.johannes-sieber.ch\\\/move\\\/#\\\/schema\\\/person\\\/d92682c5f067a49d1c1f925bd5422e14\"},\"image\":{\"@id\":\"https:\\\/\\\/www.johannes-sieber.ch\\\/move\\\/basel-schafft-die-frauen-nicht-ab\\\/#primaryimage\"},\"thumbnailUrl\":\"https:\\\/\\\/www.johannes-sieber.ch\\\/move\\\/wp-content\\\/uploads\\\/2023\\\/03\\\/Screenshot-2024-06-10-at-11.35.43.png\",\"keywords\":[\"Position\"],\"articleSection\":[\"Gleichstellung\"],\"inLanguage\":\"de\"},{\"@type\":\"WebPage\",\"@id\":\"https:\\\/\\\/www.johannes-sieber.ch\\\/move\\\/basel-schafft-die-frauen-nicht-ab\\\/\",\"url\":\"https:\\\/\\\/www.johannes-sieber.ch\\\/move\\\/basel-schafft-die-frauen-nicht-ab\\\/\",\"name\":\"Basel schafft die Frauen ab? Presserat sagt nein. - Johannes Sieber\",\"isPartOf\":{\"@id\":\"https:\\\/\\\/www.johannes-sieber.ch\\\/move\\\/#website\"},\"primaryImageOfPage\":{\"@id\":\"https:\\\/\\\/www.johannes-sieber.ch\\\/move\\\/basel-schafft-die-frauen-nicht-ab\\\/#primaryimage\"},\"image\":{\"@id\":\"https:\\\/\\\/www.johannes-sieber.ch\\\/move\\\/basel-schafft-die-frauen-nicht-ab\\\/#primaryimage\"},\"thumbnailUrl\":\"https:\\\/\\\/www.johannes-sieber.ch\\\/move\\\/wp-content\\\/uploads\\\/2023\\\/03\\\/Screenshot-2024-06-10-at-11.35.43.png\",\"datePublished\":\"2024-06-10T09:37:16+00:00\",\"dateModified\":\"2024-08-28T17:43:32+00:00\",\"breadcrumb\":{\"@id\":\"https:\\\/\\\/www.johannes-sieber.ch\\\/move\\\/basel-schafft-die-frauen-nicht-ab\\\/#breadcrumb\"},\"inLanguage\":\"de\",\"potentialAction\":[{\"@type\":\"ReadAction\",\"target\":[\"https:\\\/\\\/www.johannes-sieber.ch\\\/move\\\/basel-schafft-die-frauen-nicht-ab\\\/\"]}]},{\"@type\":\"ImageObject\",\"inLanguage\":\"de\",\"@id\":\"https:\\\/\\\/www.johannes-sieber.ch\\\/move\\\/basel-schafft-die-frauen-nicht-ab\\\/#primaryimage\",\"url\":\"https:\\\/\\\/www.johannes-sieber.ch\\\/move\\\/wp-content\\\/uploads\\\/2023\\\/03\\\/Screenshot-2024-06-10-at-11.35.43.png\",\"contentUrl\":\"https:\\\/\\\/www.johannes-sieber.ch\\\/move\\\/wp-content\\\/uploads\\\/2023\\\/03\\\/Screenshot-2024-06-10-at-11.35.43.png\",\"width\":2462,\"height\":1348,\"caption\":\"Schweizer Presserat, Nr. 12\\\/2024 Wahrheit\"},{\"@type\":\"BreadcrumbList\",\"@id\":\"https:\\\/\\\/www.johannes-sieber.ch\\\/move\\\/basel-schafft-die-frauen-nicht-ab\\\/#breadcrumb\",\"itemListElement\":[{\"@type\":\"ListItem\",\"position\":1,\"name\":\"Startseite\",\"item\":\"https:\\\/\\\/www.johannes-sieber.ch\\\/move\\\/\"},{\"@type\":\"ListItem\",\"position\":2,\"name\":\"Basel schafft die Frauen ab? Presserat sagt nein.\"}]},{\"@type\":\"WebSite\",\"@id\":\"https:\\\/\\\/www.johannes-sieber.ch\\\/move\\\/#website\",\"url\":\"https:\\\/\\\/www.johannes-sieber.ch\\\/move\\\/\",\"name\":\"Johannes Sieber\",\"description\":\"Notizen zu Kultur, Klima, Stadt &amp; Menschen\",\"publisher\":{\"@id\":\"https:\\\/\\\/www.johannes-sieber.ch\\\/move\\\/#\\\/schema\\\/person\\\/d92682c5f067a49d1c1f925bd5422e14\"},\"potentialAction\":[{\"@type\":\"SearchAction\",\"target\":{\"@type\":\"EntryPoint\",\"urlTemplate\":\"https:\\\/\\\/www.johannes-sieber.ch\\\/move\\\/?s={search_term_string}\"},\"query-input\":{\"@type\":\"PropertyValueSpecification\",\"valueRequired\":true,\"valueName\":\"search_term_string\"}}],\"inLanguage\":\"de\"},{\"@type\":[\"Person\",\"Organization\"],\"@id\":\"https:\\\/\\\/www.johannes-sieber.ch\\\/move\\\/#\\\/schema\\\/person\\\/d92682c5f067a49d1c1f925bd5422e14\",\"name\":\"Johannes Sieber\",\"image\":{\"@type\":\"ImageObject\",\"inLanguage\":\"de\",\"@id\":\"https:\\\/\\\/secure.gravatar.com\\\/avatar\\\/31f81941f5205fb74a8b0f15334401b3be15721e177e88208533a81bf8dae247?s=96&d=mm&r=g\",\"url\":\"https:\\\/\\\/secure.gravatar.com\\\/avatar\\\/31f81941f5205fb74a8b0f15334401b3be15721e177e88208533a81bf8dae247?s=96&d=mm&r=g\",\"contentUrl\":\"https:\\\/\\\/secure.gravatar.com\\\/avatar\\\/31f81941f5205fb74a8b0f15334401b3be15721e177e88208533a81bf8dae247?s=96&d=mm&r=g\",\"caption\":\"Johannes Sieber\"},\"logo\":{\"@id\":\"https:\\\/\\\/secure.gravatar.com\\\/avatar\\\/31f81941f5205fb74a8b0f15334401b3be15721e177e88208533a81bf8dae247?s=96&d=mm&r=g\"},\"sameAs\":[\"https:\\\/\\\/www.johannes-sieber.ch\\\/\",\"https:\\\/\\\/www.instagram.com\\\/johannes__sieber\",\"https:\\\/\\\/x.com\\\/https:\\\/\\\/twitter.com\\\/JohannesSieber\"],\"url\":\"https:\\\/\\\/www.johannes-sieber.ch\\\/move\\\/author\\\/admin\\\/\"}]}<\/script>\n<!-- \/ Yoast SEO plugin. -->","yoast_head_json":{"title":"Basel schafft die Frauen ab? Presserat sagt nein. - Johannes Sieber","robots":{"index":"index","follow":"follow","max-snippet":"max-snippet:-1","max-image-preview":"max-image-preview:large","max-video-preview":"max-video-preview:-1"},"canonical":"https:\/\/www.johannes-sieber.ch\/move\/basel-schafft-die-frauen-nicht-ab\/","og_locale":"de_DE","og_type":"article","og_title":"Basel schafft die Frauen ab? Presserat sagt nein. - Johannes Sieber","og_description":"Im Gesetzgebungsprozess f\u00fcr die Revision des kantonalen Gleichstellungsgesetzes Basel-Stadt etablierten rechte Parteien und konservative Frauenrechtlerinnen das Narrativ, mit dem Gesetz w\u00fcrden \u00abFrauen\u00bb und \u00abM\u00e4nner\u00bb abgeschafft. Angefeuert von Alice Schwarzers &#8218;Emma&#8216; und anderen liess sich auch...","og_url":"https:\/\/www.johannes-sieber.ch\/move\/basel-schafft-die-frauen-nicht-ab\/","og_site_name":"Johannes Sieber","article_published_time":"2024-06-10T09:37:16+00:00","article_modified_time":"2024-08-28T17:43:32+00:00","og_image":[{"width":700,"height":383,"url":"https:\/\/www.johannes-sieber.ch\/move\/wp-content\/uploads\/2023\/03\/Screenshot-2024-06-10-at-11.35.43-700x383.png","type":"image\/png"}],"author":"Johannes Sieber","twitter_card":"summary_large_image","twitter_creator":"@https:\/\/twitter.com\/JohannesSieber","twitter_site":"@JohannesSieber","twitter_misc":{"Verfasst von":"Johannes Sieber","Gesch\u00e4tzte Lesezeit":"3\u00a0Minuten"},"schema":{"@context":"https:\/\/schema.org","@graph":[{"@type":"Article","@id":"https:\/\/www.johannes-sieber.ch\/move\/basel-schafft-die-frauen-nicht-ab\/#article","isPartOf":{"@id":"https:\/\/www.johannes-sieber.ch\/move\/basel-schafft-die-frauen-nicht-ab\/"},"author":{"name":"Johannes Sieber","@id":"https:\/\/www.johannes-sieber.ch\/move\/#\/schema\/person\/d92682c5f067a49d1c1f925bd5422e14"},"headline":"Basel schafft die Frauen ab? Presserat sagt nein.","datePublished":"2024-06-10T09:37:16+00:00","dateModified":"2024-08-28T17:43:32+00:00","mainEntityOfPage":{"@id":"https:\/\/www.johannes-sieber.ch\/move\/basel-schafft-die-frauen-nicht-ab\/"},"wordCount":268,"publisher":{"@id":"https:\/\/www.johannes-sieber.ch\/move\/#\/schema\/person\/d92682c5f067a49d1c1f925bd5422e14"},"image":{"@id":"https:\/\/www.johannes-sieber.ch\/move\/basel-schafft-die-frauen-nicht-ab\/#primaryimage"},"thumbnailUrl":"https:\/\/www.johannes-sieber.ch\/move\/wp-content\/uploads\/2023\/03\/Screenshot-2024-06-10-at-11.35.43.png","keywords":["Position"],"articleSection":["Gleichstellung"],"inLanguage":"de"},{"@type":"WebPage","@id":"https:\/\/www.johannes-sieber.ch\/move\/basel-schafft-die-frauen-nicht-ab\/","url":"https:\/\/www.johannes-sieber.ch\/move\/basel-schafft-die-frauen-nicht-ab\/","name":"Basel schafft die Frauen ab? Presserat sagt nein. - Johannes Sieber","isPartOf":{"@id":"https:\/\/www.johannes-sieber.ch\/move\/#website"},"primaryImageOfPage":{"@id":"https:\/\/www.johannes-sieber.ch\/move\/basel-schafft-die-frauen-nicht-ab\/#primaryimage"},"image":{"@id":"https:\/\/www.johannes-sieber.ch\/move\/basel-schafft-die-frauen-nicht-ab\/#primaryimage"},"thumbnailUrl":"https:\/\/www.johannes-sieber.ch\/move\/wp-content\/uploads\/2023\/03\/Screenshot-2024-06-10-at-11.35.43.png","datePublished":"2024-06-10T09:37:16+00:00","dateModified":"2024-08-28T17:43:32+00:00","breadcrumb":{"@id":"https:\/\/www.johannes-sieber.ch\/move\/basel-schafft-die-frauen-nicht-ab\/#breadcrumb"},"inLanguage":"de","potentialAction":[{"@type":"ReadAction","target":["https:\/\/www.johannes-sieber.ch\/move\/basel-schafft-die-frauen-nicht-ab\/"]}]},{"@type":"ImageObject","inLanguage":"de","@id":"https:\/\/www.johannes-sieber.ch\/move\/basel-schafft-die-frauen-nicht-ab\/#primaryimage","url":"https:\/\/www.johannes-sieber.ch\/move\/wp-content\/uploads\/2023\/03\/Screenshot-2024-06-10-at-11.35.43.png","contentUrl":"https:\/\/www.johannes-sieber.ch\/move\/wp-content\/uploads\/2023\/03\/Screenshot-2024-06-10-at-11.35.43.png","width":2462,"height":1348,"caption":"Schweizer Presserat, Nr. 12\/2024 Wahrheit"},{"@type":"BreadcrumbList","@id":"https:\/\/www.johannes-sieber.ch\/move\/basel-schafft-die-frauen-nicht-ab\/#breadcrumb","itemListElement":[{"@type":"ListItem","position":1,"name":"Startseite","item":"https:\/\/www.johannes-sieber.ch\/move\/"},{"@type":"ListItem","position":2,"name":"Basel schafft die Frauen ab? Presserat sagt nein."}]},{"@type":"WebSite","@id":"https:\/\/www.johannes-sieber.ch\/move\/#website","url":"https:\/\/www.johannes-sieber.ch\/move\/","name":"Johannes Sieber","description":"Notizen zu Kultur, Klima, Stadt &amp; Menschen","publisher":{"@id":"https:\/\/www.johannes-sieber.ch\/move\/#\/schema\/person\/d92682c5f067a49d1c1f925bd5422e14"},"potentialAction":[{"@type":"SearchAction","target":{"@type":"EntryPoint","urlTemplate":"https:\/\/www.johannes-sieber.ch\/move\/?s={search_term_string}"},"query-input":{"@type":"PropertyValueSpecification","valueRequired":true,"valueName":"search_term_string"}}],"inLanguage":"de"},{"@type":["Person","Organization"],"@id":"https:\/\/www.johannes-sieber.ch\/move\/#\/schema\/person\/d92682c5f067a49d1c1f925bd5422e14","name":"Johannes Sieber","image":{"@type":"ImageObject","inLanguage":"de","@id":"https:\/\/secure.gravatar.com\/avatar\/31f81941f5205fb74a8b0f15334401b3be15721e177e88208533a81bf8dae247?s=96&d=mm&r=g","url":"https:\/\/secure.gravatar.com\/avatar\/31f81941f5205fb74a8b0f15334401b3be15721e177e88208533a81bf8dae247?s=96&d=mm&r=g","contentUrl":"https:\/\/secure.gravatar.com\/avatar\/31f81941f5205fb74a8b0f15334401b3be15721e177e88208533a81bf8dae247?s=96&d=mm&r=g","caption":"Johannes Sieber"},"logo":{"@id":"https:\/\/secure.gravatar.com\/avatar\/31f81941f5205fb74a8b0f15334401b3be15721e177e88208533a81bf8dae247?s=96&d=mm&r=g"},"sameAs":["https:\/\/www.johannes-sieber.ch\/","https:\/\/www.instagram.com\/johannes__sieber","https:\/\/x.com\/https:\/\/twitter.com\/JohannesSieber"],"url":"https:\/\/www.johannes-sieber.ch\/move\/author\/admin\/"}]}},"jetpack_featured_media_url":"https:\/\/www.johannes-sieber.ch\/move\/wp-content\/uploads\/2023\/03\/Screenshot-2024-06-10-at-11.35.43.png","jetpack_sharing_enabled":true,"_links":{"self":[{"href":"https:\/\/www.johannes-sieber.ch\/move\/wp-json\/wp\/v2\/posts\/7252","targetHints":{"allow":["GET"]}}],"collection":[{"href":"https:\/\/www.johannes-sieber.ch\/move\/wp-json\/wp\/v2\/posts"}],"about":[{"href":"https:\/\/www.johannes-sieber.ch\/move\/wp-json\/wp\/v2\/types\/post"}],"author":[{"embeddable":true,"href":"https:\/\/www.johannes-sieber.ch\/move\/wp-json\/wp\/v2\/users\/1"}],"replies":[{"embeddable":true,"href":"https:\/\/www.johannes-sieber.ch\/move\/wp-json\/wp\/v2\/comments?post=7252"}],"version-history":[{"count":18,"href":"https:\/\/www.johannes-sieber.ch\/move\/wp-json\/wp\/v2\/posts\/7252\/revisions"}],"predecessor-version":[{"id":8168,"href":"https:\/\/www.johannes-sieber.ch\/move\/wp-json\/wp\/v2\/posts\/7252\/revisions\/8168"}],"wp:featuredmedia":[{"embeddable":true,"href":"https:\/\/www.johannes-sieber.ch\/move\/wp-json\/wp\/v2\/media\/7975"}],"wp:attachment":[{"href":"https:\/\/www.johannes-sieber.ch\/move\/wp-json\/wp\/v2\/media?parent=7252"}],"wp:term":[{"taxonomy":"category","embeddable":true,"href":"https:\/\/www.johannes-sieber.ch\/move\/wp-json\/wp\/v2\/categories?post=7252"},{"taxonomy":"post_tag","embeddable":true,"href":"https:\/\/www.johannes-sieber.ch\/move\/wp-json\/wp\/v2\/tags?post=7252"}],"curies":[{"name":"wp","href":"https:\/\/api.w.org\/{rel}","templated":true}]}}