{"id":7901,"date":"2024-10-01T06:26:39","date_gmt":"2024-10-01T05:26:39","guid":{"rendered":"https:\/\/www.johannes-sieber.ch\/move\/?p=7901"},"modified":"2024-10-04T06:52:39","modified_gmt":"2024-10-04T05:52:39","slug":"welche-mieten-traegt-das-kulturbudget","status":"publish","type":"post","link":"https:\/\/www.johannes-sieber.ch\/move\/welche-mieten-traegt-das-kulturbudget\/","title":{"rendered":"Schreibt der Kanton mit unserer Kultur Gewinn?"},"content":{"rendered":"\n<p><strong>Grosser Rat, schriftliche Anfrage: Bis zu 32% der staatlichen Mittel unserer Kulturinstitutionen fliessen zur\u00fcck zum Kanton: An die Immobilien Basel-Stadt. Gem\u00e4ss der <a href=\"https:\/\/grosserrat.bs.ch\/ratsbetrieb\/geschaefte\/200113170\">Antwort der Regierung<\/a> auf meine schriftliche Anfrage vom Mai sind das alleine bei den Museen 16 Millionen pro Jahr. Das ist viel, sehr viel. In einer neuen Anfrage m\u00f6chte ich von der Regierung wissen, auf welcher Grundlage dieser Mietzins berechnet wird \u2013 und ob die IBS mit den Mieten Gewinn erwirtschaftet.<\/strong><\/p>\n\n\n\n<p class=\"hinweisbox\">Online: Grosser Rat, Gesch\u00e4ftsverzeichnis, Nr. 24.5446<br>Schriftliche Anfrage Johannes Sieber betreffend die Berechnungsgrundlage f\u00fcr die von Kulturinstitutionen genutzten R\u00e4umlichkeiten der Immobilien Basel-Stadt<br><a href=\"https:\/\/grosserrat.bs.ch\/ratsbetrieb\/geschaefte\/200113478\" target=\"_blank\" rel=\"noreferrer noopener\">Grosser Rat, Gesch\u00e4ftsverzeichnis<\/a><\/p>\n\n\n\n<p><em>Notiz vom 23. Mai 2024: <\/em>Grosser Rat, schriftliche Anfage: Vor dem Erlass des Staatsbeitragsgesetzes im Jahr 2013, das das Subventionsgesetz von 1984 ersetzte, wurden den Kulturinstitutionen Nutzungsrechte in Form von verg\u00fcnstigten oder erlassenen Mieten f\u00fcr R\u00e4umlichkeiten gew\u00e4hrt. Ein Beispiel daf\u00fcr ist die Kulturwerkstatt Kaserne, die zwar finanzielle Unterst\u00fctzung vom Kanton erhielt, jedoch keine Miete f\u00fcr die Nutzung der R\u00e4umlichkeiten zahlen musste.<\/p>\n\n\n\n<p>Mit dem Staatsbeitragsgesetz wurde diese Praxis beendet. Die darauf basierenden Staatsbeitr\u00e4ge wurden in der Regel um den Mietzins erh\u00f6ht, und die Institutionen zahlen seither einen regul\u00e4ren Mietzins an den Kanton zur\u00fcck. So erfolgt beispielsweise bei der Kulturwerkstatt Kaserne ein Transfer vom kantonalen Kulturbudget (Pr\u00e4sidialdepartement) zum Immobilien Basel-Stadt (Finanzdepartement).<\/p>\n\n\n\n<p>Zehn Jahre nach Verabschiedung des Staatsbeitragsgesetzes w\u00fcnscht der Unterzeichner eine \u00dcbersicht \u00fcber die Mietzinszahlungen, die das kantonale Kulturbudget direkt oder indirekt belasten. Es soll deutlich werden, welche dieser Zahlungen an Immobilien Basel-Stadt (BS) fliessen. Zus\u00e4tzlich zu den Institutionen mit Staatsbeitr\u00e4gen sollen auch die sieben Dienststellen (Museen, Arch\u00e4ologische Bodenforschung und Staatsarchiv) in die \u00dcbersicht einbezogen werden.<\/p>\n\n\n\n<p>Zudem stelle ich dem Regierungsra folgende Fragen:<\/p>\n\n\n\n<ul class=\"wp-block-list\">\n<li>Hat die Summe der vom Kulturbudget getragenen Mieten in den letzten 10 Jahren zugenommen? Falls ja, in welchem Ausmass?<\/li>\n\n\n\n<li>Ist der Anstieg der Mietkosten auf Erh\u00f6hungen der Mietpreise durch IBS zur\u00fcckzuf\u00fchren oder auf genutzte Mehrfl\u00e4chen?<\/li>\n\n\n\n<li>Betrachtet der Regierungsrat die Miete von Kulturbudget getragenen Mieten als einen Kostentreiber f\u00fcr das kantonale Kulturbudget?<\/li>\n\n\n\n<li>W\u00e4re es zwecks Transparenz bez\u00fcglich des f\u00fcr Programme und L\u00f6hne verf\u00fcgbaren kantonalen Kulturbudgets nicht sinnvoll, entsprechende Kennzahlen jeweils im Jahresbericht der Regierung zu ver\u00f6ffentlichen?<\/li>\n<\/ul>\n\n\n\n<p class=\"hinweisbox\">Online: Grosser Rat, Gesch\u00e4ftsverzeichnis, Nr. 24.5193<br>Schriftliche Anfrage Johannes Sieber betreffend die vom Kulturbudget getragenen Mieten der Kulturinstitutionen<br><a href=\"https:\/\/grosserrat.bs.ch\/ratsbetrieb\/geschaefte\/200113170\" target=\"_blank\" rel=\"noreferrer noopener\">Grosser Rat, Gesch\u00e4ftsverzeichnis<\/a><\/p>\n\n\n\n<p class=\"fotoquelle\">Foto zur Notiz: Julian Salinas, Kunstmuseum Basel | Hauptbau, Blick ins Foyer<\/p>\n","protected":false},"excerpt":{"rendered":"<p>Grosser Rat, schriftliche Anfrage: Bis zu 32% der staatlichen Mittel unserer Kulturinstitutionen fliessen zur\u00fcck zum Kanton: An die Immobilien Basel-Stadt. Gem\u00e4ss der Antwort der Regierung auf meine schriftliche Anfrage vom Mai sind das alleine bei&#8230;<\/p>\n","protected":false},"author":1,"featured_media":7902,"comment_status":"closed","ping_status":"open","sticky":false,"template":"","format":"standard","meta":{"_jetpack_memberships_contains_paid_content":false,"footnotes":""},"categories":[123,126],"tags":[15,11],"class_list":["post-7901","post","type-post","status-publish","format-standard","has-post-thumbnail","hentry","category-grosser-rat","category-vorstoss","tag-kultur","tag-politik"],"yoast_head":"<!-- This site is optimized with the Yoast SEO plugin v27.4 - https:\/\/yoast.com\/product\/yoast-seo-wordpress\/ -->\n<title>Schreibt der Kanton mit unserer Kultur Gewinn? - Johannes Sieber<\/title>\n<meta name=\"robots\" content=\"index, follow, max-snippet:-1, max-image-preview:large, max-video-preview:-1\" \/>\n<link rel=\"canonical\" href=\"https:\/\/www.johannes-sieber.ch\/move\/welche-mieten-traegt-das-kulturbudget\/\" \/>\n<meta property=\"og:locale\" content=\"de_DE\" \/>\n<meta property=\"og:type\" content=\"article\" \/>\n<meta property=\"og:title\" content=\"Schreibt der Kanton mit unserer Kultur Gewinn? - Johannes Sieber\" \/>\n<meta property=\"og:description\" content=\"Grosser Rat, schriftliche Anfrage: Bis zu 32% der staatlichen Mittel unserer Kulturinstitutionen fliessen zur\u00fcck zum Kanton: An die Immobilien Basel-Stadt. Gem\u00e4ss der Antwort der Regierung auf meine schriftliche Anfrage vom Mai sind das alleine bei...\" \/>\n<meta property=\"og:url\" content=\"https:\/\/www.johannes-sieber.ch\/move\/welche-mieten-traegt-das-kulturbudget\/\" \/>\n<meta property=\"og:site_name\" content=\"Johannes Sieber\" \/>\n<meta property=\"article:published_time\" content=\"2024-10-01T05:26:39+00:00\" \/>\n<meta property=\"article:modified_time\" content=\"2024-10-04T05:52:39+00:00\" \/>\n<meta property=\"og:image\" content=\"https:\/\/www.johannes-sieber.ch\/move\/wp-content\/uploads\/2024\/05\/Hauptbau_06_2015_Salinas-scaled.jpg\" \/>\n\t<meta property=\"og:image:width\" content=\"2560\" \/>\n\t<meta property=\"og:image:height\" content=\"1707\" \/>\n\t<meta property=\"og:image:type\" content=\"image\/jpeg\" \/>\n<meta name=\"author\" content=\"Johannes Sieber\" \/>\n<meta name=\"twitter:card\" content=\"summary_large_image\" \/>\n<meta name=\"twitter:creator\" content=\"@https:\/\/twitter.com\/JohannesSieber\" \/>\n<meta name=\"twitter:site\" content=\"@JohannesSieber\" \/>\n<meta name=\"twitter:label1\" content=\"Verfasst von\" \/>\n\t<meta name=\"twitter:data1\" content=\"Johannes Sieber\" \/>\n\t<meta name=\"twitter:label2\" content=\"Gesch\u00e4tzte Lesezeit\" \/>\n\t<meta name=\"twitter:data2\" content=\"3\u00a0Minuten\" \/>\n<script type=\"application\/ld+json\" class=\"yoast-schema-graph\">{\"@context\":\"https:\\\/\\\/schema.org\",\"@graph\":[{\"@type\":\"Article\",\"@id\":\"https:\\\/\\\/www.johannes-sieber.ch\\\/move\\\/welche-mieten-traegt-das-kulturbudget\\\/#article\",\"isPartOf\":{\"@id\":\"https:\\\/\\\/www.johannes-sieber.ch\\\/move\\\/welche-mieten-traegt-das-kulturbudget\\\/\"},\"author\":{\"name\":\"Johannes Sieber\",\"@id\":\"https:\\\/\\\/www.johannes-sieber.ch\\\/move\\\/#\\\/schema\\\/person\\\/d92682c5f067a49d1c1f925bd5422e14\"},\"headline\":\"Schreibt der Kanton mit unserer Kultur Gewinn?\",\"datePublished\":\"2024-10-01T05:26:39+00:00\",\"dateModified\":\"2024-10-04T05:52:39+00:00\",\"mainEntityOfPage\":{\"@id\":\"https:\\\/\\\/www.johannes-sieber.ch\\\/move\\\/welche-mieten-traegt-das-kulturbudget\\\/\"},\"wordCount\":410,\"publisher\":{\"@id\":\"https:\\\/\\\/www.johannes-sieber.ch\\\/move\\\/#\\\/schema\\\/person\\\/d92682c5f067a49d1c1f925bd5422e14\"},\"image\":{\"@id\":\"https:\\\/\\\/www.johannes-sieber.ch\\\/move\\\/welche-mieten-traegt-das-kulturbudget\\\/#primaryimage\"},\"thumbnailUrl\":\"https:\\\/\\\/www.johannes-sieber.ch\\\/move\\\/wp-content\\\/uploads\\\/2024\\\/05\\\/Hauptbau_06_2015_Salinas-scaled.jpg\",\"keywords\":[\"Kultur\",\"Politik\"],\"articleSection\":[\"Grosser Rat\",\"Vorstoss\"],\"inLanguage\":\"de\"},{\"@type\":\"WebPage\",\"@id\":\"https:\\\/\\\/www.johannes-sieber.ch\\\/move\\\/welche-mieten-traegt-das-kulturbudget\\\/\",\"url\":\"https:\\\/\\\/www.johannes-sieber.ch\\\/move\\\/welche-mieten-traegt-das-kulturbudget\\\/\",\"name\":\"Schreibt der Kanton mit unserer Kultur Gewinn? - Johannes Sieber\",\"isPartOf\":{\"@id\":\"https:\\\/\\\/www.johannes-sieber.ch\\\/move\\\/#website\"},\"primaryImageOfPage\":{\"@id\":\"https:\\\/\\\/www.johannes-sieber.ch\\\/move\\\/welche-mieten-traegt-das-kulturbudget\\\/#primaryimage\"},\"image\":{\"@id\":\"https:\\\/\\\/www.johannes-sieber.ch\\\/move\\\/welche-mieten-traegt-das-kulturbudget\\\/#primaryimage\"},\"thumbnailUrl\":\"https:\\\/\\\/www.johannes-sieber.ch\\\/move\\\/wp-content\\\/uploads\\\/2024\\\/05\\\/Hauptbau_06_2015_Salinas-scaled.jpg\",\"datePublished\":\"2024-10-01T05:26:39+00:00\",\"dateModified\":\"2024-10-04T05:52:39+00:00\",\"breadcrumb\":{\"@id\":\"https:\\\/\\\/www.johannes-sieber.ch\\\/move\\\/welche-mieten-traegt-das-kulturbudget\\\/#breadcrumb\"},\"inLanguage\":\"de\",\"potentialAction\":[{\"@type\":\"ReadAction\",\"target\":[\"https:\\\/\\\/www.johannes-sieber.ch\\\/move\\\/welche-mieten-traegt-das-kulturbudget\\\/\"]}]},{\"@type\":\"ImageObject\",\"inLanguage\":\"de\",\"@id\":\"https:\\\/\\\/www.johannes-sieber.ch\\\/move\\\/welche-mieten-traegt-das-kulturbudget\\\/#primaryimage\",\"url\":\"https:\\\/\\\/www.johannes-sieber.ch\\\/move\\\/wp-content\\\/uploads\\\/2024\\\/05\\\/Hauptbau_06_2015_Salinas-scaled.jpg\",\"contentUrl\":\"https:\\\/\\\/www.johannes-sieber.ch\\\/move\\\/wp-content\\\/uploads\\\/2024\\\/05\\\/Hauptbau_06_2015_Salinas-scaled.jpg\",\"width\":2560,\"height\":1707,\"caption\":\"Kunstmuseum Basel | Hauptbau, Blick ins Foyer | Photo Credit: Julian Salinas\"},{\"@type\":\"BreadcrumbList\",\"@id\":\"https:\\\/\\\/www.johannes-sieber.ch\\\/move\\\/welche-mieten-traegt-das-kulturbudget\\\/#breadcrumb\",\"itemListElement\":[{\"@type\":\"ListItem\",\"position\":1,\"name\":\"Startseite\",\"item\":\"https:\\\/\\\/www.johannes-sieber.ch\\\/move\\\/\"},{\"@type\":\"ListItem\",\"position\":2,\"name\":\"Schreibt der Kanton mit unserer Kultur Gewinn?\"}]},{\"@type\":\"WebSite\",\"@id\":\"https:\\\/\\\/www.johannes-sieber.ch\\\/move\\\/#website\",\"url\":\"https:\\\/\\\/www.johannes-sieber.ch\\\/move\\\/\",\"name\":\"Johannes Sieber\",\"description\":\"Notizen zu Kultur, Klima, Stadt &amp; Menschen\",\"publisher\":{\"@id\":\"https:\\\/\\\/www.johannes-sieber.ch\\\/move\\\/#\\\/schema\\\/person\\\/d92682c5f067a49d1c1f925bd5422e14\"},\"potentialAction\":[{\"@type\":\"SearchAction\",\"target\":{\"@type\":\"EntryPoint\",\"urlTemplate\":\"https:\\\/\\\/www.johannes-sieber.ch\\\/move\\\/?s={search_term_string}\"},\"query-input\":{\"@type\":\"PropertyValueSpecification\",\"valueRequired\":true,\"valueName\":\"search_term_string\"}}],\"inLanguage\":\"de\"},{\"@type\":[\"Person\",\"Organization\"],\"@id\":\"https:\\\/\\\/www.johannes-sieber.ch\\\/move\\\/#\\\/schema\\\/person\\\/d92682c5f067a49d1c1f925bd5422e14\",\"name\":\"Johannes Sieber\",\"image\":{\"@type\":\"ImageObject\",\"inLanguage\":\"de\",\"@id\":\"https:\\\/\\\/secure.gravatar.com\\\/avatar\\\/31f81941f5205fb74a8b0f15334401b3be15721e177e88208533a81bf8dae247?s=96&d=mm&r=g\",\"url\":\"https:\\\/\\\/secure.gravatar.com\\\/avatar\\\/31f81941f5205fb74a8b0f15334401b3be15721e177e88208533a81bf8dae247?s=96&d=mm&r=g\",\"contentUrl\":\"https:\\\/\\\/secure.gravatar.com\\\/avatar\\\/31f81941f5205fb74a8b0f15334401b3be15721e177e88208533a81bf8dae247?s=96&d=mm&r=g\",\"caption\":\"Johannes Sieber\"},\"logo\":{\"@id\":\"https:\\\/\\\/secure.gravatar.com\\\/avatar\\\/31f81941f5205fb74a8b0f15334401b3be15721e177e88208533a81bf8dae247?s=96&d=mm&r=g\"},\"sameAs\":[\"https:\\\/\\\/www.johannes-sieber.ch\\\/\",\"https:\\\/\\\/www.instagram.com\\\/johannes__sieber\",\"https:\\\/\\\/x.com\\\/https:\\\/\\\/twitter.com\\\/JohannesSieber\"],\"url\":\"https:\\\/\\\/www.johannes-sieber.ch\\\/move\\\/author\\\/admin\\\/\"}]}<\/script>\n<!-- \/ Yoast SEO plugin. -->","yoast_head_json":{"title":"Schreibt der Kanton mit unserer Kultur Gewinn? - Johannes Sieber","robots":{"index":"index","follow":"follow","max-snippet":"max-snippet:-1","max-image-preview":"max-image-preview:large","max-video-preview":"max-video-preview:-1"},"canonical":"https:\/\/www.johannes-sieber.ch\/move\/welche-mieten-traegt-das-kulturbudget\/","og_locale":"de_DE","og_type":"article","og_title":"Schreibt der Kanton mit unserer Kultur Gewinn? - Johannes Sieber","og_description":"Grosser Rat, schriftliche Anfrage: Bis zu 32% der staatlichen Mittel unserer Kulturinstitutionen fliessen zur\u00fcck zum Kanton: An die Immobilien Basel-Stadt. Gem\u00e4ss der Antwort der Regierung auf meine schriftliche Anfrage vom Mai sind das alleine bei...","og_url":"https:\/\/www.johannes-sieber.ch\/move\/welche-mieten-traegt-das-kulturbudget\/","og_site_name":"Johannes Sieber","article_published_time":"2024-10-01T05:26:39+00:00","article_modified_time":"2024-10-04T05:52:39+00:00","og_image":[{"width":2560,"height":1707,"url":"https:\/\/www.johannes-sieber.ch\/move\/wp-content\/uploads\/2024\/05\/Hauptbau_06_2015_Salinas-scaled.jpg","type":"image\/jpeg"}],"author":"Johannes Sieber","twitter_card":"summary_large_image","twitter_creator":"@https:\/\/twitter.com\/JohannesSieber","twitter_site":"@JohannesSieber","twitter_misc":{"Verfasst von":"Johannes Sieber","Gesch\u00e4tzte Lesezeit":"3\u00a0Minuten"},"schema":{"@context":"https:\/\/schema.org","@graph":[{"@type":"Article","@id":"https:\/\/www.johannes-sieber.ch\/move\/welche-mieten-traegt-das-kulturbudget\/#article","isPartOf":{"@id":"https:\/\/www.johannes-sieber.ch\/move\/welche-mieten-traegt-das-kulturbudget\/"},"author":{"name":"Johannes Sieber","@id":"https:\/\/www.johannes-sieber.ch\/move\/#\/schema\/person\/d92682c5f067a49d1c1f925bd5422e14"},"headline":"Schreibt der Kanton mit unserer Kultur Gewinn?","datePublished":"2024-10-01T05:26:39+00:00","dateModified":"2024-10-04T05:52:39+00:00","mainEntityOfPage":{"@id":"https:\/\/www.johannes-sieber.ch\/move\/welche-mieten-traegt-das-kulturbudget\/"},"wordCount":410,"publisher":{"@id":"https:\/\/www.johannes-sieber.ch\/move\/#\/schema\/person\/d92682c5f067a49d1c1f925bd5422e14"},"image":{"@id":"https:\/\/www.johannes-sieber.ch\/move\/welche-mieten-traegt-das-kulturbudget\/#primaryimage"},"thumbnailUrl":"https:\/\/www.johannes-sieber.ch\/move\/wp-content\/uploads\/2024\/05\/Hauptbau_06_2015_Salinas-scaled.jpg","keywords":["Kultur","Politik"],"articleSection":["Grosser Rat","Vorstoss"],"inLanguage":"de"},{"@type":"WebPage","@id":"https:\/\/www.johannes-sieber.ch\/move\/welche-mieten-traegt-das-kulturbudget\/","url":"https:\/\/www.johannes-sieber.ch\/move\/welche-mieten-traegt-das-kulturbudget\/","name":"Schreibt der Kanton mit unserer Kultur Gewinn? - Johannes Sieber","isPartOf":{"@id":"https:\/\/www.johannes-sieber.ch\/move\/#website"},"primaryImageOfPage":{"@id":"https:\/\/www.johannes-sieber.ch\/move\/welche-mieten-traegt-das-kulturbudget\/#primaryimage"},"image":{"@id":"https:\/\/www.johannes-sieber.ch\/move\/welche-mieten-traegt-das-kulturbudget\/#primaryimage"},"thumbnailUrl":"https:\/\/www.johannes-sieber.ch\/move\/wp-content\/uploads\/2024\/05\/Hauptbau_06_2015_Salinas-scaled.jpg","datePublished":"2024-10-01T05:26:39+00:00","dateModified":"2024-10-04T05:52:39+00:00","breadcrumb":{"@id":"https:\/\/www.johannes-sieber.ch\/move\/welche-mieten-traegt-das-kulturbudget\/#breadcrumb"},"inLanguage":"de","potentialAction":[{"@type":"ReadAction","target":["https:\/\/www.johannes-sieber.ch\/move\/welche-mieten-traegt-das-kulturbudget\/"]}]},{"@type":"ImageObject","inLanguage":"de","@id":"https:\/\/www.johannes-sieber.ch\/move\/welche-mieten-traegt-das-kulturbudget\/#primaryimage","url":"https:\/\/www.johannes-sieber.ch\/move\/wp-content\/uploads\/2024\/05\/Hauptbau_06_2015_Salinas-scaled.jpg","contentUrl":"https:\/\/www.johannes-sieber.ch\/move\/wp-content\/uploads\/2024\/05\/Hauptbau_06_2015_Salinas-scaled.jpg","width":2560,"height":1707,"caption":"Kunstmuseum Basel | Hauptbau, Blick ins Foyer | Photo Credit: Julian Salinas"},{"@type":"BreadcrumbList","@id":"https:\/\/www.johannes-sieber.ch\/move\/welche-mieten-traegt-das-kulturbudget\/#breadcrumb","itemListElement":[{"@type":"ListItem","position":1,"name":"Startseite","item":"https:\/\/www.johannes-sieber.ch\/move\/"},{"@type":"ListItem","position":2,"name":"Schreibt der Kanton mit unserer Kultur Gewinn?"}]},{"@type":"WebSite","@id":"https:\/\/www.johannes-sieber.ch\/move\/#website","url":"https:\/\/www.johannes-sieber.ch\/move\/","name":"Johannes Sieber","description":"Notizen zu Kultur, Klima, Stadt &amp; Menschen","publisher":{"@id":"https:\/\/www.johannes-sieber.ch\/move\/#\/schema\/person\/d92682c5f067a49d1c1f925bd5422e14"},"potentialAction":[{"@type":"SearchAction","target":{"@type":"EntryPoint","urlTemplate":"https:\/\/www.johannes-sieber.ch\/move\/?s={search_term_string}"},"query-input":{"@type":"PropertyValueSpecification","valueRequired":true,"valueName":"search_term_string"}}],"inLanguage":"de"},{"@type":["Person","Organization"],"@id":"https:\/\/www.johannes-sieber.ch\/move\/#\/schema\/person\/d92682c5f067a49d1c1f925bd5422e14","name":"Johannes Sieber","image":{"@type":"ImageObject","inLanguage":"de","@id":"https:\/\/secure.gravatar.com\/avatar\/31f81941f5205fb74a8b0f15334401b3be15721e177e88208533a81bf8dae247?s=96&d=mm&r=g","url":"https:\/\/secure.gravatar.com\/avatar\/31f81941f5205fb74a8b0f15334401b3be15721e177e88208533a81bf8dae247?s=96&d=mm&r=g","contentUrl":"https:\/\/secure.gravatar.com\/avatar\/31f81941f5205fb74a8b0f15334401b3be15721e177e88208533a81bf8dae247?s=96&d=mm&r=g","caption":"Johannes Sieber"},"logo":{"@id":"https:\/\/secure.gravatar.com\/avatar\/31f81941f5205fb74a8b0f15334401b3be15721e177e88208533a81bf8dae247?s=96&d=mm&r=g"},"sameAs":["https:\/\/www.johannes-sieber.ch\/","https:\/\/www.instagram.com\/johannes__sieber","https:\/\/x.com\/https:\/\/twitter.com\/JohannesSieber"],"url":"https:\/\/www.johannes-sieber.ch\/move\/author\/admin\/"}]}},"jetpack_featured_media_url":"https:\/\/www.johannes-sieber.ch\/move\/wp-content\/uploads\/2024\/05\/Hauptbau_06_2015_Salinas-scaled.jpg","jetpack_sharing_enabled":true,"_links":{"self":[{"href":"https:\/\/www.johannes-sieber.ch\/move\/wp-json\/wp\/v2\/posts\/7901","targetHints":{"allow":["GET"]}}],"collection":[{"href":"https:\/\/www.johannes-sieber.ch\/move\/wp-json\/wp\/v2\/posts"}],"about":[{"href":"https:\/\/www.johannes-sieber.ch\/move\/wp-json\/wp\/v2\/types\/post"}],"author":[{"embeddable":true,"href":"https:\/\/www.johannes-sieber.ch\/move\/wp-json\/wp\/v2\/users\/1"}],"replies":[{"embeddable":true,"href":"https:\/\/www.johannes-sieber.ch\/move\/wp-json\/wp\/v2\/comments?post=7901"}],"version-history":[{"count":8,"href":"https:\/\/www.johannes-sieber.ch\/move\/wp-json\/wp\/v2\/posts\/7901\/revisions"}],"predecessor-version":[{"id":8594,"href":"https:\/\/www.johannes-sieber.ch\/move\/wp-json\/wp\/v2\/posts\/7901\/revisions\/8594"}],"wp:featuredmedia":[{"embeddable":true,"href":"https:\/\/www.johannes-sieber.ch\/move\/wp-json\/wp\/v2\/media\/7902"}],"wp:attachment":[{"href":"https:\/\/www.johannes-sieber.ch\/move\/wp-json\/wp\/v2\/media?parent=7901"}],"wp:term":[{"taxonomy":"category","embeddable":true,"href":"https:\/\/www.johannes-sieber.ch\/move\/wp-json\/wp\/v2\/categories?post=7901"},{"taxonomy":"post_tag","embeddable":true,"href":"https:\/\/www.johannes-sieber.ch\/move\/wp-json\/wp\/v2\/tags?post=7901"}],"curies":[{"name":"wp","href":"https:\/\/api.w.org\/{rel}","templated":true}]}}