{"id":8031,"date":"2024-06-27T06:46:28","date_gmt":"2024-06-27T05:46:28","guid":{"rendered":"https:\/\/www.johannes-sieber.ch\/move\/?p=8031"},"modified":"2024-10-24T07:39:33","modified_gmt":"2024-10-24T06:39:33","slug":"kultur-klima-stadt-menschen","status":"publish","type":"post","link":"https:\/\/www.johannes-sieber.ch\/move\/kultur-klima-stadt-menschen\/","title":{"rendered":"Wahlen 2024: Kultur, Klima, Stadt &amp; Menschen"},"content":{"rendered":"\n<p><strong>Am 20. Oktober 2024 kandidiere ich erneut f\u00fcr den Grossen Rat. Im Wahlkreis Kleinbasel kannst Du mich 3 x auf die Liste deiner Wahl setzen. Vielen Dank!<\/strong><\/p>\n\n\n\n<p><strong>Gerne begleite ich meine politischen Inputs und Vorst\u00f6sse der letzten vier Jahre weiter und setze mein Engagement f\u00fcr einen urbanen und lebendigen Kanton Basel-Stadt im Zentrum der Metropolregion Nordwestschweiz am Dreil\u00e4ndereck fort. Ich freue mich auf deine Unterst\u00fctzung<\/strong>.<\/p>\n\n\n\n<p>Mehr zu den Erneuerungswahlen 2024 und meinem Engagement gibt&#8217;s hier:<\/p>\n\n\n\n<p class=\"hinweisbox\">Online: Johannes Sieber, Erneuerungswahlen, 20. Oktober 2024<br>3x auf die Liste 10\/GLP oder die Liste deiner Wahl im Kleinbasel: Johannes Sieber<br><a href=\"http:\/\/www.johannes-sieber.ch\/move\/themen\" target=\"_blank\" rel=\"noreferrer noopener\">Johannes Sieber, Erneuerungswahlen 2024<\/a><\/p>\n\n\n\n<p class=\"fotoquelle\">Foto zur Notiz: Xenia \/ Kulturstadt Jetzt<\/p>\n\n\n\n<p><\/p>\n","protected":false},"excerpt":{"rendered":"<p>Am 20. Oktober 2024 kandidiere ich erneut f\u00fcr den Grossen Rat. Im Wahlkreis Kleinbasel kannst Du mich 3 x auf die Liste deiner Wahl setzen. Vielen Dank! Gerne begleite ich meine politischen Inputs und Vorst\u00f6sse&#8230;<\/p>\n","protected":false},"author":1,"featured_media":7999,"comment_status":"closed","ping_status":"open","sticky":false,"template":"","format":"standard","meta":{"_jetpack_memberships_contains_paid_content":false,"footnotes":""},"categories":[123,179],"tags":[66,68],"class_list":["post-8031","post","type-post","status-publish","format-standard","has-post-thumbnail","hentry","category-grosser-rat","category-wahlen","tag-position","tag-wahlen"],"yoast_head":"<!-- This site is optimized with the Yoast SEO plugin v27.5 - https:\/\/yoast.com\/product\/yoast-seo-wordpress\/ -->\n<title>Wahlen 2024: Kultur, Klima, Stadt &amp; Menschen - Johannes Sieber<\/title>\n<meta name=\"robots\" content=\"index, follow, max-snippet:-1, max-image-preview:large, max-video-preview:-1\" \/>\n<link rel=\"canonical\" href=\"https:\/\/www.johannes-sieber.ch\/move\/kultur-klima-stadt-menschen\/\" \/>\n<meta property=\"og:locale\" content=\"de_DE\" \/>\n<meta property=\"og:type\" content=\"article\" \/>\n<meta property=\"og:title\" content=\"Wahlen 2024: Kultur, Klima, Stadt &amp; Menschen - Johannes Sieber\" \/>\n<meta property=\"og:description\" content=\"Am 20. Oktober 2024 kandidiere ich erneut f\u00fcr den Grossen Rat. Im Wahlkreis Kleinbasel kannst Du mich 3 x auf die Liste deiner Wahl setzen. Vielen Dank! Gerne begleite ich meine politischen Inputs und Vorst\u00f6sse...\" \/>\n<meta property=\"og:url\" content=\"https:\/\/www.johannes-sieber.ch\/move\/kultur-klima-stadt-menschen\/\" \/>\n<meta property=\"og:site_name\" content=\"Johannes Sieber\" \/>\n<meta property=\"article:published_time\" content=\"2024-06-27T05:46:28+00:00\" \/>\n<meta property=\"article:modified_time\" content=\"2024-10-24T06:39:33+00:00\" \/>\n<meta property=\"og:image\" content=\"https:\/\/www.johannes-sieber.ch\/move\/wp-content\/uploads\/2024\/06\/JohannesSieber_2024Juni_by_Xenja_2-700x404.png\" \/>\n\t<meta property=\"og:image:width\" content=\"700\" \/>\n\t<meta property=\"og:image:height\" content=\"404\" \/>\n\t<meta property=\"og:image:type\" content=\"image\/png\" \/>\n<meta name=\"author\" content=\"Johannes Sieber\" \/>\n<meta name=\"twitter:card\" content=\"summary_large_image\" \/>\n<meta name=\"twitter:creator\" content=\"@https:\/\/twitter.com\/JohannesSieber\" \/>\n<meta name=\"twitter:site\" content=\"@JohannesSieber\" \/>\n<meta name=\"twitter:label1\" content=\"Verfasst von\" \/>\n\t<meta name=\"twitter:data1\" content=\"Johannes Sieber\" \/>\n\t<meta name=\"twitter:label2\" content=\"Gesch\u00e4tzte Lesezeit\" \/>\n\t<meta name=\"twitter:data2\" content=\"1\u00a0Minute\" \/>\n<script type=\"application\/ld+json\" class=\"yoast-schema-graph\">{\"@context\":\"https:\\\/\\\/schema.org\",\"@graph\":[{\"@type\":\"Article\",\"@id\":\"https:\\\/\\\/www.johannes-sieber.ch\\\/move\\\/kultur-klima-stadt-menschen\\\/#article\",\"isPartOf\":{\"@id\":\"https:\\\/\\\/www.johannes-sieber.ch\\\/move\\\/kultur-klima-stadt-menschen\\\/\"},\"author\":{\"name\":\"Johannes Sieber\",\"@id\":\"https:\\\/\\\/www.johannes-sieber.ch\\\/move\\\/#\\\/schema\\\/person\\\/d92682c5f067a49d1c1f925bd5422e14\"},\"headline\":\"Wahlen 2024: Kultur, Klima, Stadt &amp; Menschen\",\"datePublished\":\"2024-06-27T05:46:28+00:00\",\"dateModified\":\"2024-10-24T06:39:33+00:00\",\"mainEntityOfPage\":{\"@id\":\"https:\\\/\\\/www.johannes-sieber.ch\\\/move\\\/kultur-klima-stadt-menschen\\\/\"},\"wordCount\":111,\"publisher\":{\"@id\":\"https:\\\/\\\/www.johannes-sieber.ch\\\/move\\\/#\\\/schema\\\/person\\\/d92682c5f067a49d1c1f925bd5422e14\"},\"image\":{\"@id\":\"https:\\\/\\\/www.johannes-sieber.ch\\\/move\\\/kultur-klima-stadt-menschen\\\/#primaryimage\"},\"thumbnailUrl\":\"https:\\\/\\\/www.johannes-sieber.ch\\\/move\\\/wp-content\\\/uploads\\\/2024\\\/06\\\/JohannesSieber_2024Juni_by_Xenja_2.png\",\"keywords\":[\"Position\",\"Wahlen\"],\"articleSection\":[\"Grosser Rat\",\"Wahlen\"],\"inLanguage\":\"de\"},{\"@type\":\"WebPage\",\"@id\":\"https:\\\/\\\/www.johannes-sieber.ch\\\/move\\\/kultur-klima-stadt-menschen\\\/\",\"url\":\"https:\\\/\\\/www.johannes-sieber.ch\\\/move\\\/kultur-klima-stadt-menschen\\\/\",\"name\":\"Wahlen 2024: Kultur, Klima, Stadt &amp; Menschen - Johannes Sieber\",\"isPartOf\":{\"@id\":\"https:\\\/\\\/www.johannes-sieber.ch\\\/move\\\/#website\"},\"primaryImageOfPage\":{\"@id\":\"https:\\\/\\\/www.johannes-sieber.ch\\\/move\\\/kultur-klima-stadt-menschen\\\/#primaryimage\"},\"image\":{\"@id\":\"https:\\\/\\\/www.johannes-sieber.ch\\\/move\\\/kultur-klima-stadt-menschen\\\/#primaryimage\"},\"thumbnailUrl\":\"https:\\\/\\\/www.johannes-sieber.ch\\\/move\\\/wp-content\\\/uploads\\\/2024\\\/06\\\/JohannesSieber_2024Juni_by_Xenja_2.png\",\"datePublished\":\"2024-06-27T05:46:28+00:00\",\"dateModified\":\"2024-10-24T06:39:33+00:00\",\"breadcrumb\":{\"@id\":\"https:\\\/\\\/www.johannes-sieber.ch\\\/move\\\/kultur-klima-stadt-menschen\\\/#breadcrumb\"},\"inLanguage\":\"de\",\"potentialAction\":[{\"@type\":\"ReadAction\",\"target\":[\"https:\\\/\\\/www.johannes-sieber.ch\\\/move\\\/kultur-klima-stadt-menschen\\\/\"]}]},{\"@type\":\"ImageObject\",\"inLanguage\":\"de\",\"@id\":\"https:\\\/\\\/www.johannes-sieber.ch\\\/move\\\/kultur-klima-stadt-menschen\\\/#primaryimage\",\"url\":\"https:\\\/\\\/www.johannes-sieber.ch\\\/move\\\/wp-content\\\/uploads\\\/2024\\\/06\\\/JohannesSieber_2024Juni_by_Xenja_2.png\",\"contentUrl\":\"https:\\\/\\\/www.johannes-sieber.ch\\\/move\\\/wp-content\\\/uploads\\\/2024\\\/06\\\/JohannesSieber_2024Juni_by_Xenja_2.png\",\"width\":2378,\"height\":1374,\"caption\":\"Johannes Sieber\"},{\"@type\":\"BreadcrumbList\",\"@id\":\"https:\\\/\\\/www.johannes-sieber.ch\\\/move\\\/kultur-klima-stadt-menschen\\\/#breadcrumb\",\"itemListElement\":[{\"@type\":\"ListItem\",\"position\":1,\"name\":\"Startseite\",\"item\":\"https:\\\/\\\/www.johannes-sieber.ch\\\/move\\\/\"},{\"@type\":\"ListItem\",\"position\":2,\"name\":\"Wahlen 2024: Kultur, Klima, Stadt &amp; Menschen\"}]},{\"@type\":\"WebSite\",\"@id\":\"https:\\\/\\\/www.johannes-sieber.ch\\\/move\\\/#website\",\"url\":\"https:\\\/\\\/www.johannes-sieber.ch\\\/move\\\/\",\"name\":\"Johannes Sieber\",\"description\":\"Notizen zu Kultur, Klima, Stadt &amp; Menschen\",\"publisher\":{\"@id\":\"https:\\\/\\\/www.johannes-sieber.ch\\\/move\\\/#\\\/schema\\\/person\\\/d92682c5f067a49d1c1f925bd5422e14\"},\"potentialAction\":[{\"@type\":\"SearchAction\",\"target\":{\"@type\":\"EntryPoint\",\"urlTemplate\":\"https:\\\/\\\/www.johannes-sieber.ch\\\/move\\\/?s={search_term_string}\"},\"query-input\":{\"@type\":\"PropertyValueSpecification\",\"valueRequired\":true,\"valueName\":\"search_term_string\"}}],\"inLanguage\":\"de\"},{\"@type\":[\"Person\",\"Organization\"],\"@id\":\"https:\\\/\\\/www.johannes-sieber.ch\\\/move\\\/#\\\/schema\\\/person\\\/d92682c5f067a49d1c1f925bd5422e14\",\"name\":\"Johannes Sieber\",\"image\":{\"@type\":\"ImageObject\",\"inLanguage\":\"de\",\"@id\":\"https:\\\/\\\/secure.gravatar.com\\\/avatar\\\/31f81941f5205fb74a8b0f15334401b3be15721e177e88208533a81bf8dae247?s=96&d=mm&r=g\",\"url\":\"https:\\\/\\\/secure.gravatar.com\\\/avatar\\\/31f81941f5205fb74a8b0f15334401b3be15721e177e88208533a81bf8dae247?s=96&d=mm&r=g\",\"contentUrl\":\"https:\\\/\\\/secure.gravatar.com\\\/avatar\\\/31f81941f5205fb74a8b0f15334401b3be15721e177e88208533a81bf8dae247?s=96&d=mm&r=g\",\"caption\":\"Johannes Sieber\"},\"logo\":{\"@id\":\"https:\\\/\\\/secure.gravatar.com\\\/avatar\\\/31f81941f5205fb74a8b0f15334401b3be15721e177e88208533a81bf8dae247?s=96&d=mm&r=g\"},\"sameAs\":[\"https:\\\/\\\/www.johannes-sieber.ch\\\/\",\"https:\\\/\\\/www.instagram.com\\\/johannes__sieber\",\"https:\\\/\\\/x.com\\\/https:\\\/\\\/twitter.com\\\/JohannesSieber\"],\"url\":\"https:\\\/\\\/www.johannes-sieber.ch\\\/move\\\/author\\\/admin\\\/\"}]}<\/script>\n<!-- \/ Yoast SEO plugin. -->","yoast_head_json":{"title":"Wahlen 2024: Kultur, Klima, Stadt &amp; Menschen - Johannes Sieber","robots":{"index":"index","follow":"follow","max-snippet":"max-snippet:-1","max-image-preview":"max-image-preview:large","max-video-preview":"max-video-preview:-1"},"canonical":"https:\/\/www.johannes-sieber.ch\/move\/kultur-klima-stadt-menschen\/","og_locale":"de_DE","og_type":"article","og_title":"Wahlen 2024: Kultur, Klima, Stadt &amp; Menschen - Johannes Sieber","og_description":"Am 20. Oktober 2024 kandidiere ich erneut f\u00fcr den Grossen Rat. Im Wahlkreis Kleinbasel kannst Du mich 3 x auf die Liste deiner Wahl setzen. Vielen Dank! Gerne begleite ich meine politischen Inputs und Vorst\u00f6sse...","og_url":"https:\/\/www.johannes-sieber.ch\/move\/kultur-klima-stadt-menschen\/","og_site_name":"Johannes Sieber","article_published_time":"2024-06-27T05:46:28+00:00","article_modified_time":"2024-10-24T06:39:33+00:00","og_image":[{"width":700,"height":404,"url":"https:\/\/www.johannes-sieber.ch\/move\/wp-content\/uploads\/2024\/06\/JohannesSieber_2024Juni_by_Xenja_2-700x404.png","type":"image\/png"}],"author":"Johannes Sieber","twitter_card":"summary_large_image","twitter_creator":"@https:\/\/twitter.com\/JohannesSieber","twitter_site":"@JohannesSieber","twitter_misc":{"Verfasst von":"Johannes Sieber","Gesch\u00e4tzte Lesezeit":"1\u00a0Minute"},"schema":{"@context":"https:\/\/schema.org","@graph":[{"@type":"Article","@id":"https:\/\/www.johannes-sieber.ch\/move\/kultur-klima-stadt-menschen\/#article","isPartOf":{"@id":"https:\/\/www.johannes-sieber.ch\/move\/kultur-klima-stadt-menschen\/"},"author":{"name":"Johannes Sieber","@id":"https:\/\/www.johannes-sieber.ch\/move\/#\/schema\/person\/d92682c5f067a49d1c1f925bd5422e14"},"headline":"Wahlen 2024: Kultur, Klima, Stadt &amp; Menschen","datePublished":"2024-06-27T05:46:28+00:00","dateModified":"2024-10-24T06:39:33+00:00","mainEntityOfPage":{"@id":"https:\/\/www.johannes-sieber.ch\/move\/kultur-klima-stadt-menschen\/"},"wordCount":111,"publisher":{"@id":"https:\/\/www.johannes-sieber.ch\/move\/#\/schema\/person\/d92682c5f067a49d1c1f925bd5422e14"},"image":{"@id":"https:\/\/www.johannes-sieber.ch\/move\/kultur-klima-stadt-menschen\/#primaryimage"},"thumbnailUrl":"https:\/\/www.johannes-sieber.ch\/move\/wp-content\/uploads\/2024\/06\/JohannesSieber_2024Juni_by_Xenja_2.png","keywords":["Position","Wahlen"],"articleSection":["Grosser Rat","Wahlen"],"inLanguage":"de"},{"@type":"WebPage","@id":"https:\/\/www.johannes-sieber.ch\/move\/kultur-klima-stadt-menschen\/","url":"https:\/\/www.johannes-sieber.ch\/move\/kultur-klima-stadt-menschen\/","name":"Wahlen 2024: Kultur, Klima, Stadt &amp; Menschen - Johannes Sieber","isPartOf":{"@id":"https:\/\/www.johannes-sieber.ch\/move\/#website"},"primaryImageOfPage":{"@id":"https:\/\/www.johannes-sieber.ch\/move\/kultur-klima-stadt-menschen\/#primaryimage"},"image":{"@id":"https:\/\/www.johannes-sieber.ch\/move\/kultur-klima-stadt-menschen\/#primaryimage"},"thumbnailUrl":"https:\/\/www.johannes-sieber.ch\/move\/wp-content\/uploads\/2024\/06\/JohannesSieber_2024Juni_by_Xenja_2.png","datePublished":"2024-06-27T05:46:28+00:00","dateModified":"2024-10-24T06:39:33+00:00","breadcrumb":{"@id":"https:\/\/www.johannes-sieber.ch\/move\/kultur-klima-stadt-menschen\/#breadcrumb"},"inLanguage":"de","potentialAction":[{"@type":"ReadAction","target":["https:\/\/www.johannes-sieber.ch\/move\/kultur-klima-stadt-menschen\/"]}]},{"@type":"ImageObject","inLanguage":"de","@id":"https:\/\/www.johannes-sieber.ch\/move\/kultur-klima-stadt-menschen\/#primaryimage","url":"https:\/\/www.johannes-sieber.ch\/move\/wp-content\/uploads\/2024\/06\/JohannesSieber_2024Juni_by_Xenja_2.png","contentUrl":"https:\/\/www.johannes-sieber.ch\/move\/wp-content\/uploads\/2024\/06\/JohannesSieber_2024Juni_by_Xenja_2.png","width":2378,"height":1374,"caption":"Johannes Sieber"},{"@type":"BreadcrumbList","@id":"https:\/\/www.johannes-sieber.ch\/move\/kultur-klima-stadt-menschen\/#breadcrumb","itemListElement":[{"@type":"ListItem","position":1,"name":"Startseite","item":"https:\/\/www.johannes-sieber.ch\/move\/"},{"@type":"ListItem","position":2,"name":"Wahlen 2024: Kultur, Klima, Stadt &amp; Menschen"}]},{"@type":"WebSite","@id":"https:\/\/www.johannes-sieber.ch\/move\/#website","url":"https:\/\/www.johannes-sieber.ch\/move\/","name":"Johannes Sieber","description":"Notizen zu Kultur, Klima, Stadt &amp; Menschen","publisher":{"@id":"https:\/\/www.johannes-sieber.ch\/move\/#\/schema\/person\/d92682c5f067a49d1c1f925bd5422e14"},"potentialAction":[{"@type":"SearchAction","target":{"@type":"EntryPoint","urlTemplate":"https:\/\/www.johannes-sieber.ch\/move\/?s={search_term_string}"},"query-input":{"@type":"PropertyValueSpecification","valueRequired":true,"valueName":"search_term_string"}}],"inLanguage":"de"},{"@type":["Person","Organization"],"@id":"https:\/\/www.johannes-sieber.ch\/move\/#\/schema\/person\/d92682c5f067a49d1c1f925bd5422e14","name":"Johannes Sieber","image":{"@type":"ImageObject","inLanguage":"de","@id":"https:\/\/secure.gravatar.com\/avatar\/31f81941f5205fb74a8b0f15334401b3be15721e177e88208533a81bf8dae247?s=96&d=mm&r=g","url":"https:\/\/secure.gravatar.com\/avatar\/31f81941f5205fb74a8b0f15334401b3be15721e177e88208533a81bf8dae247?s=96&d=mm&r=g","contentUrl":"https:\/\/secure.gravatar.com\/avatar\/31f81941f5205fb74a8b0f15334401b3be15721e177e88208533a81bf8dae247?s=96&d=mm&r=g","caption":"Johannes Sieber"},"logo":{"@id":"https:\/\/secure.gravatar.com\/avatar\/31f81941f5205fb74a8b0f15334401b3be15721e177e88208533a81bf8dae247?s=96&d=mm&r=g"},"sameAs":["https:\/\/www.johannes-sieber.ch\/","https:\/\/www.instagram.com\/johannes__sieber","https:\/\/x.com\/https:\/\/twitter.com\/JohannesSieber"],"url":"https:\/\/www.johannes-sieber.ch\/move\/author\/admin\/"}]}},"jetpack_featured_media_url":"https:\/\/www.johannes-sieber.ch\/move\/wp-content\/uploads\/2024\/06\/JohannesSieber_2024Juni_by_Xenja_2.png","jetpack_sharing_enabled":true,"_links":{"self":[{"href":"https:\/\/www.johannes-sieber.ch\/move\/wp-json\/wp\/v2\/posts\/8031","targetHints":{"allow":["GET"]}}],"collection":[{"href":"https:\/\/www.johannes-sieber.ch\/move\/wp-json\/wp\/v2\/posts"}],"about":[{"href":"https:\/\/www.johannes-sieber.ch\/move\/wp-json\/wp\/v2\/types\/post"}],"author":[{"embeddable":true,"href":"https:\/\/www.johannes-sieber.ch\/move\/wp-json\/wp\/v2\/users\/1"}],"replies":[{"embeddable":true,"href":"https:\/\/www.johannes-sieber.ch\/move\/wp-json\/wp\/v2\/comments?post=8031"}],"version-history":[{"count":10,"href":"https:\/\/www.johannes-sieber.ch\/move\/wp-json\/wp\/v2\/posts\/8031\/revisions"}],"predecessor-version":[{"id":8583,"href":"https:\/\/www.johannes-sieber.ch\/move\/wp-json\/wp\/v2\/posts\/8031\/revisions\/8583"}],"wp:featuredmedia":[{"embeddable":true,"href":"https:\/\/www.johannes-sieber.ch\/move\/wp-json\/wp\/v2\/media\/7999"}],"wp:attachment":[{"href":"https:\/\/www.johannes-sieber.ch\/move\/wp-json\/wp\/v2\/media?parent=8031"}],"wp:term":[{"taxonomy":"category","embeddable":true,"href":"https:\/\/www.johannes-sieber.ch\/move\/wp-json\/wp\/v2\/categories?post=8031"},{"taxonomy":"post_tag","embeddable":true,"href":"https:\/\/www.johannes-sieber.ch\/move\/wp-json\/wp\/v2\/tags?post=8031"}],"curies":[{"name":"wp","href":"https:\/\/api.w.org\/{rel}","templated":true}]}}