{"id":8630,"date":"2024-11-25T06:00:00","date_gmt":"2024-11-25T05:00:00","guid":{"rendered":"https:\/\/www.johannes-sieber.ch\/move\/?p=8630"},"modified":"2024-11-26T07:54:24","modified_gmt":"2024-11-26T06:54:24","slug":"es-braucht-ein-nein-fuer-den-gemeinsamen-weg","status":"publish","type":"post","link":"https:\/\/www.johannes-sieber.ch\/move\/es-braucht-ein-nein-fuer-den-gemeinsamen-weg\/","title":{"rendered":"Bisherige Bem\u00fchungen f\u00fcr Vielfalt anerkannt"},"content":{"rendered":"\n<p class=\"wp-block-paragraph\">Die Musikvielfalts-Initiative wurde mit 64.36% Nein-Stimmen verworfen. Dieses Resultat ist eine Best\u00e4tigung f\u00fcr die bisherige Kulturpolitik der Stadt, die sich bereits stark f\u00fcr die Vielfalt engagiert. Auch ist es eine Anerkennung f\u00fcr die hervorragenden Leistungen der Kulturstadt Basel und ihrer vielen Kulturschaffenden, die seit Jahrzehnten mit enormem Engagement einen wichtigen gesellschaftlichen Beitrag leisten. Ich bin froh, dass damit eine ungl\u00fccklich formulierte Initiative vom Tisch ist, deren Umsetzung unabsehbare und gef\u00e4hrliche Folgen f\u00fcr das Kulturschaffen gehabt h\u00e4tte.<\/p>\n\n\n\n<p class=\"hinweisbox\">Online: Bajour, Notizen, 07.06.2021<br>\u00abEin Verteilkampf w\u00e4re definitiv eine Gefahr gewesen\u00bb<br> <a rel=\"noreferrer noopener\" href=\"https:\/\/bajour.ch\/a\/ein-verteilkampf-waere-definitiv-eine-gefahr-gewesen\" target=\"_blank\">Bajour<\/a> <\/p>\n\n\n\n<p class=\"hinweisbox\">Online: Basler Zeitung, M\u00e9lanie Honegger, 24.11.2024<br>Vorlage abgelehnt: Das Erdbeben in der Basler Kulturf\u00f6rderung bleibt aus<br> <a rel=\"noreferrer noopener\" href=\"https:\/\/www.bazonline.ch\/abstimmungen-initiative-fuer-mehr-musikvielfalt-abgelehnt-356998513875\" target=\"_blank\">Basler Zeitung<\/a> <\/p>\n\n\n\n<p class=\"wp-block-paragraph\"><em>Notiz vom 3. November 2024: <\/em>Bereits vor gut drei Jahren habe ich in meiner Stellungnahme zur ersten Fassung der \u00abMusikvielfalts-Initiative\u00bb betont, dass eine konstruktive Kulturpolitik <a href=\"https:\/\/www.johannes-sieber.ch\/move\/zur-initiative-der-ig-musik\/\">nicht auf Verteilungsk\u00e4mpfe setzen<\/a> sollte, sondern auf Inhalte. Zudem habe ich Beispiele aufgezeigt, wie dies m\u00f6glich w\u00e4re.<\/p>\n\n\n\n<p class=\"wp-block-paragraph\">Leider ist es der IG Musik in ihrer mehrj\u00e4hrigen Arbeit nicht gelungen, die Kulturszene hinter ihrem Anliegen zu vereinen. Stattdessen hat sie mit ihrer Konfrontation gegen das institutionelle Kulturschaffen einen tiefen Graben durch die Kulturstadt Basel gezogen. Warum nur.<\/p>\n\n\n\n<p class=\"wp-block-paragraph\">Die Idee, institutionelles von freiem Kulturschaffen zu trennen, und der Versuch, \u00fcber Verh\u00e4ltnisrechnungen eine Ungerechtigkeit darzustellen, ist absurd. Wir wissen, dass sich institutionelles und freies Kulturschaffen bedingen und gegenseitig bereichern. Institutionen sind wertvolle Auftraggeber \u2013 nicht nur f\u00fcr ihre Angestellten, sondern auch f\u00fcr die freie Szene. Institutionen durch eine Umverteilung zu schw\u00e4chen, ist unklug.<\/p>\n\n\n\n<p class=\"wp-block-paragraph\">Ebenso unklug ist es, die Gretchenfrage der Finanzierung des geforderten Drittels f\u00fcr das freie Musikschaffen an \u00abdie Politik\u00bb zu delegieren. Alle Stimmberechtigten sind Teil unserer Politik, sp\u00e4testens mit dem Lancieren einer Initiative. Sich aus dieser Verantwortung zur\u00fcckzuziehen und eine Umverteilung zu provozieren, ist der grosse Fehler der IG Musik.<\/p>\n\n\n\n<p class=\"wp-block-paragraph\">Der Verlauf der Debatte zeigt, dass die von der IG Musik angesprochenen Probleme l\u00e4ngst in der Politik angekommen sind. So war die Umsetzung der Trinkgeldinitiative mehrheitsf\u00e4hig, weil ihre Massnahmen auf prek\u00e4re Arbeitsbedingungen und Lebensumst\u00e4nde im Kulturbereich abzielen. Ebenso sollen k\u00fcnftig angemessene Honorare f\u00fcr Konzerte von Bands bezahlt werden, weshalb wir auf dieses Jahr die Clubf\u00f6rderung einf\u00fchrten.<\/p>\n\n\n\n<p class=\"wp-block-paragraph\">Die neu eingef\u00fchrten F\u00f6rderinstrumente sind sinnvoll, und es ist wichtig, nun ihre Wirkung abzuwarten. Die \u00abMusikvielfalts-Initiative\u00bb l\u00f6st diese Probleme weder schneller noch besser \u2013 vielmehr schafft sie neue Probleme. Sie f\u00fchrt zu Verteilungsk\u00e4mpfen und zur Spaltung der Kulturstadt Basel. Diese Spaltung gilt es zu verhindern.<\/p>\n\n\n\n<p class=\"wp-block-paragraph\">Deshalb braucht es ein NEIN zu dieser Initiative, um den bew\u00e4hrten gemeinsamen Weg f\u00fcr eine vielf\u00e4ltige Kulturstadt Basel fortzusetzen \u2013 weit \u00fcber die Musik hinaus.<\/p>\n\n\n\n<p class=\"hinweisbox\">Online: Johannes Sieber, Notizen, 07.06.2021<br>Ist Musikf\u00f6rderung gerecht?<br> <a rel=\"noreferrer noopener\" href=\"https:\/\/www.johannes-sieber.ch\/move\/ist-musikfoerderung-gerecht\/\" target=\"_blank\">Johannes Sieber, Notizen<\/a> <\/p>\n\n\n\n<p class=\"hinweisbox\">Online: Johannes Sieber, Notizen, 07.06.2021<br>Zur Initiative der IG-Musik<br> <a rel=\"noreferrer noopener\" href=\"https:\/\/www.johannes-sieber.ch\/move\/zur-initiative-der-ig-musik\/\" target=\"_blank\">Johannes Sieber, Notizen<\/a> <\/p>\n\n\n\n<p class=\"hinweisbox\">Online: Basler Zeitung, Melanie Honegger, 02.11.2024<br>Basel hat genug Kultur \u2013 vielleicht sogar zu viel<br> <a rel=\"noreferrer noopener\" href=\"https:\/\/www.bazonline.ch\/leitartikel-musikvielfaltsinitiative-basel-hat-genug-kultur-937721106488\" target=\"_blank\">Basler Zeitung<\/a> <\/p>\n\n\n\n<p class=\"hinweisbox\">Online: Basler Zeitung, Melanie Honegger, 02.11.2024<br>Basel hat genug Kultur \u2013 vielleicht sogar zu viel<br> <a rel=\"noreferrer noopener\" href=\"https:\/\/www.bazonline.ch\/leitartikel-musikvielfaltsinitiative-basel-hat-genug-kultur-937721106488\" target=\"_blank\">Basler Zeitung<\/a> <\/p>\n\n\n\n<p class=\"hinweisbox\">Online: Bajour, Johannes Sieber, 25.10.2024<br>Der B\u00e4rendienst des Pius Kn\u00fcsel, Replik<br> <a rel=\"noreferrer noopener\" href=\"https:\/\/bajour.ch\/a\/der-baerendienst-des-pius-knuesel\" target=\"_blank\">Bajour<\/a> <\/p>\n\n\n\n<p class=\"hinweisbox\">Online: Basler Zeitung, Melanie Honegger, 25.10.2024<br>\u00abEs l\u00e4uft auf einen Verteilkampf hinaus\u00bb<br> <a rel=\"noreferrer noopener\" href=\"https:\/\/www.bazonline.ch\/musikvielfalt-ansprueche-an-den-staat-sind-gestiegen-569339485692\" target=\"_blank\">Basler Zeitung<\/a> <\/p>\n\n\n\n<p class=\"hinweisbox\">Online: Prime News, Claude B\u00fchler, 09.10.2024<br>\u00abIhr wollt ein Grund\u00adein\u00adkom\u00admen!\u00bb \u2013 \u00abDas ist absurd!\u00bb<br> <a rel=\"noreferrer noopener\" href=\"https:\/\/primenews.ch\/articles\/2024\/10\/ihr-wollt-ein-grundeinkommen-das-ist-absurd\" target=\"_blank\">Basler Zeitung<\/a> <\/p>\n\n\n\n<p class=\"hinweisbox\">Online: bz &#8211; Zeitung f\u00fcr die Region Basel, Stefan Strittmatter, 08.12.2023<br>Eine Studie mit Sch\u00f6nheitsfehlern<br> <a rel=\"noreferrer noopener\" href=\"https:\/\/www.bzbasel.ch\/kultur\/basel\/kommentar-studie-mit-schoenheitsfehlern-ld.2553505\" target=\"_blank\">bz &#8211; Zeitung f\u00fcr die Region Basel<\/a> <\/p>\n\n\n\n<p class=\"hinweisbox wp-block-paragraph\">Online: Nein zur Spaltung, Website<br>Der Kulturstadt Basel Sorge tragen, Komitee<br> <a rel=\"noreferrer noopener\" href=\"https:\/\/www.nein-zur-spaltung.ch\" target=\"_blank\">Nein zur Spaltung<\/a> <\/p>\n\n\n\n<p class=\"fotoquelle wp-block-paragraph\">Foto: Visual Komitee Der Kulturstadt Basel Sorge tragen<\/p>\n","protected":false},"excerpt":{"rendered":"<p>Die Musikvielfalts-Initiative wurde mit 64.36% Nein-Stimmen verworfen. Dieses Resultat ist eine Best\u00e4tigung f\u00fcr die bisherige Kulturpolitik der Stadt, die sich bereits stark f\u00fcr die Vielfalt engagiert. Auch ist es eine Anerkennung f\u00fcr die hervorragenden Leistungen&#8230;<\/p>\n","protected":false},"author":1,"featured_media":8631,"comment_status":"closed","ping_status":"open","sticky":false,"template":"","format":"standard","meta":{"_jetpack_newsletter_access":"","_jetpack_dont_email_post_to_subs":false,"_jetpack_newsletter_tier_id":0,"_jetpack_memberships_contains_paywalled_content":false,"_jetpack_memberships_contains_paid_content":false,"footnotes":""},"categories":[157,81],"tags":[15,11],"class_list":["post-8630","post","type-post","status-publish","format-standard","has-post-thumbnail","hentry","category-abstimmung","category-gedanke","tag-kultur","tag-politik"],"yoast_head":"<!-- This site is optimized with the Yoast SEO plugin v28.4 - https:\/\/yoast.com\/product\/yoast-seo-wordpress\/ -->\n<title>Bisherige Bem\u00fchungen f\u00fcr Vielfalt anerkannt - Johannes Sieber<\/title>\n<meta name=\"robots\" content=\"index, follow, max-snippet:-1, max-image-preview:large, max-video-preview:-1\" \/>\n<link rel=\"canonical\" href=\"https:\/\/www.johannes-sieber.ch\/move\/es-braucht-ein-nein-fuer-den-gemeinsamen-weg\/\" \/>\n<meta property=\"og:locale\" content=\"de_DE\" \/>\n<meta property=\"og:type\" content=\"article\" \/>\n<meta property=\"og:title\" content=\"Bisherige Bem\u00fchungen f\u00fcr Vielfalt anerkannt - Johannes Sieber\" \/>\n<meta property=\"og:description\" content=\"Die Musikvielfalts-Initiative wurde mit 64.36% Nein-Stimmen verworfen. Dieses Resultat ist eine Best\u00e4tigung f\u00fcr die bisherige Kulturpolitik der Stadt, die sich bereits stark f\u00fcr die Vielfalt engagiert. Auch ist es eine Anerkennung f\u00fcr die hervorragenden Leistungen...\" \/>\n<meta property=\"og:url\" content=\"https:\/\/www.johannes-sieber.ch\/move\/es-braucht-ein-nein-fuer-den-gemeinsamen-weg\/\" \/>\n<meta property=\"og:site_name\" content=\"Johannes Sieber\" \/>\n<meta property=\"article:published_time\" content=\"2024-11-25T05:00:00+00:00\" \/>\n<meta property=\"article:modified_time\" content=\"2024-11-26T06:54:24+00:00\" \/>\n<meta property=\"og:image\" content=\"https:\/\/www.johannes-sieber.ch\/move\/wp-content\/uploads\/2024\/11\/Untitled-1.jpg\" \/>\n\t<meta property=\"og:image:width\" content=\"2160\" \/>\n\t<meta property=\"og:image:height\" content=\"1049\" \/>\n\t<meta property=\"og:image:type\" content=\"image\/jpeg\" \/>\n<meta name=\"author\" content=\"Johannes Sieber\" \/>\n<meta name=\"twitter:card\" content=\"summary_large_image\" \/>\n<meta name=\"twitter:creator\" content=\"@https:\/\/twitter.com\/JohannesSieber\" \/>\n<meta name=\"twitter:site\" content=\"@JohannesSieber\" \/>\n<meta name=\"twitter:label1\" content=\"Verfasst von\" \/>\n\t<meta name=\"twitter:data1\" content=\"Johannes Sieber\" \/>\n\t<meta name=\"twitter:label2\" content=\"Gesch\u00e4tzte Lesezeit\" \/>\n\t<meta name=\"twitter:data2\" content=\"4\u00a0Minuten\" \/>\n<script type=\"application\/ld+json\" class=\"yoast-schema-graph\">{\"@context\":\"https:\\\/\\\/schema.org\",\"@graph\":[{\"@type\":\"Article\",\"@id\":\"https:\\\/\\\/www.johannes-sieber.ch\\\/move\\\/es-braucht-ein-nein-fuer-den-gemeinsamen-weg\\\/#article\",\"isPartOf\":{\"@id\":\"https:\\\/\\\/www.johannes-sieber.ch\\\/move\\\/es-braucht-ein-nein-fuer-den-gemeinsamen-weg\\\/\"},\"author\":{\"name\":\"Johannes Sieber\",\"@id\":\"https:\\\/\\\/www.johannes-sieber.ch\\\/move\\\/#\\\/schema\\\/person\\\/d92682c5f067a49d1c1f925bd5422e14\"},\"headline\":\"Bisherige Bem\u00fchungen f\u00fcr Vielfalt anerkannt\",\"datePublished\":\"2024-11-25T05:00:00+00:00\",\"dateModified\":\"2024-11-26T06:54:24+00:00\",\"mainEntityOfPage\":{\"@id\":\"https:\\\/\\\/www.johannes-sieber.ch\\\/move\\\/es-braucht-ein-nein-fuer-den-gemeinsamen-weg\\\/\"},\"wordCount\":595,\"publisher\":{\"@id\":\"https:\\\/\\\/www.johannes-sieber.ch\\\/move\\\/#\\\/schema\\\/person\\\/d92682c5f067a49d1c1f925bd5422e14\"},\"image\":{\"@id\":\"https:\\\/\\\/www.johannes-sieber.ch\\\/move\\\/es-braucht-ein-nein-fuer-den-gemeinsamen-weg\\\/#primaryimage\"},\"thumbnailUrl\":\"https:\\\/\\\/www.johannes-sieber.ch\\\/move\\\/wp-content\\\/uploads\\\/2024\\\/11\\\/Untitled-1.jpg\",\"keywords\":[\"Kultur\",\"Politik\"],\"articleSection\":[\"Abstimmung\",\"Gedanke\"],\"inLanguage\":\"de\"},{\"@type\":\"WebPage\",\"@id\":\"https:\\\/\\\/www.johannes-sieber.ch\\\/move\\\/es-braucht-ein-nein-fuer-den-gemeinsamen-weg\\\/\",\"url\":\"https:\\\/\\\/www.johannes-sieber.ch\\\/move\\\/es-braucht-ein-nein-fuer-den-gemeinsamen-weg\\\/\",\"name\":\"Bisherige Bem\u00fchungen f\u00fcr Vielfalt anerkannt - Johannes Sieber\",\"isPartOf\":{\"@id\":\"https:\\\/\\\/www.johannes-sieber.ch\\\/move\\\/#website\"},\"primaryImageOfPage\":{\"@id\":\"https:\\\/\\\/www.johannes-sieber.ch\\\/move\\\/es-braucht-ein-nein-fuer-den-gemeinsamen-weg\\\/#primaryimage\"},\"image\":{\"@id\":\"https:\\\/\\\/www.johannes-sieber.ch\\\/move\\\/es-braucht-ein-nein-fuer-den-gemeinsamen-weg\\\/#primaryimage\"},\"thumbnailUrl\":\"https:\\\/\\\/www.johannes-sieber.ch\\\/move\\\/wp-content\\\/uploads\\\/2024\\\/11\\\/Untitled-1.jpg\",\"datePublished\":\"2024-11-25T05:00:00+00:00\",\"dateModified\":\"2024-11-26T06:54:24+00:00\",\"breadcrumb\":{\"@id\":\"https:\\\/\\\/www.johannes-sieber.ch\\\/move\\\/es-braucht-ein-nein-fuer-den-gemeinsamen-weg\\\/#breadcrumb\"},\"inLanguage\":\"de\",\"potentialAction\":[{\"@type\":\"ReadAction\",\"target\":[\"https:\\\/\\\/www.johannes-sieber.ch\\\/move\\\/es-braucht-ein-nein-fuer-den-gemeinsamen-weg\\\/\"]}]},{\"@type\":\"ImageObject\",\"inLanguage\":\"de\",\"@id\":\"https:\\\/\\\/www.johannes-sieber.ch\\\/move\\\/es-braucht-ein-nein-fuer-den-gemeinsamen-weg\\\/#primaryimage\",\"url\":\"https:\\\/\\\/www.johannes-sieber.ch\\\/move\\\/wp-content\\\/uploads\\\/2024\\\/11\\\/Untitled-1.jpg\",\"contentUrl\":\"https:\\\/\\\/www.johannes-sieber.ch\\\/move\\\/wp-content\\\/uploads\\\/2024\\\/11\\\/Untitled-1.jpg\",\"width\":2160,\"height\":1049,\"caption\":\"Der Kulturstadt Basel Sorge tragen\"},{\"@type\":\"BreadcrumbList\",\"@id\":\"https:\\\/\\\/www.johannes-sieber.ch\\\/move\\\/es-braucht-ein-nein-fuer-den-gemeinsamen-weg\\\/#breadcrumb\",\"itemListElement\":[{\"@type\":\"ListItem\",\"position\":1,\"name\":\"Startseite\",\"item\":\"https:\\\/\\\/www.johannes-sieber.ch\\\/move\\\/\"},{\"@type\":\"ListItem\",\"position\":2,\"name\":\"Bisherige Bem\u00fchungen f\u00fcr Vielfalt anerkannt\"}]},{\"@type\":\"WebSite\",\"@id\":\"https:\\\/\\\/www.johannes-sieber.ch\\\/move\\\/#website\",\"url\":\"https:\\\/\\\/www.johannes-sieber.ch\\\/move\\\/\",\"name\":\"Johannes Sieber\",\"description\":\"Notizen zu Kultur, Klima, Stadt &amp; Menschen\",\"publisher\":{\"@id\":\"https:\\\/\\\/www.johannes-sieber.ch\\\/move\\\/#\\\/schema\\\/person\\\/d92682c5f067a49d1c1f925bd5422e14\"},\"potentialAction\":[{\"@type\":\"SearchAction\",\"target\":{\"@type\":\"EntryPoint\",\"urlTemplate\":\"https:\\\/\\\/www.johannes-sieber.ch\\\/move\\\/?s={search_term_string}\"},\"query-input\":{\"@type\":\"PropertyValueSpecification\",\"valueRequired\":true,\"valueName\":\"search_term_string\"}}],\"inLanguage\":\"de\"},{\"@type\":[\"Person\",\"Organization\"],\"@id\":\"https:\\\/\\\/www.johannes-sieber.ch\\\/move\\\/#\\\/schema\\\/person\\\/d92682c5f067a49d1c1f925bd5422e14\",\"name\":\"Johannes Sieber\",\"image\":{\"@type\":\"ImageObject\",\"inLanguage\":\"de\",\"@id\":\"https:\\\/\\\/secure.gravatar.com\\\/avatar\\\/31f81941f5205fb74a8b0f15334401b3be15721e177e88208533a81bf8dae247?s=96&d=mm&r=g\",\"url\":\"https:\\\/\\\/secure.gravatar.com\\\/avatar\\\/31f81941f5205fb74a8b0f15334401b3be15721e177e88208533a81bf8dae247?s=96&d=mm&r=g\",\"contentUrl\":\"https:\\\/\\\/secure.gravatar.com\\\/avatar\\\/31f81941f5205fb74a8b0f15334401b3be15721e177e88208533a81bf8dae247?s=96&d=mm&r=g\",\"caption\":\"Johannes Sieber\"},\"logo\":{\"@id\":\"https:\\\/\\\/secure.gravatar.com\\\/avatar\\\/31f81941f5205fb74a8b0f15334401b3be15721e177e88208533a81bf8dae247?s=96&d=mm&r=g\"},\"sameAs\":[\"https:\\\/\\\/www.johannes-sieber.ch\\\/\",\"https:\\\/\\\/www.instagram.com\\\/johannes__sieber\",\"https:\\\/\\\/x.com\\\/https:\\\/\\\/twitter.com\\\/JohannesSieber\"],\"url\":\"https:\\\/\\\/www.johannes-sieber.ch\\\/move\\\/author\\\/admin\\\/\"}]}<\/script>\n<!-- \/ Yoast SEO plugin. -->","yoast_head_json":{"title":"Bisherige Bem\u00fchungen f\u00fcr Vielfalt anerkannt - Johannes Sieber","robots":{"index":"index","follow":"follow","max-snippet":"max-snippet:-1","max-image-preview":"max-image-preview:large","max-video-preview":"max-video-preview:-1"},"canonical":"https:\/\/www.johannes-sieber.ch\/move\/es-braucht-ein-nein-fuer-den-gemeinsamen-weg\/","og_locale":"de_DE","og_type":"article","og_title":"Bisherige Bem\u00fchungen f\u00fcr Vielfalt anerkannt - Johannes Sieber","og_description":"Die Musikvielfalts-Initiative wurde mit 64.36% Nein-Stimmen verworfen. Dieses Resultat ist eine Best\u00e4tigung f\u00fcr die bisherige Kulturpolitik der Stadt, die sich bereits stark f\u00fcr die Vielfalt engagiert. Auch ist es eine Anerkennung f\u00fcr die hervorragenden Leistungen...","og_url":"https:\/\/www.johannes-sieber.ch\/move\/es-braucht-ein-nein-fuer-den-gemeinsamen-weg\/","og_site_name":"Johannes Sieber","article_published_time":"2024-11-25T05:00:00+00:00","article_modified_time":"2024-11-26T06:54:24+00:00","og_image":[{"width":2160,"height":1049,"url":"https:\/\/www.johannes-sieber.ch\/move\/wp-content\/uploads\/2024\/11\/Untitled-1.jpg","type":"image\/jpeg"}],"author":"Johannes Sieber","twitter_card":"summary_large_image","twitter_creator":"@https:\/\/twitter.com\/JohannesSieber","twitter_site":"@JohannesSieber","twitter_misc":{"Verfasst von":"Johannes Sieber","Gesch\u00e4tzte Lesezeit":"4\u00a0Minuten"},"schema":{"@context":"https:\/\/schema.org","@graph":[{"@type":"Article","@id":"https:\/\/www.johannes-sieber.ch\/move\/es-braucht-ein-nein-fuer-den-gemeinsamen-weg\/#article","isPartOf":{"@id":"https:\/\/www.johannes-sieber.ch\/move\/es-braucht-ein-nein-fuer-den-gemeinsamen-weg\/"},"author":{"name":"Johannes Sieber","@id":"https:\/\/www.johannes-sieber.ch\/move\/#\/schema\/person\/d92682c5f067a49d1c1f925bd5422e14"},"headline":"Bisherige Bem\u00fchungen f\u00fcr Vielfalt anerkannt","datePublished":"2024-11-25T05:00:00+00:00","dateModified":"2024-11-26T06:54:24+00:00","mainEntityOfPage":{"@id":"https:\/\/www.johannes-sieber.ch\/move\/es-braucht-ein-nein-fuer-den-gemeinsamen-weg\/"},"wordCount":595,"publisher":{"@id":"https:\/\/www.johannes-sieber.ch\/move\/#\/schema\/person\/d92682c5f067a49d1c1f925bd5422e14"},"image":{"@id":"https:\/\/www.johannes-sieber.ch\/move\/es-braucht-ein-nein-fuer-den-gemeinsamen-weg\/#primaryimage"},"thumbnailUrl":"https:\/\/www.johannes-sieber.ch\/move\/wp-content\/uploads\/2024\/11\/Untitled-1.jpg","keywords":["Kultur","Politik"],"articleSection":["Abstimmung","Gedanke"],"inLanguage":"de"},{"@type":"WebPage","@id":"https:\/\/www.johannes-sieber.ch\/move\/es-braucht-ein-nein-fuer-den-gemeinsamen-weg\/","url":"https:\/\/www.johannes-sieber.ch\/move\/es-braucht-ein-nein-fuer-den-gemeinsamen-weg\/","name":"Bisherige Bem\u00fchungen f\u00fcr Vielfalt anerkannt - Johannes Sieber","isPartOf":{"@id":"https:\/\/www.johannes-sieber.ch\/move\/#website"},"primaryImageOfPage":{"@id":"https:\/\/www.johannes-sieber.ch\/move\/es-braucht-ein-nein-fuer-den-gemeinsamen-weg\/#primaryimage"},"image":{"@id":"https:\/\/www.johannes-sieber.ch\/move\/es-braucht-ein-nein-fuer-den-gemeinsamen-weg\/#primaryimage"},"thumbnailUrl":"https:\/\/www.johannes-sieber.ch\/move\/wp-content\/uploads\/2024\/11\/Untitled-1.jpg","datePublished":"2024-11-25T05:00:00+00:00","dateModified":"2024-11-26T06:54:24+00:00","breadcrumb":{"@id":"https:\/\/www.johannes-sieber.ch\/move\/es-braucht-ein-nein-fuer-den-gemeinsamen-weg\/#breadcrumb"},"inLanguage":"de","potentialAction":[{"@type":"ReadAction","target":["https:\/\/www.johannes-sieber.ch\/move\/es-braucht-ein-nein-fuer-den-gemeinsamen-weg\/"]}]},{"@type":"ImageObject","inLanguage":"de","@id":"https:\/\/www.johannes-sieber.ch\/move\/es-braucht-ein-nein-fuer-den-gemeinsamen-weg\/#primaryimage","url":"https:\/\/www.johannes-sieber.ch\/move\/wp-content\/uploads\/2024\/11\/Untitled-1.jpg","contentUrl":"https:\/\/www.johannes-sieber.ch\/move\/wp-content\/uploads\/2024\/11\/Untitled-1.jpg","width":2160,"height":1049,"caption":"Der Kulturstadt Basel Sorge tragen"},{"@type":"BreadcrumbList","@id":"https:\/\/www.johannes-sieber.ch\/move\/es-braucht-ein-nein-fuer-den-gemeinsamen-weg\/#breadcrumb","itemListElement":[{"@type":"ListItem","position":1,"name":"Startseite","item":"https:\/\/www.johannes-sieber.ch\/move\/"},{"@type":"ListItem","position":2,"name":"Bisherige Bem\u00fchungen f\u00fcr Vielfalt anerkannt"}]},{"@type":"WebSite","@id":"https:\/\/www.johannes-sieber.ch\/move\/#website","url":"https:\/\/www.johannes-sieber.ch\/move\/","name":"Johannes Sieber","description":"Notizen zu Kultur, Klima, Stadt &amp; Menschen","publisher":{"@id":"https:\/\/www.johannes-sieber.ch\/move\/#\/schema\/person\/d92682c5f067a49d1c1f925bd5422e14"},"potentialAction":[{"@type":"SearchAction","target":{"@type":"EntryPoint","urlTemplate":"https:\/\/www.johannes-sieber.ch\/move\/?s={search_term_string}"},"query-input":{"@type":"PropertyValueSpecification","valueRequired":true,"valueName":"search_term_string"}}],"inLanguage":"de"},{"@type":["Person","Organization"],"@id":"https:\/\/www.johannes-sieber.ch\/move\/#\/schema\/person\/d92682c5f067a49d1c1f925bd5422e14","name":"Johannes Sieber","image":{"@type":"ImageObject","inLanguage":"de","@id":"https:\/\/secure.gravatar.com\/avatar\/31f81941f5205fb74a8b0f15334401b3be15721e177e88208533a81bf8dae247?s=96&d=mm&r=g","url":"https:\/\/secure.gravatar.com\/avatar\/31f81941f5205fb74a8b0f15334401b3be15721e177e88208533a81bf8dae247?s=96&d=mm&r=g","contentUrl":"https:\/\/secure.gravatar.com\/avatar\/31f81941f5205fb74a8b0f15334401b3be15721e177e88208533a81bf8dae247?s=96&d=mm&r=g","caption":"Johannes Sieber"},"logo":{"@id":"https:\/\/secure.gravatar.com\/avatar\/31f81941f5205fb74a8b0f15334401b3be15721e177e88208533a81bf8dae247?s=96&d=mm&r=g"},"sameAs":["https:\/\/www.johannes-sieber.ch\/","https:\/\/www.instagram.com\/johannes__sieber","https:\/\/x.com\/https:\/\/twitter.com\/JohannesSieber"],"url":"https:\/\/www.johannes-sieber.ch\/move\/author\/admin\/"}]}},"jetpack_sharing_enabled":true,"jetpack_featured_media_url":"https:\/\/www.johannes-sieber.ch\/move\/wp-content\/uploads\/2024\/11\/Untitled-1.jpg","_links":{"self":[{"href":"https:\/\/www.johannes-sieber.ch\/move\/wp-json\/wp\/v2\/posts\/8630","targetHints":{"allow":["GET"]}}],"collection":[{"href":"https:\/\/www.johannes-sieber.ch\/move\/wp-json\/wp\/v2\/posts"}],"about":[{"href":"https:\/\/www.johannes-sieber.ch\/move\/wp-json\/wp\/v2\/types\/post"}],"author":[{"embeddable":true,"href":"https:\/\/www.johannes-sieber.ch\/move\/wp-json\/wp\/v2\/users\/1"}],"replies":[{"embeddable":true,"href":"https:\/\/www.johannes-sieber.ch\/move\/wp-json\/wp\/v2\/comments?post=8630"}],"version-history":[{"count":24,"href":"https:\/\/www.johannes-sieber.ch\/move\/wp-json\/wp\/v2\/posts\/8630\/revisions"}],"predecessor-version":[{"id":8688,"href":"https:\/\/www.johannes-sieber.ch\/move\/wp-json\/wp\/v2\/posts\/8630\/revisions\/8688"}],"wp:featuredmedia":[{"embeddable":true,"href":"https:\/\/www.johannes-sieber.ch\/move\/wp-json\/wp\/v2\/media\/8631"}],"wp:attachment":[{"href":"https:\/\/www.johannes-sieber.ch\/move\/wp-json\/wp\/v2\/media?parent=8630"}],"wp:term":[{"taxonomy":"category","embeddable":true,"href":"https:\/\/www.johannes-sieber.ch\/move\/wp-json\/wp\/v2\/categories?post=8630"},{"taxonomy":"post_tag","embeddable":true,"href":"https:\/\/www.johannes-sieber.ch\/move\/wp-json\/wp\/v2\/tags?post=8630"}],"curies":[{"name":"wp","href":"https:\/\/api.w.org\/{rel}","templated":true}]}}